{"id":35850,"date":"2026-04-27T16:44:30","date_gmt":"2026-04-27T19:44:30","guid":{"rendered":"https:\/\/agencia.unq.edu.ar\/?p=35850"},"modified":"2026-04-27T16:44:30","modified_gmt":"2026-04-27T19:44:30","slug":"debate-publico-en-argentina-el-libro-que-recupera-la-experiencia-de-carta-abierta","status":"publish","type":"post","link":"https:\/\/agencia.unq.edu.ar\/?p=35850","title":{"rendered":"\u201cDebate p\u00fablico en Argentina\u201d: el libro que recupera la experiencia de Carta Abierta"},"content":{"rendered":"\n<p class=\"wp-embed-aspect-16-9 wp-has-aspect-ratio has-medium-font-size\" id=\"block-e7a9ff36-ee0c-4796-9d2e-1fd69773da3a\">Magdalena Biota, su autora, narra la emergencia de una voz colectiva que busc\u00f3 intervenir en la coyuntura pol\u00edtica y dej\u00f3 huella.&nbsp;<\/p>\n\n\n\n<figure class=\"wp-block-image aligncenter size-full\" id=\"block-c3ee2a7f-4bf9-43dd-a0f6-8acc1087bdbe\" style=\"margin-top:0px;margin-bottom:0px\"><img loading=\"lazy\" decoding=\"async\" width=\"1040\" height=\"420\" src=\"https:\/\/agencia.unq.edu.ar\/wp-content\/uploads\/2026\/04\/carta-abierta-clarin.jpg\" alt=\"Horacio Gonz\u00e1lez en una charla de Carta Abierta, en la Facultad de filosof\u00eda y letras.\" class=\"wp-image-35859\"\/><figcaption class=\"wp-element-caption\">Horacio Gonz\u00e1lez en una charla de Carta Abierta, en la Facultad de filosof\u00eda y letras. Fotograf\u00eda: Mart\u00edn Bonetto. Cr\u00e9ditos: Clar\u00edn.<\/figcaption><\/figure>\n\n\n\n<article class=\"wp-block-uagb-container uagb-layout-flex uagb-block-a41cc8eb default uagb-is-root-container\">\n<figure class=\"wp-block-uagb-container uagb-block-bb513af8\"><div style=\"color:#ac162c; line-height:0; padding-top:0;padding-bottom:0;padding-left:0;padding-right:0;\" class=\"has-text-align-center wp-elements-3de2e42bf1941d977bdf57d61182fa43 wp-block-post-time-to-read has-text-color\">9 minutos<\/div><\/figure>\n<\/article>\n\n\n\n<p class=\"has-medium-font-size\"><em>Por Mat\u00edas Blaustein<\/em><\/p>\n\n\n\n<p>La publicaci\u00f3n de&nbsp;<em>Debate p\u00fablico en Argentina. La experiencia de Carta Abierta (2008-2019)<\/em>&nbsp;de Magdalena&nbsp;Biota&nbsp;constituye, sin lugar a duda, uno de los aportes m\u00e1s s\u00f3lidos, rigurosos y a la vez estil\u00edsticamente logrados para pensar la relaci\u00f3n entre intelectualidad, lenguaje y pol\u00edtica en la Argentina contempor\u00e1nea. Editado por Nido de Vacas en 2026, el libro se inscribe en una tradici\u00f3n ensay\u00edstica nacional que concibe la escritura como una forma de intervenci\u00f3n en lo real, pero lo hace desde una perspectiva anal\u00edtica renovadora, nutrida por el an\u00e1lisis cr\u00edtico del discurso y la historia intelectual.<\/p>\n\n\n\n<p>Desde sus primeras p\u00e1ginas, <strong>el texto deja en claro su doble filiaci\u00f3n: por un lado, es una obra de intervenci\u00f3n, comprometida con los problemas del presente; por el otro, es el resultado de una investigaci\u00f3n acad\u00e9mica de gran envergadura<\/strong>. En efecto, <strong>el libro se basa en la tesis doctoral en Ciencias Sociales y Humanas de la autora, titulada&nbsp;<em>\u201cEspacio Carta Abierta: enunciaci\u00f3n y g\u00e9nero discursivo en el debate p\u00fablico (Argentina, 2008-2019)\u201d <\/em>(Universidad Nacional de Quilmes).<\/strong> Esta procedencia no solo se evidencia en la rigurosidad metodol\u00f3gica del trabajo, sino tambi\u00e9n en la precisi\u00f3n conceptual y en la solidez del aparato te\u00f3rico que sostiene el an\u00e1lisis. Lejos de encorsetar la escritura, este origen acad\u00e9mico potencia una prosa que logra articular densidad conceptual con una notable fluidez expresiva.<\/p>\n\n\n\n<figure class=\"wp-block-image aligncenter size-full\"><img loading=\"lazy\" decoding=\"async\" width=\"700\" height=\"489\" src=\"https:\/\/agencia.unq.edu.ar\/wp-content\/uploads\/2026\/04\/Debate-publico-en-Argentina-Magdalena-Biota.jpg\" alt=\"Ejemplares de \u201cDebate p\u00fablico en Argentina\u201d. La experiencia de Carta Abierta (2008-2019), de Magdalena Biota.\" class=\"wp-image-35862\"\/><figcaption class=\"wp-element-caption\">Ejemplares de \u201cDebate p\u00fablico en Argentina\u201d. La experiencia de Carta Abierta (2008-2019), de Magdalena Biota.  Cr\u00e9ditos: Editorial Nido de Vacas.<\/figcaption><\/figure>\n\n\n\n<p>Uno de los grandes m\u00e9ritos del libro reside en su capacidad para <strong>reconstruir la experiencia de Carta Abierta no como un objeto cerrado o meramente hist\u00f3rico, sino como un laboratorio discursivo en el que se ponen en juego las tensiones centrales del debate p\u00fablico argentino<\/strong>.&nbsp;Biota&nbsp;no se limita a narrar los acontecimientos ni a describir las intervenciones del colectivo; su apuesta es m\u00e1s ambiciosa: <strong>indagar en las condiciones de posibilidad de una enunciaci\u00f3n colectiva, en sus formas ret\u00f3ricas, en sus efectos pol\u00edticos y en sus l\u00edmites.<\/strong><\/p>\n\n\n\n<h2 class=\"wp-block-heading\"><strong>El origen<\/strong><\/h2>\n\n\n\n<p>En este sentido, el libro ofrece una reconstrucci\u00f3n minuciosa del surgimiento del espacio Carta Abierta, que resulta fundamental para comprender su posterior desarrollo. Tal como se describe el libro, <strong>Carta Abierta comenz\u00f3 a partir de una charla entre Nicol\u00e1s Casullo y Horacio Gonz\u00e1lez. Ellos despu\u00e9s convocaron a Ricardo Forster, a Rodolfo Hamawi y a algunos m\u00e1s, y organizaron la primera reuni\u00f3n en la Biblioteca Nacional.<\/strong> En esa reuni\u00f3n estuvieron Jaime Sor\u00edn, Mar\u00eda P\u00eda L\u00f3pez, Carlos Girotti, Aurelio Narvaja, Eduardo Jozami, Eduardo Dvorkin, Mary S\u00e1nchez y Lilia Ferreyra. Al poco tiempo se fueron sumando otros referentes de la pol\u00edtica y la cultura del pa\u00eds, como Telma Luzzani, Horacio Verbitsky y David Blaustein. A la primera Asamblea asistieron 150 personas y en la segunda ya eran 300, de modo que el crecimiento de la participaci\u00f3n fue exponencial.<\/p>\n\n\n\n<p>Este pasaje, de gran valor documental, <strong>condensa la g\u00e9nesis de una experiencia que r\u00e1pidamente desbord\u00f3 los m\u00e1rgenes de un grupo inicial para convertirse en un actor relevante del debate p\u00fablico<\/strong>.&nbsp;Biota&nbsp;logra captar ese momento fundacional no solo como un hecho hist\u00f3rico, sino como un acontecimiento discursivo: <strong>la emergencia de una voz colectiva que se propone intervenir en la coyuntura pol\u00edtica a trav\u00e9s de un g\u00e9nero espec\u00edfico, la carta abierta.<\/strong><\/p>\n\n\n\n<h2 class=\"wp-block-heading\"><strong>Con lenguaje propio<\/strong><\/h2>\n\n\n\n<p>El an\u00e1lisis del g\u00e9nero discursivo constituye, precisamente, uno de los n\u00facleos m\u00e1s originales y productivos del libro. Lejos de considerar las cartas como meros documentos, la autora las aborda como formas de acci\u00f3n simb\u00f3lica, inscriptas en una tradici\u00f3n que combina ensayo, manifiesto y ep\u00edstola. Esta perspectiva permite comprender <strong>c\u00f3mo el lenguaje no es un simple veh\u00edculo de ideas, sino un campo de disputa en s\u00ed mismo<\/strong>. En este punto, el trabajo dialoga con tradiciones te\u00f3ricas diversas \u2014desde Bajt\u00edn hasta Foucault\u2014, pero lo hace con una apropiaci\u00f3n creativa, evitando el exhibicionismo conceptual.<\/p>\n\n\n\n<figure class=\"wp-block-image aligncenter size-full\"><img loading=\"lazy\" decoding=\"async\" width=\"700\" height=\"1050\" src=\"https:\/\/agencia.unq.edu.ar\/wp-content\/uploads\/2026\/04\/magdalena-biota.jpg\" alt=\"Magdalena Biota, autora de \u201cDebate p\u00fablico en Argentina\u201d.\" class=\"wp-image-35861\"\/><figcaption class=\"wp-element-caption\">Magdalena Biota, autora de \u201cDebate p\u00fablico en Argentina\u201d.<br><\/figcaption><\/figure>\n\n\n\n<p><strong>La escritura de&nbsp;Biota&nbsp;merece una menci\u00f3n especial. Su prosa, elegante y precisa, logra un equilibrio poco frecuente entre densidad anal\u00edtica y claridad expositiva. <\/strong>Hay en su estilo una sensibilidad ensay\u00edstica que remite a la mejor tradici\u00f3n intelectual argentina, pero tambi\u00e9n una voluntad de precisi\u00f3n que es propia del trabajo acad\u00e9mico. Esa doble pertenencia se traduce en una \u201cpluma\u201d que no renuncia ni a la complejidad ni a la comunicabilidad, evitando tanto el hermetismo como la simplificaci\u00f3n.<\/p>\n\n\n\n<p>Este cuidado por el lenguaje no es un rasgo meramente formal, sino que est\u00e1 profundamente ligado al objeto de estudio. Como muestra el libro, <strong>una de las apuestas centrales de Carta Abierta fue precisamente la construcci\u00f3n de un lenguaje propio, capaz de resistir la \u201ctransparencia extorsiva\u201d de los discursos medi\u00e1ticos.&nbsp;<\/strong>Biota&nbsp;analiza con agudeza esta dimensi\u00f3n, destacando c\u00f3mo el barroquismo ret\u00f3rico del colectivo funcion\u00f3 como una forma de resistencia frente a la simplificaci\u00f3n del debate p\u00fablico.<\/p>\n\n\n\n<p>Pero el elogio del libro no implica en absoluto una mirada acr\u00edtica sobre su objeto. Por el contrario, uno de sus mayores logros es precisamente su capacidad para pensar cr\u00edticamente la experiencia de Carta Abierta, incluso desde una evidente cercan\u00eda intelectual.&nbsp;Biota&nbsp;no idealiza al colectivo: <strong>reconoce sus tensiones internas, sus l\u00edmites en t\u00e9rminos de alcance social y las dificultades inherentes a toda enunciaci\u00f3n colectiva.<\/strong><\/p>\n\n\n\n<h2 class=\"wp-block-heading\"><strong>A tu elocuencia le falta llegada<\/strong><\/h2>\n\n\n\n<p>En particular, el libro subraya un problema central: la distancia entre la densidad conceptual del discurso cartista y su capacidad de interpelaci\u00f3n m\u00e1s all\u00e1 de los c\u00edrculos intelectuales. La an\u00e9cdota \u2014recuperada en el pr\u00f3logo\u2014 de que, tras largas discusiones, los intelectuales no lograban convencer ni siquiera a un mozo de bar, funciona como una met\u00e1fora potente de ese l\u00edmite.&nbsp;Biota&nbsp;no elude esta cuesti\u00f3n, sino que la convierte en un eje de an\u00e1lisis: <strong>\u00bfhasta qu\u00e9 punto la complejidad del lenguaje fortalece o debilita la intervenci\u00f3n pol\u00edtica?<\/strong><\/p>\n\n\n\n<p>Asimismo, el libro ofrece una lectura aguda del contexto medi\u00e1tico en el que se inscribe la experiencia de Carta Abierta. La autora muestra c\u00f3mo la expansi\u00f3n de los medios digitales y la l\u00f3gica de la inmediatez transformaron las condiciones del debate p\u00fablico, favoreciendo la proliferaci\u00f3n de opiniones en detrimento de la argumentaci\u00f3n. En ese escenario, la apuesta por un discurso ensay\u00edstico y denso aparece como una forma de resistencia, pero tambi\u00e9n como una fuente de tensiones.<\/p>\n\n\n\n<p>Otro aspecto destacable es la periodizaci\u00f3n que propone&nbsp;Biota, distinguiendo entre el momento fundacional, la etapa de radicalizaci\u00f3n y el per\u00edodo de repliegue del colectivo. <strong>Esta reconstrucci\u00f3n permite comprender c\u00f3mo las condiciones pol\u00edticas \u2014del kirchnerismo al macrismo\u2014 incidieron en las formas de enunciaci\u00f3n y en la visibilidad p\u00fablica de Carta Abierta. La autora muestra con claridad c\u00f3mo el pasaje de un contexto de relativa centralidad a uno de marginalizaci\u00f3n afect\u00f3 tanto la producci\u00f3n discursiva como la cohesi\u00f3n interna del grupo.<\/strong><\/p>\n\n\n\n<p>El libro tambi\u00e9n aporta una reflexi\u00f3n m\u00e1s amplia sobre la figura del intelectual en la Argentina contempor\u00e1nea. En di\u00e1logo con tradiciones que van de Gramsci a Sartre,&nbsp;Biota&nbsp;examina las distintas formas de intervenci\u00f3n intelectual \u2014cr\u00edtica, comprometida, medi\u00e1tica, tecnocr\u00e1tica\u2014 y sit\u00faa a Carta Abierta en ese mapa complejo. Este an\u00e1lisis permite entender al colectivo no como una anomal\u00eda, sino como una expresi\u00f3n espec\u00edfica de una problem\u00e1tica m\u00e1s amplia: la relaci\u00f3n entre saber, poder y palabra p\u00fablica.<\/p>\n\n\n\n<p>En t\u00e9rminos m\u00e1s generales,&nbsp;<em>Debate p\u00fablico en Argentina<\/em>&nbsp;se destaca por su capacidad para articular distintos niveles de an\u00e1lisis: el hist\u00f3rico, el discursivo, el pol\u00edtico y el cultural. Esta articulaci\u00f3n no es meramente sumatoria, sino que produce una lectura integrada que enriquece la comprensi\u00f3n del fen\u00f3meno estudiado. La autora logra, as\u00ed, evitar tanto el reduccionismo sociol\u00f3gico como el formalismo ling\u00fc\u00edstico, construyendo un enfoque verdaderamente interdisciplinario.<\/p>\n\n\n\n<h2 class=\"wp-block-heading\"><strong>Cr\u00edtica por izquierda<\/strong><\/h2>\n\n\n\n<p>Uno de los mayores aciertos del libro de Magdalena&nbsp;Biota&nbsp;es que, sin renunciar a una mirada valorativa sobre la experiencia de Carta Abierta, despliega una cr\u00edtica por izquierda que ilumina sus tensiones y l\u00edmites constitutivos. <strong>Lejos de idealizar al colectivo, la autora muestra c\u00f3mo su apuesta por un lenguaje ensay\u00edstico, denso y deliberadamente opaco \u2014concebido como resistencia a la simplificaci\u00f3n medi\u00e1tica\u2014 termin\u00f3, en ocasiones, restringiendo su capacidad de interpelaci\u00f3n m\u00e1s all\u00e1 de los c\u00edrculos intelectuales<\/strong>. En ese punto, la obra se\u00f1ala con agudeza el desfase entre la sofisticaci\u00f3n discursiva del cartismo y las condiciones efectivas de circulaci\u00f3n del debate p\u00fablico contempor\u00e1neo, atravesado por la inmediatez, la fragmentaci\u00f3n y la l\u00f3gica de la opini\u00f3n.<\/p>\n\n\n\n<p>Al mismo tiempo,&nbsp;Biota&nbsp;problematiza la ambigua relaci\u00f3n del espacio con el poder pol\u00edtico: definido como no partidario pero af\u00edn al kirchnerismo, Carta Abierta oscil\u00f3 entre la intervenci\u00f3n cr\u00edtica y la proximidad al oficialismo, lo que tension\u00f3 su autonom\u00eda y condicion\u00f3 su recepci\u00f3n p\u00fablica. A ello se suman las dificultades propias de la enunciaci\u00f3n colectiva \u2014marcada por negociaciones internas y una identidad discursiva inestable\u2014 y el progresivo agotamiento del dispositivo hacia mediados de la d\u00e9cada de 2010, cuando el cambio de contexto pol\u00edtico y medi\u00e1tico redujo su capacidad de incidencia.&nbsp;En conjunto, <strong>el libro sugiere que la experiencia cartista, aun en su potencia, no logr\u00f3 resolver el problema central de toda intelectualidad cr\u00edtica: c\u00f3mo traducir la densidad del pensamiento en una intervenci\u00f3n efectiva y ampliada en el espacio p\u00fablico.<\/strong><\/p>\n\n\n\n<p>Finalmente, cabe destacar que el libro no se limita a mirar hacia el pasado. Aunque su objeto de estudio se sit\u00faa entre 2008 y 2019, sus preguntas resuenan con fuerza en el presente. En un contexto marcado por la polarizaci\u00f3n, la espectacularizaci\u00f3n de la pol\u00edtica y la crisis de la argumentaci\u00f3n, el an\u00e1lisis de&nbsp;Biota&nbsp;adquiere una relevancia renovada. Como se\u00f1ala la propia obra, las transformaciones del debate p\u00fablico no son solo discursivas, sino que est\u00e1n ligadas a cambios m\u00e1s profundos en las condiciones materiales y simb\u00f3licas de la vida social.<\/p>\n\n\n\n<p>En s\u00edntesis,&nbsp;<em>Debate p\u00fablico en Argentina. La experiencia de Carta Abierta (2008-2019)<\/em>&nbsp;es un libro imprescindible para quienes buscan comprender no solo una experiencia intelectual clave de las \u00faltimas d\u00e9cadas, sino tambi\u00e9n las mutaciones del lenguaje pol\u00edtico en la Argentina contempor\u00e1nea. Con una escritura refinada, una mirada cr\u00edtica y una s\u00f3lida base te\u00f3rica, Magdalena&nbsp;Biota&nbsp;logra ofrecer una obra que combina rigor acad\u00e9mico y sensibilidad ensay\u00edstica, consolid\u00e1ndose como una voz destacada en el campo de las ciencias sociales y las humanidades.<\/p>\n\n\n\n<div class=\"wp-block-uagb-container uagb-block-dd9b3044 alignwide uagb-is-root-container\">\n<div class=\"wp-block-uagb-advanced-heading uagb-block-3482af2f\"><h4 class=\"uagb-heading-text\">\u00daltimas noticias de la secci\u00f3n Pol\u00edtica:<\/h4><\/div>\n\n\n\n\t\t\t<div class=\"wp-block-uagb-post-carousel uagb-post-grid  uagb-post__image-position-top uagb-post__image-enabled uagb-block-c0e21101     uagb-post__arrow-outside uagb-slick-carousel uagb-post__items uagb-post__columns-3 is-carousel uagb-post__columns-tablet-2 uagb-post__columns-mobile-1\" data-total=\"31\" style=\"\">\n\n\t\t\t\t\t\t\t\t\t\t\t\t<article class=\"uagb-post__inner-wrap\">\t\t\t\t\t\t\t\t<div class='uagb-post__image'>\n\t\t\t\t\t\t\t\t\t<a href=\"https:\/\/agencia.unq.edu.ar\/?p=35830\" target=\"_self\" rel=\"bookmark noopener noreferrer\"><img loading=\"lazy\" decoding=\"async\" width=\"960\" height=\"388\" src=\"https:\/\/agencia.unq.edu.ar\/wp-content\/uploads\/2026\/04\/Javier-Milei-Peter-Thiel.jpg\" class=\"attachment-medium size-medium\" alt=\"Javier Milei junto a Peter Lamelas, embajador de EE.UU. en Argentina y Peter Thiel, fundador de Palantir. Cr\u00e9ditos: @OPRArgentina.\" \/>\t\t\t\t\t<\/a>\n\t\t\t\t\t\t\t\t\t<\/div>\n\t\t\t\t\t\t<h4 class=\"uagb-post__title uagb-post__text\">\n\t\t\t\t<a href=\"https:\/\/agencia.unq.edu.ar\/?p=35830\" target=\"_self\" rel=\"bookmark noopener noreferrer\">Palantir y Peter Thiel: \u00bfse acerca el tecnofascismo a la Argentina?<\/a>\n\t\t\t<\/h4>\n\t\t\t\t\t\t<div class='uagb-post__text uagb-post-grid-byline'>\n\t\t\t\t\t\t\t<\/div>\n\t\t\t\n\t\t\t\t\t\t\t\t\t<\/article>\n\t\t\t\t\t\t\t\t\t\t\t\t\t\t\t\t<article class=\"uagb-post__inner-wrap\">\t\t\t\t\t\t\t\t<div class='uagb-post__image'>\n\t\t\t\t\t\t\t\t\t<a href=\"https:\/\/agencia.unq.edu.ar\/?p=35757\" target=\"_self\" rel=\"bookmark noopener noreferrer\"><img loading=\"lazy\" decoding=\"async\" width=\"960\" height=\"388\" src=\"https:\/\/agencia.unq.edu.ar\/wp-content\/uploads\/2026\/04\/Marcha-universitaria-vista-general.jpg\" class=\"attachment-medium size-medium\" alt=\"Imagen panor\u00e1mica de la \u00faltima Marcha Federal. Cr\u00e9ditos: @vyp.drone.\" \/>\t\t\t\t\t<\/a>\n\t\t\t\t\t\t\t\t\t<\/div>\n\t\t\t\t\t\t<h4 class=\"uagb-post__title uagb-post__text\">\n\t\t\t\t<a href=\"https:\/\/agencia.unq.edu.ar\/?p=35757\" target=\"_self\" rel=\"bookmark noopener noreferrer\">Hasta que se cumpla: la comunidad universitaria realizar\u00e1 una nueva Marcha Federal<\/a>\n\t\t\t<\/h4>\n\t\t\t\t\t\t<div class='uagb-post__text uagb-post-grid-byline'>\n\t\t\t\t\t\t\t<\/div>\n\t\t\t\n\t\t\t\t\t\t\t\t\t<\/article>\n\t\t\t\t\t\t\t\t\t\t\t\t\t\t\t\t<article class=\"uagb-post__inner-wrap\">\t\t\t\t\t\t\t\t<div class='uagb-post__image'>\n\t\t\t\t\t\t\t\t\t<a href=\"https:\/\/agencia.unq.edu.ar\/?p=35638\" target=\"_self\" rel=\"bookmark noopener noreferrer\"><img loading=\"lazy\" decoding=\"async\" width=\"960\" height=\"388\" src=\"https:\/\/agencia.unq.edu.ar\/wp-content\/uploads\/2026\/04\/Roberto-Abdala-Al-borde-del-precipicio.jpg\" class=\"attachment-medium size-medium\" alt=\"Roberto Abdala en Al borde del precicipcio. Cr\u00e9ditos: Captura UNQ TV.\" \/>\t\t\t\t\t<\/a>\n\t\t\t\t\t\t\t\t\t<\/div>\n\t\t\t\t\t\t<h4 class=\"uagb-post__title uagb-post__text\">\n\t\t\t\t<a href=\"https:\/\/agencia.unq.edu.ar\/?p=35638\" target=\"_self\" rel=\"bookmark noopener noreferrer\">Roberto Abdala: \u201cSin presupuesto es muy dif\u00edcil pensar y so\u00f1ar una escuela distinta\u201d<\/a>\n\t\t\t<\/h4>\n\t\t\t\t\t\t<div class='uagb-post__text uagb-post-grid-byline'>\n\t\t\t\t\t\t\t<\/div>\n\t\t\t\n\t\t\t\t\t\t\t\t\t<\/article>\n\t\t\t\t\t\t\t\t\t\t\t\t\t\t\t\t<article class=\"uagb-post__inner-wrap\">\t\t\t\t\t\t\t\t<div class='uagb-post__image'>\n\t\t\t\t\t\t\t\t\t<a href=\"https:\/\/agencia.unq.edu.ar\/?p=35583\" target=\"_self\" rel=\"bookmark noopener noreferrer\"><img loading=\"lazy\" decoding=\"async\" width=\"960\" height=\"388\" src=\"https:\/\/agencia.unq.edu.ar\/wp-content\/uploads\/2024\/06\/INTI-despidos.jpg\" class=\"attachment-medium size-medium\" alt=\"Protesta realizada por los trabajadores del INTI contra los despidos. Cr\u00e9ditos: ATE-INTI.\" \/>\t\t\t\t\t<\/a>\n\t\t\t\t\t\t\t\t\t<\/div>\n\t\t\t\t\t\t<h4 class=\"uagb-post__title uagb-post__text\">\n\t\t\t\t<a href=\"https:\/\/agencia.unq.edu.ar\/?p=35583\" target=\"_self\" rel=\"bookmark noopener noreferrer\">El gobierno quiere quitarle m\u00e1s funciones al INTI y despedir 700 trabajadores<\/a>\n\t\t\t<\/h4>\n\t\t\t\t\t\t<div class='uagb-post__text uagb-post-grid-byline'>\n\t\t\t\t\t\t\t<\/div>\n\t\t\t\n\t\t\t\t\t\t\t\t\t<\/article>\n\t\t\t\t\t\t\t\t\t\t\t\t\t\t\t\t<article class=\"uagb-post__inner-wrap\">\t\t\t\t\t\t\t\t<div class='uagb-post__image'>\n\t\t\t\t\t\t\t\t\t<a href=\"https:\/\/agencia.unq.edu.ar\/?p=35568\" target=\"_self\" rel=\"bookmark noopener noreferrer\"><img loading=\"lazy\" decoding=\"async\" width=\"960\" height=\"388\" src=\"https:\/\/agencia.unq.edu.ar\/wp-content\/uploads\/2026\/04\/unsplash.jpg\" class=\"attachment-medium size-medium\" alt=\"Sin botiquines completos, crecen las dificultades para sostener controles, prevenir cuadros graves y evitar derivaciones. Cr\u00e9ditos: Unplash.\" \/>\t\t\t\t\t<\/a>\n\t\t\t\t\t\t\t\t\t<\/div>\n\t\t\t\t\t\t<h4 class=\"uagb-post__title uagb-post__text\">\n\t\t\t\t<a href=\"https:\/\/agencia.unq.edu.ar\/?p=35568\" target=\"_self\" rel=\"bookmark noopener noreferrer\">Golpe a la salud p\u00fablica: \u00bfc\u00f3mo impacta la baja del Programa Remediar que dispuso el gobierno?<\/a>\n\t\t\t<\/h4>\n\t\t\t\t\t\t<div class='uagb-post__text uagb-post-grid-byline'>\n\t\t\t\t\t\t\t<\/div>\n\t\t\t\n\t\t\t\t\t\t\t\t\t<\/article>\n\t\t\t\t\t\t\t\t\t\t\t\t\t\t\t\t<article class=\"uagb-post__inner-wrap\">\t\t\t\t\t\t\t\t<div class='uagb-post__image'>\n\t\t\t\t\t\t\t\t\t<a href=\"https:\/\/agencia.unq.edu.ar\/?p=35529\" target=\"_self\" rel=\"bookmark noopener noreferrer\"><img loading=\"lazy\" decoding=\"async\" width=\"960\" height=\"388\" src=\"https:\/\/agencia.unq.edu.ar\/wp-content\/uploads\/2026\/04\/educacion-IA.jpg\" class=\"attachment-medium size-medium\" alt=\"El nuevo Observatorio regional apunta a transformar sistemas educativos con evidencia y escala. Cr\u00e9dito: Istock.\" \/>\t\t\t\t\t<\/a>\n\t\t\t\t\t\t\t\t\t<\/div>\n\t\t\t\t\t\t<h4 class=\"uagb-post__title uagb-post__text\">\n\t\t\t\t<a href=\"https:\/\/agencia.unq.edu.ar\/?p=35529\" target=\"_self\" rel=\"bookmark noopener noreferrer\">La UNESCO lanz\u00f3 un Observatorio regional para integrar la IA en la educaci\u00f3n<\/a>\n\t\t\t<\/h4>\n\t\t\t\t\t\t<div class='uagb-post__text uagb-post-grid-byline'>\n\t\t\t\t\t\t\t<\/div>\n\t\t\t\n\t\t\t\t\t\t\t\t\t<\/article>\n\t\t\t\t\t\t\t\t\t\t\t\t\t\t\t\t<article class=\"uagb-post__inner-wrap\">\t\t\t\t\t\t\t\t<div class='uagb-post__image'>\n\t\t\t\t\t\t\t\t\t<a href=\"https:\/\/agencia.unq.edu.ar\/?p=35512\" target=\"_self\" rel=\"bookmark noopener noreferrer\"><img loading=\"lazy\" decoding=\"async\" width=\"960\" height=\"388\" src=\"https:\/\/agencia.unq.edu.ar\/wp-content\/uploads\/2026\/04\/Emmanuel-Macron.jpg\" class=\"attachment-medium size-medium\" alt=\"Emmanuel Macron, presidente de Francia. Cr\u00e9ditos: Britannica.\" \/>\t\t\t\t\t<\/a>\n\t\t\t\t\t\t\t\t\t<\/div>\n\t\t\t\t\t\t<h4 class=\"uagb-post__title uagb-post__text\">\n\t\t\t\t<a href=\"https:\/\/agencia.unq.edu.ar\/?p=35512\" target=\"_self\" rel=\"bookmark noopener noreferrer\">Francia avanza hacia la soberan\u00eda digital y abandona Windows: \u00bfcu\u00e1l es la situaci\u00f3n de Argentina?<\/a>\n\t\t\t<\/h4>\n\t\t\t\t\t\t<div class='uagb-post__text uagb-post-grid-byline'>\n\t\t\t\t\t\t\t<\/div>\n\t\t\t\n\t\t\t\t\t\t\t\t\t<\/article>\n\t\t\t\t\t\t\t\t\t\t\t\t\t\t\t\t<article class=\"uagb-post__inner-wrap\">\t\t\t\t\t\t\t\t<div class='uagb-post__image'>\n\t\t\t\t\t\t\t\t\t<a href=\"https:\/\/agencia.unq.edu.ar\/?p=35480\" target=\"_self\" rel=\"bookmark noopener noreferrer\"><img loading=\"lazy\" decoding=\"async\" width=\"960\" height=\"388\" src=\"https:\/\/agencia.unq.edu.ar\/wp-content\/uploads\/2026\/04\/DSC9028-1.jpg\" class=\"attachment-medium size-medium\" alt=\"Estudiantes y docentes marchan hacia el centro de Quilmes, tras una semana de toma de la universidad. Cr\u00e9ditos: Sergio D&#039;Addona.\" \/>\t\t\t\t\t<\/a>\n\t\t\t\t\t\t\t\t\t<\/div>\n\t\t\t\t\t\t<h4 class=\"uagb-post__title uagb-post__text\">\n\t\t\t\t<a href=\"https:\/\/agencia.unq.edu.ar\/?p=35480\" target=\"_self\" rel=\"bookmark noopener noreferrer\">La universidad no se apaga: la UNQ abre sus puertas con propuestas cient\u00edficas y culturales<\/a>\n\t\t\t<\/h4>\n\t\t\t\t\t\t<div class='uagb-post__text uagb-post-grid-byline'>\n\t\t\t\t\t\t\t<\/div>\n\t\t\t\n\t\t\t\t\t\t\t\t\t<\/article>\n\t\t\t\t\t\t\t\t\t\t\t<\/div>\n\t\t\t<\/div>\n","protected":false},"excerpt":{"rendered":"<p>Magdalena Biota, su autora, narra la emergencia de una voz colectiva que busc\u00f3 intervenir en la coyuntura pol\u00edtica y dej\u00f3 huella. <\/p>\n","protected":false},"author":9,"featured_media":35859,"comment_status":"closed","ping_status":"closed","sticky":false,"template":"","format":"standard","meta":{"_uag_custom_page_level_css":"","_monsterinsights_skip_tracking":false,"_monsterinsights_sitenote_active":false,"_monsterinsights_sitenote_note":"","_monsterinsights_sitenote_category":0,"site-sidebar-layout":"default","site-content-layout":"","ast-site-content-layout":"default","site-content-style":"default","site-sidebar-style":"default","ast-global-header-display":"","ast-banner-title-visibility":"","ast-main-header-display":"","ast-hfb-above-header-display":"","ast-hfb-below-header-display":"","ast-hfb-mobile-header-display":"","site-post-title":"","ast-breadcrumbs-content":"","ast-featured-img":"","footer-sml-layout":"","ast-disable-related-posts":"","theme-transparent-header-meta":"","adv-header-id-meta":"","stick-header-meta":"","header-above-stick-meta":"","header-main-stick-meta":"","header-below-stick-meta":"","astra-migrate-meta-layouts":"default","ast-page-background-enabled":"default","ast-page-background-meta":{"desktop":{"background-color":"var(--ast-global-color-4)","background-image":"","background-repeat":"repeat","background-position":"center center","background-size":"auto","background-attachment":"scroll","background-type":"","background-media":"","overlay-type":"","overlay-color":"","overlay-opacity":"","overlay-gradient":""},"tablet":{"background-color":"","background-image":"","background-repeat":"repeat","background-position":"center center","background-size":"auto","background-attachment":"scroll","background-type":"","background-media":"","overlay-type":"","overlay-color":"","overlay-opacity":"","overlay-gradient":""},"mobile":{"background-color":"","background-image":"","background-repeat":"repeat","background-position":"center center","background-size":"auto","background-attachment":"scroll","background-type":"","background-media":"","overlay-type":"","overlay-color":"","overlay-opacity":"","overlay-gradient":""}},"ast-content-background-meta":{"desktop":{"background-color":"var(--ast-global-color-5)","background-image":"","background-repeat":"repeat","background-position":"center center","background-size":"auto","background-attachment":"scroll","background-type":"","background-media":"","overlay-type":"","overlay-color":"","overlay-opacity":"","overlay-gradient":""},"tablet":{"background-color":"var(--ast-global-color-5)","background-image":"","background-repeat":"repeat","background-position":"center center","background-size":"auto","background-attachment":"scroll","background-type":"","background-media":"","overlay-type":"","overlay-color":"","overlay-opacity":"","overlay-gradient":""},"mobile":{"background-color":"var(--ast-global-color-5)","background-image":"","background-repeat":"repeat","background-position":"center center","background-size":"auto","background-attachment":"scroll","background-type":"","background-media":"","overlay-type":"","overlay-color":"","overlay-opacity":"","overlay-gradient":""}},"footnotes":""},"categories":[16,92],"tags":[],"class_list":["post-35850","post","type-post","status-publish","format-standard","has-post-thumbnail","hentry","category-noticia-destacada","category-politica"],"aioseo_notices":[],"uagb_featured_image_src":{"full":["https:\/\/agencia.unq.edu.ar\/wp-content\/uploads\/2026\/04\/carta-abierta-clarin.jpg",1040,420,false],"thumbnail":["https:\/\/agencia.unq.edu.ar\/wp-content\/uploads\/2026\/04\/carta-abierta-clarin.jpg",150,61,false],"medium":["https:\/\/agencia.unq.edu.ar\/wp-content\/uploads\/2026\/04\/carta-abierta-clarin.jpg",960,388,false],"medium_large":["https:\/\/agencia.unq.edu.ar\/wp-content\/uploads\/2026\/04\/carta-abierta-clarin.jpg",768,310,false],"large":["https:\/\/agencia.unq.edu.ar\/wp-content\/uploads\/2026\/04\/carta-abierta-clarin.jpg",1040,420,false],"1536x1536":["https:\/\/agencia.unq.edu.ar\/wp-content\/uploads\/2026\/04\/carta-abierta-clarin.jpg",1040,420,false],"2048x2048":["https:\/\/agencia.unq.edu.ar\/wp-content\/uploads\/2026\/04\/carta-abierta-clarin.jpg",1040,420,false]},"uagb_author_info":{"display_name":"Agencia de Noticias Cient\u00edficas UNQ","author_link":"https:\/\/agencia.unq.edu.ar\/?author=9"},"uagb_comment_info":0,"uagb_excerpt":"Magdalena Biota, su autora, narra la emergencia de una voz colectiva que busc\u00f3 intervenir en la coyuntura pol\u00edtica y dej\u00f3 huella.","blog_post_layout_featured_media_urls":{"thumbnail":["https:\/\/agencia.unq.edu.ar\/wp-content\/uploads\/2026\/04\/carta-abierta-clarin.jpg",150,61,false],"full":["https:\/\/agencia.unq.edu.ar\/wp-content\/uploads\/2026\/04\/carta-abierta-clarin.jpg",1040,420,false]},"categories_names":{"16":{"name":"Noticia destacada","link":"https:\/\/agencia.unq.edu.ar\/?cat=16"},"92":{"name":"Pol\u00edtica","link":"https:\/\/agencia.unq.edu.ar\/?cat=92"}},"tags_names":[],"comments_number":"0","_links":{"self":[{"href":"https:\/\/agencia.unq.edu.ar\/index.php?rest_route=\/wp\/v2\/posts\/35850","targetHints":{"allow":["GET"]}}],"collection":[{"href":"https:\/\/agencia.unq.edu.ar\/index.php?rest_route=\/wp\/v2\/posts"}],"about":[{"href":"https:\/\/agencia.unq.edu.ar\/index.php?rest_route=\/wp\/v2\/types\/post"}],"author":[{"embeddable":true,"href":"https:\/\/agencia.unq.edu.ar\/index.php?rest_route=\/wp\/v2\/users\/9"}],"replies":[{"embeddable":true,"href":"https:\/\/agencia.unq.edu.ar\/index.php?rest_route=%2Fwp%2Fv2%2Fcomments&post=35850"}],"version-history":[{"count":3,"href":"https:\/\/agencia.unq.edu.ar\/index.php?rest_route=\/wp\/v2\/posts\/35850\/revisions"}],"predecessor-version":[{"id":35864,"href":"https:\/\/agencia.unq.edu.ar\/index.php?rest_route=\/wp\/v2\/posts\/35850\/revisions\/35864"}],"wp:featuredmedia":[{"embeddable":true,"href":"https:\/\/agencia.unq.edu.ar\/index.php?rest_route=\/wp\/v2\/media\/35859"}],"wp:attachment":[{"href":"https:\/\/agencia.unq.edu.ar\/index.php?rest_route=%2Fwp%2Fv2%2Fmedia&parent=35850"}],"wp:term":[{"taxonomy":"category","embeddable":true,"href":"https:\/\/agencia.unq.edu.ar\/index.php?rest_route=%2Fwp%2Fv2%2Fcategories&post=35850"},{"taxonomy":"post_tag","embeddable":true,"href":"https:\/\/agencia.unq.edu.ar\/index.php?rest_route=%2Fwp%2Fv2%2Ftags&post=35850"}],"curies":[{"name":"wp","href":"https:\/\/api.w.org\/{rel}","templated":true}]}}