{"id":35969,"date":"2026-04-30T15:59:39","date_gmt":"2026-04-30T18:59:39","guid":{"rendered":"https:\/\/agencia.unq.edu.ar\/?p=35969"},"modified":"2026-04-30T16:05:14","modified_gmt":"2026-04-30T19:05:14","slug":"espana-elimina-las-cajas-de-antibioticos-grandes-para-luchar-contra-las-superbacterias","status":"publish","type":"post","link":"https:\/\/agencia.unq.edu.ar\/?p=35969","title":{"rendered":"Espa\u00f1a elimina las cajas de antibi\u00f3ticos grandes para luchar contra las superbacterias"},"content":{"rendered":"\n<p class=\"wp-embed-aspect-16-9 wp-has-aspect-ratio has-medium-font-size\" id=\"block-e7a9ff36-ee0c-4796-9d2e-1fd69773da3a\">La medida apunta a reducir la automedicaci\u00f3n y el consumo innecesario de f\u00e1rmacos, una de las claves para combatir la resistencia antimicrobiana.<\/p>\n\n\n\n<figure class=\"wp-block-image aligncenter size-full\" id=\"block-c3ee2a7f-4bf9-43dd-a0f6-8acc1087bdbe\" style=\"margin-top:0px;margin-bottom:0px\"><img loading=\"lazy\" decoding=\"async\" width=\"1040\" height=\"420\" src=\"https:\/\/agencia.unq.edu.ar\/wp-content\/uploads\/2026\/04\/resistencia-antimicrobianos-espana.jpg\" alt=\"El f\u00e1rmaco Concerta es uno de los tantos en Espa\u00f1a cuya presentaci\u00f3n trae 30 dosis. Cr\u00e9ditos: LUDA.\" class=\"wp-image-35970\"\/><figcaption class=\"wp-element-caption\">El f\u00e1rmaco Concerta es uno de los tantos en Espa\u00f1a cuya presentaci\u00f3n trae 30 dosis. Cr\u00e9ditos: LUDA.<\/figcaption><\/figure>\n\n\n\n<article class=\"wp-block-uagb-container uagb-layout-flex uagb-block-a41cc8eb default uagb-is-root-container\">\n<figure class=\"wp-block-uagb-container uagb-block-bb513af8\"><div style=\"color:#ac162c; line-height:0; padding-top:0;padding-bottom:0;padding-left:0;padding-right:0;\" class=\"has-text-align-center wp-elements-3de2e42bf1941d977bdf57d61182fa43 wp-block-post-time-to-read has-text-color\">3 minutos<\/div><\/figure>\n<\/article>\n\n\n\n<p class=\"wp-embed-aspect-16-9 wp-has-aspect-ratio\" id=\"block-792ca364-1b8e-4135-8180-b4418ab97e95\">Las superbacterias son virus, hongos y bacterias que resisten a los antibi\u00f3ticos y a los tratamientos tradicionales. En este sentido, la resistencia antimicrobiana (Ram) se produce por el uso indebido de medicamentos y la ausencia de nuevas terapias. Seg\u00fan alertan los organismos vinculados a la salud, el problema es cada vez m\u00e1s grave. De esta manera, enfermedades como la tuberculosis, la gonorrea, la neumon\u00eda y diversas infecciones intestinales son cada vez m\u00e1s dif\u00edciles de tratar. Se estima que el fen\u00f3meno provoca alrededor de cinco millones de muertes por a\u00f1o a nivel global, y la cifra podr\u00eda duplicarse en los pr\u00f3ximos 25 a\u00f1os. Por eso, los gobiernos y los organismos internacionales implementan distintas medidas para frenar su avance. En este caso, el gobierno espa\u00f1ol eliminar\u00e1 las cajas de antibi\u00f3ticos con 30 dosis y ajustar\u00e1 el tama\u00f1o de los envases a 20, para asegurar un uso m\u00e1s adecuado y responsable en cada caso.&nbsp;<\/p>\n\n\n\n<p>\u201cLa disminuci\u00f3n de la eficacia de los antibi\u00f3ticos pone en riesgo procedimientos m\u00e9dicos esenciales que dependen de estos medicamentos para prevenir y tratar infecciones. <strong>Proteger la eficacia de los antibi\u00f3ticos es, por tanto, fundamental para garantizar una medicina moderna, segura y eficaz<\/strong>\u201d, destacaron desde la Agencia Espa\u00f1ola de Medicamentos y Productos Sanitarios a trav\u00e9s de un comunicado de prensa.&nbsp;<\/p>\n\n\n\n<p><strong>El objetivo del gobierno es eliminar de forma definitiva los envases de 30 dosis para abril de 2027<\/strong>, y que los medicamentos tengan un tope de 20 unidades por caja. En ese lapso de 12 meses se llevar\u00e1 a cabo una transici\u00f3n gradual para asegurar que ninguna persona interrumpa su tratamiento ni pierda su proscripci\u00f3n emitida.&nbsp;<\/p>\n\n\n\n<figure class=\"wp-block-embed aligncenter is-type-wp-embed is-provider-agencia-de-noticias-cient-ficas-de-la-unq wp-block-embed-agencia-de-noticias-cient-ficas-de-la-unq\"><div class=\"wp-block-embed__wrapper\">\n<blockquote class=\"wp-embedded-content\" data-secret=\"XdS912oBep\"><a href=\"https:\/\/agencia.unq.edu.ar\/?p=24794\">Superbacterias: descubren d\u00f3nde se producen las mutaciones que las hacen resistentes<\/a><\/blockquote><iframe loading=\"lazy\" class=\"wp-embedded-content\" sandbox=\"allow-scripts\" security=\"restricted\" style=\"position: absolute; visibility: hidden;\" title=\"&#8220;Superbacterias: descubren d\u00f3nde se producen las mutaciones que las hacen resistentes&#8221; &#8212; Agencia de Noticias Cient\u00edficas de la UNQ\" src=\"https:\/\/agencia.unq.edu.ar\/?p=24794&#038;embed=true#?secret=bKwc4xuR6c#?secret=XdS912oBep\" data-secret=\"XdS912oBep\" width=\"500\" height=\"282\" frameborder=\"0\" marginwidth=\"0\" marginheight=\"0\" scrolling=\"no\"><\/iframe>\n<\/div><\/figure>\n\n\n\n<p><strong>La pol\u00edtica implementada por el gobierno espa\u00f1ol no es un hecho aislado, sino que se enmarca en el Plan Nacional frente a la Resistencia a los Antibi\u00f3ticos.<\/strong> Adem\u00e1s de reducir la cantidad de dosis, el Ejecutivo emiti\u00f3 una serie de recomendaciones para los m\u00e9dicos y los farmac\u00e9uticos. Por ejemplo, en el caso de los doctores, siempre que el paciente est\u00e9 cl\u00ednicamente estable y la infecci\u00f3n no sea complicada, la autoridad sanitaria recomienda usar el f\u00e1rmaco que sea m\u00e1s eficaz en la menor cantidad de tiempo.&nbsp;&nbsp;<\/p>\n\n\n\n<p>La resistencia a los antimicrobianos es una de las principales amenazas para la salud p\u00fablica en Europa y en el mundo. Solo en la Uni\u00f3n Europea hay m\u00e1s de 35 mil fallecimientos cada a\u00f1o. Al mismo tiempo, los costos sanitarios y sociales se estiman en 11.700 millones de euros anuales. Por lo tanto, <strong>no solo se trata de un problema asociado a la salud p\u00fablica, sino que tiene un impacto grande en t\u00e9rminos sociales y econ\u00f3micos para los pa\u00edses<\/strong>.<\/p>\n\n\n\n<p class=\"wp-embed-aspect-16-9 wp-has-aspect-ratio\" id=\"block-792ca364-1b8e-4135-8180-b4418ab97e95\">Para mitigar el impacto de la resistencia antimicrobiana, <strong>la Organizaci\u00f3n Mundial de la Salud destac\u00f3 en 2024 que las vacunas contra 24 pat\u00f3genos podr\u00edan reducir el n\u00famero de antibi\u00f3ticos necesarios en un 22 por ciento<\/strong>. No obstante, desde el organismo destacaron que la falta de inversi\u00f3n, investigaci\u00f3n e innovaci\u00f3n es un barrera para disminuir las muertes asociadas a las superbacterias.<\/p>\n\n\n\n<div class=\"wp-block-uagb-container uagb-block-dd9b3044 alignwide uagb-is-root-container\">\n<div class=\"wp-block-uagb-advanced-heading uagb-block-3482af2f\"><h4 class=\"uagb-heading-text\">\u00daltimas noticias de la secci\u00f3n Pol\u00edtica:<\/h4><\/div>\n\n\n\n\t\t\t<div class=\"wp-block-uagb-post-carousel uagb-post-grid  uagb-post__image-position-top uagb-post__image-enabled uagb-block-c0e21101     uagb-post__arrow-outside uagb-slick-carousel uagb-post__items uagb-post__columns-3 is-carousel uagb-post__columns-tablet-2 uagb-post__columns-mobile-1\" data-total=\"32\" style=\"\">\n\n\t\t\t\t\t\t\t\t\t\t\t\t<article class=\"uagb-post__inner-wrap\">\t\t\t\t\t\t\t\t<div class='uagb-post__image'>\n\t\t\t\t\t\t\t\t\t<a href=\"https:\/\/agencia.unq.edu.ar\/?p=36015\" target=\"_self\" rel=\"bookmark noopener noreferrer\"><img loading=\"lazy\" decoding=\"async\" width=\"960\" height=\"388\" src=\"https:\/\/agencia.unq.edu.ar\/wp-content\/uploads\/2026\/04\/adorni.jpg\" class=\"attachment-medium size-medium\" alt=\"Manuel Adorni durante la presentaci\u00f3n del informe de gesti\u00f3n en el Congreso de la Naci\u00f3n\" \/>\t\t\t\t\t<\/a>\n\t\t\t\t\t\t\t\t\t<\/div>\n\t\t\t\t\t\t<h4 class=\"uagb-post__title uagb-post__text\">\n\t\t\t\t<a href=\"https:\/\/agencia.unq.edu.ar\/?p=36015\" target=\"_self\" rel=\"bookmark noopener noreferrer\">\u00bfD\u00f3nde est\u00e1 la plata de la ciencia? Lo que Adorni no respondi\u00f3 sobre el paradero de los fondos del sector<\/a>\n\t\t\t<\/h4>\n\t\t\t\t\t\t<div class='uagb-post__text uagb-post-grid-byline'>\n\t\t\t\t\t\t\t<\/div>\n\t\t\t\n\t\t\t\t\t\t\t\t\t<\/article>\n\t\t\t\t\t\t\t\t\t\t\t\t\t\t\t\t<article class=\"uagb-post__inner-wrap\">\t\t\t\t\t\t\t\t<div class='uagb-post__image'>\n\t\t\t\t\t\t\t\t\t<a href=\"https:\/\/agencia.unq.edu.ar\/?p=35850\" target=\"_self\" rel=\"bookmark noopener noreferrer\"><img loading=\"lazy\" decoding=\"async\" width=\"960\" height=\"388\" src=\"https:\/\/agencia.unq.edu.ar\/wp-content\/uploads\/2026\/04\/carta-abierta-clarin.jpg\" class=\"attachment-medium size-medium\" alt=\"Horacio Gonz\u00e1lez en una charla de Carta Abierta, en la Facultad de filosof\u00eda y letras.\" \/>\t\t\t\t\t<\/a>\n\t\t\t\t\t\t\t\t\t<\/div>\n\t\t\t\t\t\t<h4 class=\"uagb-post__title uagb-post__text\">\n\t\t\t\t<a href=\"https:\/\/agencia.unq.edu.ar\/?p=35850\" target=\"_self\" rel=\"bookmark noopener noreferrer\">\u201cDebate p\u00fablico en Argentina\u201d: el libro que recupera la experiencia de Carta Abierta<\/a>\n\t\t\t<\/h4>\n\t\t\t\t\t\t<div class='uagb-post__text uagb-post-grid-byline'>\n\t\t\t\t\t\t\t<\/div>\n\t\t\t\n\t\t\t\t\t\t\t\t\t<\/article>\n\t\t\t\t\t\t\t\t\t\t\t\t\t\t\t\t<article class=\"uagb-post__inner-wrap\">\t\t\t\t\t\t\t\t<div class='uagb-post__image'>\n\t\t\t\t\t\t\t\t\t<a href=\"https:\/\/agencia.unq.edu.ar\/?p=35830\" target=\"_self\" rel=\"bookmark noopener noreferrer\"><img loading=\"lazy\" decoding=\"async\" width=\"960\" height=\"388\" src=\"https:\/\/agencia.unq.edu.ar\/wp-content\/uploads\/2026\/04\/Javier-Milei-Peter-Thiel.jpg\" class=\"attachment-medium size-medium\" alt=\"Javier Milei junto a Peter Lamelas, embajador de EE.UU. en Argentina y Peter Thiel, fundador de Palantir. Cr\u00e9ditos: @OPRArgentina.\" \/>\t\t\t\t\t<\/a>\n\t\t\t\t\t\t\t\t\t<\/div>\n\t\t\t\t\t\t<h4 class=\"uagb-post__title uagb-post__text\">\n\t\t\t\t<a href=\"https:\/\/agencia.unq.edu.ar\/?p=35830\" target=\"_self\" rel=\"bookmark noopener noreferrer\">Palantir y Peter Thiel: \u00bfse acerca el tecnofascismo a la Argentina?<\/a>\n\t\t\t<\/h4>\n\t\t\t\t\t\t<div class='uagb-post__text uagb-post-grid-byline'>\n\t\t\t\t\t\t\t<\/div>\n\t\t\t\n\t\t\t\t\t\t\t\t\t<\/article>\n\t\t\t\t\t\t\t\t\t\t\t\t\t\t\t\t<article class=\"uagb-post__inner-wrap\">\t\t\t\t\t\t\t\t<div class='uagb-post__image'>\n\t\t\t\t\t\t\t\t\t<a href=\"https:\/\/agencia.unq.edu.ar\/?p=35757\" target=\"_self\" rel=\"bookmark noopener noreferrer\"><img loading=\"lazy\" decoding=\"async\" width=\"960\" height=\"388\" src=\"https:\/\/agencia.unq.edu.ar\/wp-content\/uploads\/2026\/04\/Marcha-universitaria-vista-general.jpg\" class=\"attachment-medium size-medium\" alt=\"Imagen panor\u00e1mica de la \u00faltima Marcha Federal. Cr\u00e9ditos: @vyp.drone.\" \/>\t\t\t\t\t<\/a>\n\t\t\t\t\t\t\t\t\t<\/div>\n\t\t\t\t\t\t<h4 class=\"uagb-post__title uagb-post__text\">\n\t\t\t\t<a href=\"https:\/\/agencia.unq.edu.ar\/?p=35757\" target=\"_self\" rel=\"bookmark noopener noreferrer\">Hasta que se cumpla: la comunidad universitaria realizar\u00e1 una nueva Marcha Federal<\/a>\n\t\t\t<\/h4>\n\t\t\t\t\t\t<div class='uagb-post__text uagb-post-grid-byline'>\n\t\t\t\t\t\t\t<\/div>\n\t\t\t\n\t\t\t\t\t\t\t\t\t<\/article>\n\t\t\t\t\t\t\t\t\t\t\t\t\t\t\t\t<article class=\"uagb-post__inner-wrap\">\t\t\t\t\t\t\t\t<div class='uagb-post__image'>\n\t\t\t\t\t\t\t\t\t<a href=\"https:\/\/agencia.unq.edu.ar\/?p=35638\" target=\"_self\" rel=\"bookmark noopener noreferrer\"><img loading=\"lazy\" decoding=\"async\" width=\"960\" height=\"388\" src=\"https:\/\/agencia.unq.edu.ar\/wp-content\/uploads\/2026\/04\/Roberto-Abdala-Al-borde-del-precipicio.jpg\" class=\"attachment-medium size-medium\" alt=\"Roberto Abdala en Al borde del precicipcio. Cr\u00e9ditos: Captura UNQ TV.\" \/>\t\t\t\t\t<\/a>\n\t\t\t\t\t\t\t\t\t<\/div>\n\t\t\t\t\t\t<h4 class=\"uagb-post__title uagb-post__text\">\n\t\t\t\t<a href=\"https:\/\/agencia.unq.edu.ar\/?p=35638\" target=\"_self\" rel=\"bookmark noopener noreferrer\">Roberto Abdala: \u201cSin presupuesto es muy dif\u00edcil pensar y so\u00f1ar una escuela distinta\u201d<\/a>\n\t\t\t<\/h4>\n\t\t\t\t\t\t<div class='uagb-post__text uagb-post-grid-byline'>\n\t\t\t\t\t\t\t<\/div>\n\t\t\t\n\t\t\t\t\t\t\t\t\t<\/article>\n\t\t\t\t\t\t\t\t\t\t\t\t\t\t\t\t<article class=\"uagb-post__inner-wrap\">\t\t\t\t\t\t\t\t<div class='uagb-post__image'>\n\t\t\t\t\t\t\t\t\t<a href=\"https:\/\/agencia.unq.edu.ar\/?p=35583\" target=\"_self\" rel=\"bookmark noopener noreferrer\"><img loading=\"lazy\" decoding=\"async\" width=\"960\" height=\"388\" src=\"https:\/\/agencia.unq.edu.ar\/wp-content\/uploads\/2024\/06\/INTI-despidos.jpg\" class=\"attachment-medium size-medium\" alt=\"Protesta realizada por los trabajadores del INTI contra los despidos. Cr\u00e9ditos: ATE-INTI.\" \/>\t\t\t\t\t<\/a>\n\t\t\t\t\t\t\t\t\t<\/div>\n\t\t\t\t\t\t<h4 class=\"uagb-post__title uagb-post__text\">\n\t\t\t\t<a href=\"https:\/\/agencia.unq.edu.ar\/?p=35583\" target=\"_self\" rel=\"bookmark noopener noreferrer\">El gobierno quiere quitarle m\u00e1s funciones al INTI y despedir 700 trabajadores<\/a>\n\t\t\t<\/h4>\n\t\t\t\t\t\t<div class='uagb-post__text uagb-post-grid-byline'>\n\t\t\t\t\t\t\t<\/div>\n\t\t\t\n\t\t\t\t\t\t\t\t\t<\/article>\n\t\t\t\t\t\t\t\t\t\t\t\t\t\t\t\t<article class=\"uagb-post__inner-wrap\">\t\t\t\t\t\t\t\t<div class='uagb-post__image'>\n\t\t\t\t\t\t\t\t\t<a href=\"https:\/\/agencia.unq.edu.ar\/?p=35568\" target=\"_self\" rel=\"bookmark noopener noreferrer\"><img loading=\"lazy\" decoding=\"async\" width=\"960\" height=\"388\" src=\"https:\/\/agencia.unq.edu.ar\/wp-content\/uploads\/2026\/04\/unsplash.jpg\" class=\"attachment-medium size-medium\" alt=\"Sin botiquines completos, crecen las dificultades para sostener controles, prevenir cuadros graves y evitar derivaciones. Cr\u00e9ditos: Unplash.\" \/>\t\t\t\t\t<\/a>\n\t\t\t\t\t\t\t\t\t<\/div>\n\t\t\t\t\t\t<h4 class=\"uagb-post__title uagb-post__text\">\n\t\t\t\t<a href=\"https:\/\/agencia.unq.edu.ar\/?p=35568\" target=\"_self\" rel=\"bookmark noopener noreferrer\">Golpe a la salud p\u00fablica: \u00bfc\u00f3mo impacta la baja del Programa Remediar que dispuso el gobierno?<\/a>\n\t\t\t<\/h4>\n\t\t\t\t\t\t<div class='uagb-post__text uagb-post-grid-byline'>\n\t\t\t\t\t\t\t<\/div>\n\t\t\t\n\t\t\t\t\t\t\t\t\t<\/article>\n\t\t\t\t\t\t\t\t\t\t\t\t\t\t\t\t<article class=\"uagb-post__inner-wrap\">\t\t\t\t\t\t\t\t<div class='uagb-post__image'>\n\t\t\t\t\t\t\t\t\t<a href=\"https:\/\/agencia.unq.edu.ar\/?p=35529\" target=\"_self\" rel=\"bookmark noopener noreferrer\"><img loading=\"lazy\" decoding=\"async\" width=\"960\" height=\"388\" src=\"https:\/\/agencia.unq.edu.ar\/wp-content\/uploads\/2026\/04\/educacion-IA.jpg\" class=\"attachment-medium size-medium\" alt=\"El nuevo Observatorio regional apunta a transformar sistemas educativos con evidencia y escala. Cr\u00e9dito: Istock.\" \/>\t\t\t\t\t<\/a>\n\t\t\t\t\t\t\t\t\t<\/div>\n\t\t\t\t\t\t<h4 class=\"uagb-post__title uagb-post__text\">\n\t\t\t\t<a href=\"https:\/\/agencia.unq.edu.ar\/?p=35529\" target=\"_self\" rel=\"bookmark noopener noreferrer\">La UNESCO lanz\u00f3 un Observatorio regional para integrar la IA en la educaci\u00f3n<\/a>\n\t\t\t<\/h4>\n\t\t\t\t\t\t<div class='uagb-post__text uagb-post-grid-byline'>\n\t\t\t\t\t\t\t<\/div>\n\t\t\t\n\t\t\t\t\t\t\t\t\t<\/article>\n\t\t\t\t\t\t\t\t\t\t\t<\/div>\n\t\t\t<\/div>\n","protected":false},"excerpt":{"rendered":"<p>La medida apunta a reducir la automedicaci\u00f3n y el consumo innecesario de f\u00e1rmacos, una de las claves para combatir la resistencia antimicrobiana.<\/p>\n","protected":false},"author":6,"featured_media":35970,"comment_status":"closed","ping_status":"closed","sticky":false,"template":"","format":"standard","meta":{"_uag_custom_page_level_css":"","_monsterinsights_skip_tracking":false,"_monsterinsights_sitenote_active":false,"_monsterinsights_sitenote_note":"","_monsterinsights_sitenote_category":0,"site-sidebar-layout":"default","site-content-layout":"","ast-site-content-layout":"default","site-content-style":"default","site-sidebar-style":"default","ast-global-header-display":"","ast-banner-title-visibility":"","ast-main-header-display":"","ast-hfb-above-header-display":"","ast-hfb-below-header-display":"","ast-hfb-mobile-header-display":"","site-post-title":"","ast-breadcrumbs-content":"","ast-featured-img":"","footer-sml-layout":"","ast-disable-related-posts":"","theme-transparent-header-meta":"","adv-header-id-meta":"","stick-header-meta":"","header-above-stick-meta":"","header-main-stick-meta":"","header-below-stick-meta":"","astra-migrate-meta-layouts":"default","ast-page-background-enabled":"default","ast-page-background-meta":{"desktop":{"background-color":"var(--ast-global-color-4)","background-image":"","background-repeat":"repeat","background-position":"center center","background-size":"auto","background-attachment":"scroll","background-type":"","background-media":"","overlay-type":"","overlay-color":"","overlay-opacity":"","overlay-gradient":""},"tablet":{"background-color":"","background-image":"","background-repeat":"repeat","background-position":"center center","background-size":"auto","background-attachment":"scroll","background-type":"","background-media":"","overlay-type":"","overlay-color":"","overlay-opacity":"","overlay-gradient":""},"mobile":{"background-color":"","background-image":"","background-repeat":"repeat","background-position":"center center","background-size":"auto","background-attachment":"scroll","background-type":"","background-media":"","overlay-type":"","overlay-color":"","overlay-opacity":"","overlay-gradient":""}},"ast-content-background-meta":{"desktop":{"background-color":"var(--ast-global-color-5)","background-image":"","background-repeat":"repeat","background-position":"center center","background-size":"auto","background-attachment":"scroll","background-type":"","background-media":"","overlay-type":"","overlay-color":"","overlay-opacity":"","overlay-gradient":""},"tablet":{"background-color":"var(--ast-global-color-5)","background-image":"","background-repeat":"repeat","background-position":"center center","background-size":"auto","background-attachment":"scroll","background-type":"","background-media":"","overlay-type":"","overlay-color":"","overlay-opacity":"","overlay-gradient":""},"mobile":{"background-color":"var(--ast-global-color-5)","background-image":"","background-repeat":"repeat","background-position":"center center","background-size":"auto","background-attachment":"scroll","background-type":"","background-media":"","overlay-type":"","overlay-color":"","overlay-opacity":"","overlay-gradient":""}},"footnotes":""},"categories":[16,92],"tags":[483],"class_list":["post-35969","post","type-post","status-publish","format-standard","has-post-thumbnail","hentry","category-noticia-destacada","category-politica","tag-mundo"],"aioseo_notices":[],"uagb_featured_image_src":{"full":["https:\/\/agencia.unq.edu.ar\/wp-content\/uploads\/2026\/04\/resistencia-antimicrobianos-espana.jpg",1040,420,false],"thumbnail":["https:\/\/agencia.unq.edu.ar\/wp-content\/uploads\/2026\/04\/resistencia-antimicrobianos-espana.jpg",150,61,false],"medium":["https:\/\/agencia.unq.edu.ar\/wp-content\/uploads\/2026\/04\/resistencia-antimicrobianos-espana.jpg",960,388,false],"medium_large":["https:\/\/agencia.unq.edu.ar\/wp-content\/uploads\/2026\/04\/resistencia-antimicrobianos-espana.jpg",768,310,false],"large":["https:\/\/agencia.unq.edu.ar\/wp-content\/uploads\/2026\/04\/resistencia-antimicrobianos-espana.jpg",1040,420,false],"1536x1536":["https:\/\/agencia.unq.edu.ar\/wp-content\/uploads\/2026\/04\/resistencia-antimicrobianos-espana.jpg",1040,420,false],"2048x2048":["https:\/\/agencia.unq.edu.ar\/wp-content\/uploads\/2026\/04\/resistencia-antimicrobianos-espana.jpg",1040,420,false]},"uagb_author_info":{"display_name":"Nicol\u00e1s Retamar","author_link":"https:\/\/agencia.unq.edu.ar\/?author=6"},"uagb_comment_info":0,"uagb_excerpt":"La medida apunta a reducir la automedicaci\u00f3n y el consumo innecesario de f\u00e1rmacos, una de las claves para combatir la resistencia antimicrobiana.","blog_post_layout_featured_media_urls":{"thumbnail":["https:\/\/agencia.unq.edu.ar\/wp-content\/uploads\/2026\/04\/resistencia-antimicrobianos-espana.jpg",150,61,false],"full":["https:\/\/agencia.unq.edu.ar\/wp-content\/uploads\/2026\/04\/resistencia-antimicrobianos-espana.jpg",1040,420,false]},"categories_names":{"16":{"name":"Noticia destacada","link":"https:\/\/agencia.unq.edu.ar\/?cat=16"},"92":{"name":"Pol\u00edtica","link":"https:\/\/agencia.unq.edu.ar\/?cat=92"}},"tags_names":{"483":{"name":"Mundo","link":"https:\/\/agencia.unq.edu.ar\/?tag=mundo"}},"comments_number":"0","_links":{"self":[{"href":"https:\/\/agencia.unq.edu.ar\/index.php?rest_route=\/wp\/v2\/posts\/35969","targetHints":{"allow":["GET"]}}],"collection":[{"href":"https:\/\/agencia.unq.edu.ar\/index.php?rest_route=\/wp\/v2\/posts"}],"about":[{"href":"https:\/\/agencia.unq.edu.ar\/index.php?rest_route=\/wp\/v2\/types\/post"}],"author":[{"embeddable":true,"href":"https:\/\/agencia.unq.edu.ar\/index.php?rest_route=\/wp\/v2\/users\/6"}],"replies":[{"embeddable":true,"href":"https:\/\/agencia.unq.edu.ar\/index.php?rest_route=%2Fwp%2Fv2%2Fcomments&post=35969"}],"version-history":[{"count":2,"href":"https:\/\/agencia.unq.edu.ar\/index.php?rest_route=\/wp\/v2\/posts\/35969\/revisions"}],"predecessor-version":[{"id":35989,"href":"https:\/\/agencia.unq.edu.ar\/index.php?rest_route=\/wp\/v2\/posts\/35969\/revisions\/35989"}],"wp:featuredmedia":[{"embeddable":true,"href":"https:\/\/agencia.unq.edu.ar\/index.php?rest_route=\/wp\/v2\/media\/35970"}],"wp:attachment":[{"href":"https:\/\/agencia.unq.edu.ar\/index.php?rest_route=%2Fwp%2Fv2%2Fmedia&parent=35969"}],"wp:term":[{"taxonomy":"category","embeddable":true,"href":"https:\/\/agencia.unq.edu.ar\/index.php?rest_route=%2Fwp%2Fv2%2Fcategories&post=35969"},{"taxonomy":"post_tag","embeddable":true,"href":"https:\/\/agencia.unq.edu.ar\/index.php?rest_route=%2Fwp%2Fv2%2Ftags&post=35969"}],"curies":[{"name":"wp","href":"https:\/\/api.w.org\/{rel}","templated":true}]}}