{"id":36015,"date":"2026-04-30T17:43:04","date_gmt":"2026-04-30T20:43:04","guid":{"rendered":"https:\/\/agencia.unq.edu.ar\/?p=36015"},"modified":"2026-04-30T18:06:18","modified_gmt":"2026-04-30T21:06:18","slug":"donde-esta-la-plata-de-la-ciencia-lo-que-adorni-no-respondio-sobre-el-paradero-de-los-fondos-que-le-corresponden-al-sector","status":"publish","type":"post","link":"https:\/\/agencia.unq.edu.ar\/?p=36015","title":{"rendered":"\u00bfD\u00f3nde est\u00e1 la plata de la ciencia? Lo que Adorni no respondi\u00f3 sobre el paradero de los fondos del sector"},"content":{"rendered":"\n<p class=\"wp-embed-aspect-16-9 wp-has-aspect-ratio has-medium-font-size\" id=\"block-e7a9ff36-ee0c-4796-9d2e-1fd69773da3a\">Agust\u00edn Ormaz\u00e1bal* realiza un an\u00e1lisis pormenorizado del discurso que el Jefe de Gabinete dio en el Congreso.<\/p>\n\n\n\n<figure class=\"wp-block-image aligncenter size-full\" id=\"block-c3ee2a7f-4bf9-43dd-a0f6-8acc1087bdbe\" style=\"margin-top:0px;margin-bottom:0px\"><img loading=\"lazy\" decoding=\"async\" width=\"1040\" height=\"420\" src=\"https:\/\/agencia.unq.edu.ar\/wp-content\/uploads\/2026\/04\/adorni.jpg\" alt=\"Manuel Adorni durante la presentaci\u00f3n del informe de gesti\u00f3n en el Congreso de la Naci\u00f3n\" class=\"wp-image-36018\"\/><figcaption class=\"wp-element-caption\">Manuel Adorni durante la presentaci\u00f3n del informe de gesti\u00f3n en el Congreso de la Naci\u00f3n. Fotograf\u00eda:  Santiago Oroz. Cr\u00e9ditos: LA NACI\u00d3N.<\/figcaption><\/figure>\n\n\n\n<article class=\"wp-block-uagb-container uagb-layout-flex uagb-block-a41cc8eb default uagb-is-root-container\">\n<figure class=\"wp-block-uagb-container uagb-block-bb513af8\"><div style=\"color:#ac162c; line-height:0; padding-top:0;padding-bottom:0;padding-left:0;padding-right:0;\" class=\"has-text-align-center wp-elements-3de2e42bf1941d977bdf57d61182fa43 wp-block-post-time-to-read has-text-color\">7 minutos<\/div><\/figure>\n<\/article>\n\n\n\n<p class=\"wp-embed-aspect-16-9 wp-has-aspect-ratio\" id=\"block-792ca364-1b8e-4135-8180-b4418ab97e95\">La exposici\u00f3n de Manuel Adorni frente al Congreso fue, sin dudas, la noticia que protagoniz\u00f3 el mi\u00e9rcoles. Las expectativas eran altas dado que, inevitablemente, las consultas al respecto de su patrimonio formar\u00edan parte de la escena principal de la jornada. Sin embargo, no est\u00e1 de m\u00e1s recordar que el motivo por el cual el Jefe de Gabinete de Ministros tuvo la obligaci\u00f3n de acudir ayer al Congreso es para defender el informe que peri\u00f3dicamente debe presentar ante el \u00f3rgano legislativo. Se trata, en este caso, del Informe N\u00ba145, el primero firmado con su nombre desde que ocupa el rol antes ejercido por Guillermo Francos. <strong>Parte del documento incluye respuestas a preguntas realizadas por legisladores. All\u00ed abord\u00f3 (en general, magramente) a un total de 2151 preguntas. Algunas de ellas fueron formuladas por la comunidad cient\u00edfica argentina.<\/strong><\/p>\n\n\n\n<h2 class=\"wp-block-heading\"><strong>La b\u00fasqueda del dinero extraviado<\/strong><\/h2>\n\n\n\n<p>Hace tiempo la comunidad cient\u00edfica se pregunta al respecto del destino que le dio la actual gesti\u00f3n a fondos internacionales con destinos espec\u00edficos (tales como el financiamiento de becas y proyectos de investigaci\u00f3n) que nunca llegaron a los laboratorios ni centros de investigaci\u00f3n. De hecho, fue el propio Guillermo Francos quien reconoci\u00f3, a trav\u00e9s del Informe N\u00ba142, que los cr\u00e9ditos BID 5293, BCIE 2161, BIRF 9434 y BID 5759 (todos ellos mayormente destinados al sector cient\u00edfico) ten\u00edan escas\u00edsimos niveles de ejecuci\u00f3n sobre el total comprometido. Desgraciadamente, Manuel Adorni no indica lo contrario en el Informe N\u00ba145.<\/p>\n\n\n\n<p><\/p>\n\n\n\n<p>Curiosamente, <strong>las respuestas brindadas dan cuenta de pr\u00e1cticamente el mismo porcentaje de desembolsos que inform\u00f3 Francos en abril de 2024 <\/strong>(ver Tabla 1). Cabe recordar que la Agencia I+D+i, el organismo central de financiamiento de proyectos cient\u00edficos de nuestro pa\u00eds, es la principal entidad ejecutora de dichos cr\u00e9ditos. Pese a contar con fondos disponibles, en dos a\u00f1os se desembolsaron apenas 4.85 millones de d\u00f3lares del cr\u00e9dito del BID 5293 (un 10 por ciento del remanente), y 200 mil d\u00f3lares del cr\u00e9dito BID 5759.<\/p>\n\n\n\n<h4 class=\"wp-block-heading has-text-align-center\">Sobre el total asignado a la Agencia I+D+i<\/h4>\n\n\n\n<figure class=\"wp-block-image aligncenter size-full\"><img loading=\"lazy\" decoding=\"async\" width=\"1040\" height=\"173\" src=\"https:\/\/agencia.unq.edu.ar\/wp-content\/uploads\/2026\/04\/tabla-adorni1040.jpg\" alt=\"Tabla 1. \u00bfD\u00f3nde est\u00e1 la plata de la ciencia?\" class=\"wp-image-36025\"\/><figcaption class=\"wp-element-caption\">Tabla 1<\/figcaption><\/figure>\n\n\n\n<p><\/p>\n\n\n\n<p class=\"wp-embed-aspect-16-9 wp-has-aspect-ratio\" id=\"block-792ca364-1b8e-4135-8180-b4418ab97e95\"><strong>En los cr\u00e9ditos BCIE 2161 y BIRF 943 se informa exactamente el mismo monto desembolsado que en abril de 2024, por lo que el avance en su estado de cumplimiento es directamente nulo<\/strong>. Entre los cuatro cr\u00e9ditos, si nos basamos \u00fanicamente en los fondos originalmente asignados a la Agencia, restan por desembolsar 240 millones de d\u00f3lares. Parte de estos fondos estaban originalmente orientados al financiamiento de los Proyectos de Investigaci\u00f3n Cient\u00edfica y Tecnol\u00f3gica (PICT) correspondientes a las convocatorias 2022 y 2023. Las mismas fueron discrecionalmente anuladas por las autoridades de la Agencia a pesar de tratarse de concursos p\u00fablicos que, incluso, en casos como el de la convocatoria 2022, hab\u00edan sido ya adjudicados a investigadores. Pese a la promesa de un nuevo instrumento que suplir\u00eda el rol de los PICT con una l\u00f3gica centrada en retornos inmediatos y la participaci\u00f3n privada, los subsidios de Apoyo a la Investigaci\u00f3n Cient\u00edfica (AIC), creados por el propio Gobierno, siguen prorrogando al d\u00eda de hoy el cierre de su convocatoria. <strong>Sin PICTs, y con un instrumento que fue creado para no hacerse uso de \u00e9l, se vuelven lejanas las perspectivas de cumplir con los plazos de ejecuci\u00f3n establecidos en los reglamentos operativos de los cr\u00e9ditos mencionados<\/strong>. Y eso, para colmo, expone a nuestro pa\u00eds a la posibilidad de pagar sanciones, con recursos propios.<\/p>\n\n\n\n<p><strong>Con las disculpas del caso por recordar lo evidente, al mismo tiempo que esta subejecuci\u00f3n se acent\u00faa, una situaci\u00f3n de profunda asfixia financiera compromete al quehacer cient\u00edfico de nuestro pa\u00eds, ocasionando la p\u00e9rdida de capacidades acumuladas y de personal calificado<\/strong>. La subejecuci\u00f3n convive con el hecho de que en las pr\u00f3ximas horas, quienes realizan sus investigaciones de doctorado y posdoctorado en la Agencia I+D+i van a cumplir 2 a\u00f1os con su salario congelado. <strong>Desde febrero del 2025 no perciben sus recibos de haberes, y en buena parte del pa\u00eds, ni siquiera cuentan con cobertura m\u00e9dica. Seg\u00fan la respuesta a la Pregunta N\u00ba1796 del Informe de Adorni, las becas vigentes del organismo se redujeron a 609 plazas, cuando en el Informe N\u00ba142 eran 1028: 419 personas dejaron de investigar en el organismo. Una reducci\u00f3n del 41%. Una ejecuci\u00f3n casi nula.<\/strong><\/p>\n\n\n\n<p><strong>Pese a que la Pregunta N\u00ba1795 lo indagaba expl\u00edcitamente, sobre los montos desembolsados de estos cr\u00e9ditos no se informa el estado de ejecuci\u00f3n, lo cual ensombrece el destino que se dio a ese dinero una vez transferido.<\/strong> Dado que quebrantar las metas de ejecuci\u00f3n expone a nuestro pa\u00eds al pago de punitorios, esto constituye claramente un severo incumplimiento de deberes de funcionario p\u00fablico, que alcanza a las autoridades del sistema.<\/p>\n\n\n\n<h2 class=\"wp-block-heading\"><strong>El cientificidio avanza<\/strong><\/h2>\n\n\n\n<p>En el despacho de la diputada nacional Adriana Serquis, quien a su vez es f\u00edsica, expresidenta de la Comisi\u00f3n Nacional de Energ\u00eda At\u00f3mica (CNEA) e investigadora principal del Conicet, elaboraron un informe sobre el estado de situaci\u00f3n del sector cient\u00edfico argentino a partir de las respuestas brindadas por Adorni. En particular, destacan que <strong>el porcentaje ejecutado en el 1er trimestre de 2026 sobre la funci\u00f3n Ciencia y Tecnolog\u00eda, respecto del total del Presupuesto Nacional ejecutado en ese mismo trimestre, es de 1,12 por ciento.<\/strong><\/p>\n\n\n\n<p>Sin embargo, para llegar a ese monto, se incluye en la funci\u00f3n Ciencia y T\u00e9cnica otras funciones como el chatbot Tina, o el Centro Nacional de Ciberseguridad. De hecho, estas funciones representan el 57,4 por ciento del total ejecutado de la cartera. En particular, la respuesta a la Pregunta N\u00ba337 evidencia la fuerte reducci\u00f3n presupuestaria de la funci\u00f3n cient\u00edfico-tecnol\u00f3gica: <strong>al medir el presupuesto en t\u00e9rminos reales, eliminando el efecto de la inflaci\u00f3n, se observa una ca\u00edda del 43 por ciento en tres a\u00f1os. <\/strong>Entre los ejemplos que citan sobre el impacto de esta reducci\u00f3n, destacan la p\u00e9rdida de capacidades acumuladas en el Servicio Meteorol\u00f3gico Nacional (SMN), el Instituto Nacional de Tecnolog\u00eda Industrial (INTI) y la Comisi\u00f3n Nacional de Energ\u00eda At\u00f3mica (CNEA).<\/p>\n\n\n\n<p>Sobre el INTI, militarizado en las \u00faltimas horas para garantizar el cumplimiento de despidos masivos, destacan el proceso de desarticulaci\u00f3n de los componentes centrales del sistema con el recorte de m\u00e1s de 900 servicios orientados al sector privado y el debilitamiento del \u00e1rea de metrolog\u00eda legal del Instituto. Se han elevado los aranceles por los servicios que el INTI brindaba entre un 400 y un 800 por ciento, lo que los hace inaccesible por parte de las PyMEs, y se disolvieron acuerdos de colaboraci\u00f3n con empresas y Universidades.<\/p>\n\n\n\n<p>Sobre la CNEA, del despacho de Serquis advierten que se evidencia la ausencia de un plan nuclear real. <strong>El personal de planta de la CNEA se ha disminuido en estos dos a\u00f1os en 300 personas, y las conducciones de los equipos t\u00e9cnicos constatan cotidianamente la imposibilidad de sostener el funcionamiento de los grupos de trabajo bajo las condiciones actuales.<\/strong> A su vez, Adorni afirma que \u201cal momento de la creaci\u00f3n de la Secretar\u00eda de Asuntos Nucleares, no hab\u00eda ning\u00fan proyecto desarrollado para construir\u201d una nueva planta. Sin embargo, en el 2023 ya exist\u00eda el proyecto, en convenio con INVAP. Se ve que el Secretario de Asuntos Nucleares lo desconoce.<\/p>\n\n\n\n<p>Finalmente, la perspectiva es clara: en un pa\u00eds sin proyecto de desarrollo ni modelo productivo, la ciencia no es solo vista como prescindible, sino que se posiciona, incluso, en un lugar de antagon\u00eda. Sostener el quehacer cient\u00edfico es, en este momento, asumir una posici\u00f3n rebelde, y hasta implica riesgos tangibles como los sufridos esta semana por quienes trabajan en el INTI ante la irrupci\u00f3n de fuerzas armadas. Sin embargo, como comunidad, no nos resignamos. <strong>No nos resignamos a ser la \u00faltima generaci\u00f3n cient\u00edfica de nuestro pa\u00eds. Seguiremos haciendo lo necesario para sostener nuestros lugares de investigaci\u00f3n. Para que quienes siguen tengan con qu\u00e9 quedarse, y para que quienes se fueron tengan donde volver.<\/strong><\/p>\n\n\n\n<p><\/p>\n\n\n\n<p><\/p>\n\n\n\n<p style=\"font-size:16px\">*Agust\u00edn Ormaz\u00e1bal, becario posdoctoral de la Agencia I+ D+ i.<\/p>\n\n\n\n<div class=\"wp-block-uagb-container uagb-block-dd9b3044 alignwide uagb-is-root-container\">\n<div class=\"wp-block-uagb-advanced-heading uagb-block-3482af2f\"><h4 class=\"uagb-heading-text\">\u00daltimas noticias de la secci\u00f3n Pol\u00edtica:<\/h4><\/div>\n\n\n\n\t\t\t<div class=\"wp-block-uagb-post-carousel uagb-post-grid  uagb-post__image-position-top uagb-post__image-enabled uagb-block-c0e21101     uagb-post__arrow-outside uagb-slick-carousel uagb-post__items uagb-post__columns-3 is-carousel uagb-post__columns-tablet-2 uagb-post__columns-mobile-1\" data-total=\"32\" style=\"\">\n\n\t\t\t\t\t\t\t\t\t\t\t\t<article class=\"uagb-post__inner-wrap\">\t\t\t\t\t\t\t\t<div class='uagb-post__image'>\n\t\t\t\t\t\t\t\t\t<a href=\"https:\/\/agencia.unq.edu.ar\/?p=35969\" target=\"_self\" rel=\"bookmark noopener noreferrer\"><img loading=\"lazy\" decoding=\"async\" width=\"960\" height=\"388\" src=\"https:\/\/agencia.unq.edu.ar\/wp-content\/uploads\/2026\/04\/resistencia-antimicrobianos-espana.jpg\" class=\"attachment-medium size-medium\" alt=\"El f\u00e1rmaco Concerta es uno de los tantos en Espa\u00f1a cuya presentaci\u00f3n trae 30 dosis. Cr\u00e9ditos: LUDA.\" \/>\t\t\t\t\t<\/a>\n\t\t\t\t\t\t\t\t\t<\/div>\n\t\t\t\t\t\t<h4 class=\"uagb-post__title uagb-post__text\">\n\t\t\t\t<a href=\"https:\/\/agencia.unq.edu.ar\/?p=35969\" target=\"_self\" rel=\"bookmark noopener noreferrer\">Espa\u00f1a elimina las cajas de antibi\u00f3ticos grandes para luchar contra las superbacterias<\/a>\n\t\t\t<\/h4>\n\t\t\t\t\t\t<div class='uagb-post__text uagb-post-grid-byline'>\n\t\t\t\t\t\t\t<\/div>\n\t\t\t\n\t\t\t\t\t\t\t\t\t<\/article>\n\t\t\t\t\t\t\t\t\t\t\t\t\t\t\t\t<article class=\"uagb-post__inner-wrap\">\t\t\t\t\t\t\t\t<div class='uagb-post__image'>\n\t\t\t\t\t\t\t\t\t<a href=\"https:\/\/agencia.unq.edu.ar\/?p=35850\" target=\"_self\" rel=\"bookmark noopener noreferrer\"><img loading=\"lazy\" decoding=\"async\" width=\"960\" height=\"388\" src=\"https:\/\/agencia.unq.edu.ar\/wp-content\/uploads\/2026\/04\/carta-abierta-clarin.jpg\" class=\"attachment-medium size-medium\" alt=\"Horacio Gonz\u00e1lez en una charla de Carta Abierta, en la Facultad de filosof\u00eda y letras.\" \/>\t\t\t\t\t<\/a>\n\t\t\t\t\t\t\t\t\t<\/div>\n\t\t\t\t\t\t<h4 class=\"uagb-post__title uagb-post__text\">\n\t\t\t\t<a href=\"https:\/\/agencia.unq.edu.ar\/?p=35850\" target=\"_self\" rel=\"bookmark noopener noreferrer\">\u201cDebate p\u00fablico en Argentina\u201d: el libro que recupera la experiencia de Carta Abierta<\/a>\n\t\t\t<\/h4>\n\t\t\t\t\t\t<div class='uagb-post__text uagb-post-grid-byline'>\n\t\t\t\t\t\t\t<\/div>\n\t\t\t\n\t\t\t\t\t\t\t\t\t<\/article>\n\t\t\t\t\t\t\t\t\t\t\t\t\t\t\t\t<article class=\"uagb-post__inner-wrap\">\t\t\t\t\t\t\t\t<div class='uagb-post__image'>\n\t\t\t\t\t\t\t\t\t<a href=\"https:\/\/agencia.unq.edu.ar\/?p=35830\" target=\"_self\" rel=\"bookmark noopener noreferrer\"><img loading=\"lazy\" decoding=\"async\" width=\"960\" height=\"388\" src=\"https:\/\/agencia.unq.edu.ar\/wp-content\/uploads\/2026\/04\/Javier-Milei-Peter-Thiel.jpg\" class=\"attachment-medium size-medium\" alt=\"Javier Milei junto a Peter Lamelas, embajador de EE.UU. en Argentina y Peter Thiel, fundador de Palantir. Cr\u00e9ditos: @OPRArgentina.\" \/>\t\t\t\t\t<\/a>\n\t\t\t\t\t\t\t\t\t<\/div>\n\t\t\t\t\t\t<h4 class=\"uagb-post__title uagb-post__text\">\n\t\t\t\t<a href=\"https:\/\/agencia.unq.edu.ar\/?p=35830\" target=\"_self\" rel=\"bookmark noopener noreferrer\">Palantir y Peter Thiel: \u00bfse acerca el tecnofascismo a la Argentina?<\/a>\n\t\t\t<\/h4>\n\t\t\t\t\t\t<div class='uagb-post__text uagb-post-grid-byline'>\n\t\t\t\t\t\t\t<\/div>\n\t\t\t\n\t\t\t\t\t\t\t\t\t<\/article>\n\t\t\t\t\t\t\t\t\t\t\t\t\t\t\t\t<article class=\"uagb-post__inner-wrap\">\t\t\t\t\t\t\t\t<div class='uagb-post__image'>\n\t\t\t\t\t\t\t\t\t<a href=\"https:\/\/agencia.unq.edu.ar\/?p=35757\" target=\"_self\" rel=\"bookmark noopener noreferrer\"><img loading=\"lazy\" decoding=\"async\" width=\"960\" height=\"388\" src=\"https:\/\/agencia.unq.edu.ar\/wp-content\/uploads\/2026\/04\/Marcha-universitaria-vista-general.jpg\" class=\"attachment-medium size-medium\" alt=\"Imagen panor\u00e1mica de la \u00faltima Marcha Federal. Cr\u00e9ditos: @vyp.drone.\" \/>\t\t\t\t\t<\/a>\n\t\t\t\t\t\t\t\t\t<\/div>\n\t\t\t\t\t\t<h4 class=\"uagb-post__title uagb-post__text\">\n\t\t\t\t<a href=\"https:\/\/agencia.unq.edu.ar\/?p=35757\" target=\"_self\" rel=\"bookmark noopener noreferrer\">Hasta que se cumpla: la comunidad universitaria realizar\u00e1 una nueva Marcha Federal<\/a>\n\t\t\t<\/h4>\n\t\t\t\t\t\t<div class='uagb-post__text uagb-post-grid-byline'>\n\t\t\t\t\t\t\t<\/div>\n\t\t\t\n\t\t\t\t\t\t\t\t\t<\/article>\n\t\t\t\t\t\t\t\t\t\t\t\t\t\t\t\t<article class=\"uagb-post__inner-wrap\">\t\t\t\t\t\t\t\t<div class='uagb-post__image'>\n\t\t\t\t\t\t\t\t\t<a href=\"https:\/\/agencia.unq.edu.ar\/?p=35638\" target=\"_self\" rel=\"bookmark noopener noreferrer\"><img loading=\"lazy\" decoding=\"async\" width=\"960\" height=\"388\" src=\"https:\/\/agencia.unq.edu.ar\/wp-content\/uploads\/2026\/04\/Roberto-Abdala-Al-borde-del-precipicio.jpg\" class=\"attachment-medium size-medium\" alt=\"Roberto Abdala en Al borde del precicipcio. Cr\u00e9ditos: Captura UNQ TV.\" \/>\t\t\t\t\t<\/a>\n\t\t\t\t\t\t\t\t\t<\/div>\n\t\t\t\t\t\t<h4 class=\"uagb-post__title uagb-post__text\">\n\t\t\t\t<a href=\"https:\/\/agencia.unq.edu.ar\/?p=35638\" target=\"_self\" rel=\"bookmark noopener noreferrer\">Roberto Abdala: \u201cSin presupuesto es muy dif\u00edcil pensar y so\u00f1ar una escuela distinta\u201d<\/a>\n\t\t\t<\/h4>\n\t\t\t\t\t\t<div class='uagb-post__text uagb-post-grid-byline'>\n\t\t\t\t\t\t\t<\/div>\n\t\t\t\n\t\t\t\t\t\t\t\t\t<\/article>\n\t\t\t\t\t\t\t\t\t\t\t\t\t\t\t\t<article class=\"uagb-post__inner-wrap\">\t\t\t\t\t\t\t\t<div class='uagb-post__image'>\n\t\t\t\t\t\t\t\t\t<a href=\"https:\/\/agencia.unq.edu.ar\/?p=35583\" target=\"_self\" rel=\"bookmark noopener noreferrer\"><img loading=\"lazy\" decoding=\"async\" width=\"960\" height=\"388\" src=\"https:\/\/agencia.unq.edu.ar\/wp-content\/uploads\/2024\/06\/INTI-despidos.jpg\" class=\"attachment-medium size-medium\" alt=\"Protesta realizada por los trabajadores del INTI contra los despidos. Cr\u00e9ditos: ATE-INTI.\" \/>\t\t\t\t\t<\/a>\n\t\t\t\t\t\t\t\t\t<\/div>\n\t\t\t\t\t\t<h4 class=\"uagb-post__title uagb-post__text\">\n\t\t\t\t<a href=\"https:\/\/agencia.unq.edu.ar\/?p=35583\" target=\"_self\" rel=\"bookmark noopener noreferrer\">El gobierno quiere quitarle m\u00e1s funciones al INTI y despedir 700 trabajadores<\/a>\n\t\t\t<\/h4>\n\t\t\t\t\t\t<div class='uagb-post__text uagb-post-grid-byline'>\n\t\t\t\t\t\t\t<\/div>\n\t\t\t\n\t\t\t\t\t\t\t\t\t<\/article>\n\t\t\t\t\t\t\t\t\t\t\t\t\t\t\t\t<article class=\"uagb-post__inner-wrap\">\t\t\t\t\t\t\t\t<div class='uagb-post__image'>\n\t\t\t\t\t\t\t\t\t<a href=\"https:\/\/agencia.unq.edu.ar\/?p=35568\" target=\"_self\" rel=\"bookmark noopener noreferrer\"><img loading=\"lazy\" decoding=\"async\" width=\"960\" height=\"388\" src=\"https:\/\/agencia.unq.edu.ar\/wp-content\/uploads\/2026\/04\/unsplash.jpg\" class=\"attachment-medium size-medium\" alt=\"Sin botiquines completos, crecen las dificultades para sostener controles, prevenir cuadros graves y evitar derivaciones. Cr\u00e9ditos: Unplash.\" \/>\t\t\t\t\t<\/a>\n\t\t\t\t\t\t\t\t\t<\/div>\n\t\t\t\t\t\t<h4 class=\"uagb-post__title uagb-post__text\">\n\t\t\t\t<a href=\"https:\/\/agencia.unq.edu.ar\/?p=35568\" target=\"_self\" rel=\"bookmark noopener noreferrer\">Golpe a la salud p\u00fablica: \u00bfc\u00f3mo impacta la baja del Programa Remediar que dispuso el gobierno?<\/a>\n\t\t\t<\/h4>\n\t\t\t\t\t\t<div class='uagb-post__text uagb-post-grid-byline'>\n\t\t\t\t\t\t\t<\/div>\n\t\t\t\n\t\t\t\t\t\t\t\t\t<\/article>\n\t\t\t\t\t\t\t\t\t\t\t\t\t\t\t\t<article class=\"uagb-post__inner-wrap\">\t\t\t\t\t\t\t\t<div class='uagb-post__image'>\n\t\t\t\t\t\t\t\t\t<a href=\"https:\/\/agencia.unq.edu.ar\/?p=35529\" target=\"_self\" rel=\"bookmark noopener noreferrer\"><img loading=\"lazy\" decoding=\"async\" width=\"960\" height=\"388\" src=\"https:\/\/agencia.unq.edu.ar\/wp-content\/uploads\/2026\/04\/educacion-IA.jpg\" class=\"attachment-medium size-medium\" alt=\"El nuevo Observatorio regional apunta a transformar sistemas educativos con evidencia y escala. Cr\u00e9dito: Istock.\" \/>\t\t\t\t\t<\/a>\n\t\t\t\t\t\t\t\t\t<\/div>\n\t\t\t\t\t\t<h4 class=\"uagb-post__title uagb-post__text\">\n\t\t\t\t<a href=\"https:\/\/agencia.unq.edu.ar\/?p=35529\" target=\"_self\" rel=\"bookmark noopener noreferrer\">La UNESCO lanz\u00f3 un Observatorio regional para integrar la IA en la educaci\u00f3n<\/a>\n\t\t\t<\/h4>\n\t\t\t\t\t\t<div class='uagb-post__text uagb-post-grid-byline'>\n\t\t\t\t\t\t\t<\/div>\n\t\t\t\n\t\t\t\t\t\t\t\t\t<\/article>\n\t\t\t\t\t\t\t\t\t\t\t<\/div>\n\t\t\t<\/div>\n","protected":false},"excerpt":{"rendered":"<p>Agust\u00edn Ormaz\u00e1bal realiza un an\u00e1lisis pormenorizado del discurso que el Jefe de Gabinete dio en el Congreso. <\/p>\n","protected":false},"author":9,"featured_media":36018,"comment_status":"closed","ping_status":"closed","sticky":false,"template":"","format":"standard","meta":{"_uag_custom_page_level_css":"","_monsterinsights_skip_tracking":false,"_monsterinsights_sitenote_active":false,"_monsterinsights_sitenote_note":"","_monsterinsights_sitenote_category":0,"site-sidebar-layout":"default","site-content-layout":"","ast-site-content-layout":"default","site-content-style":"default","site-sidebar-style":"default","ast-global-header-display":"","ast-banner-title-visibility":"","ast-main-header-display":"","ast-hfb-above-header-display":"","ast-hfb-below-header-display":"","ast-hfb-mobile-header-display":"","site-post-title":"","ast-breadcrumbs-content":"","ast-featured-img":"","footer-sml-layout":"","ast-disable-related-posts":"","theme-transparent-header-meta":"","adv-header-id-meta":"","stick-header-meta":"","header-above-stick-meta":"","header-main-stick-meta":"","header-below-stick-meta":"","astra-migrate-meta-layouts":"default","ast-page-background-enabled":"default","ast-page-background-meta":{"desktop":{"background-color":"var(--ast-global-color-4)","background-image":"","background-repeat":"repeat","background-position":"center center","background-size":"auto","background-attachment":"scroll","background-type":"","background-media":"","overlay-type":"","overlay-color":"","overlay-opacity":"","overlay-gradient":""},"tablet":{"background-color":"","background-image":"","background-repeat":"repeat","background-position":"center center","background-size":"auto","background-attachment":"scroll","background-type":"","background-media":"","overlay-type":"","overlay-color":"","overlay-opacity":"","overlay-gradient":""},"mobile":{"background-color":"","background-image":"","background-repeat":"repeat","background-position":"center center","background-size":"auto","background-attachment":"scroll","background-type":"","background-media":"","overlay-type":"","overlay-color":"","overlay-opacity":"","overlay-gradient":""}},"ast-content-background-meta":{"desktop":{"background-color":"var(--ast-global-color-5)","background-image":"","background-repeat":"repeat","background-position":"center center","background-size":"auto","background-attachment":"scroll","background-type":"","background-media":"","overlay-type":"","overlay-color":"","overlay-opacity":"","overlay-gradient":""},"tablet":{"background-color":"var(--ast-global-color-5)","background-image":"","background-repeat":"repeat","background-position":"center center","background-size":"auto","background-attachment":"scroll","background-type":"","background-media":"","overlay-type":"","overlay-color":"","overlay-opacity":"","overlay-gradient":""},"mobile":{"background-color":"var(--ast-global-color-5)","background-image":"","background-repeat":"repeat","background-position":"center center","background-size":"auto","background-attachment":"scroll","background-type":"","background-media":"","overlay-type":"","overlay-color":"","overlay-opacity":"","overlay-gradient":""}},"footnotes":""},"categories":[16,92],"tags":[],"class_list":["post-36015","post","type-post","status-publish","format-standard","has-post-thumbnail","hentry","category-noticia-destacada","category-politica"],"aioseo_notices":[],"uagb_featured_image_src":{"full":["https:\/\/agencia.unq.edu.ar\/wp-content\/uploads\/2026\/04\/adorni.jpg",1040,420,false],"thumbnail":["https:\/\/agencia.unq.edu.ar\/wp-content\/uploads\/2026\/04\/adorni.jpg",150,61,false],"medium":["https:\/\/agencia.unq.edu.ar\/wp-content\/uploads\/2026\/04\/adorni.jpg",960,388,false],"medium_large":["https:\/\/agencia.unq.edu.ar\/wp-content\/uploads\/2026\/04\/adorni.jpg",768,310,false],"large":["https:\/\/agencia.unq.edu.ar\/wp-content\/uploads\/2026\/04\/adorni.jpg",1040,420,false],"1536x1536":["https:\/\/agencia.unq.edu.ar\/wp-content\/uploads\/2026\/04\/adorni.jpg",1040,420,false],"2048x2048":["https:\/\/agencia.unq.edu.ar\/wp-content\/uploads\/2026\/04\/adorni.jpg",1040,420,false]},"uagb_author_info":{"display_name":"Agencia de Noticias Cient\u00edficas UNQ","author_link":"https:\/\/agencia.unq.edu.ar\/?author=9"},"uagb_comment_info":0,"uagb_excerpt":"Agust\u00edn Ormaz\u00e1bal realiza un an\u00e1lisis pormenorizado del discurso que el Jefe de Gabinete dio en el Congreso.","blog_post_layout_featured_media_urls":{"thumbnail":["https:\/\/agencia.unq.edu.ar\/wp-content\/uploads\/2026\/04\/adorni.jpg",150,61,false],"full":["https:\/\/agencia.unq.edu.ar\/wp-content\/uploads\/2026\/04\/adorni.jpg",1040,420,false]},"categories_names":{"16":{"name":"Noticia destacada","link":"https:\/\/agencia.unq.edu.ar\/?cat=16"},"92":{"name":"Pol\u00edtica","link":"https:\/\/agencia.unq.edu.ar\/?cat=92"}},"tags_names":[],"comments_number":"0","_links":{"self":[{"href":"https:\/\/agencia.unq.edu.ar\/index.php?rest_route=\/wp\/v2\/posts\/36015","targetHints":{"allow":["GET"]}}],"collection":[{"href":"https:\/\/agencia.unq.edu.ar\/index.php?rest_route=\/wp\/v2\/posts"}],"about":[{"href":"https:\/\/agencia.unq.edu.ar\/index.php?rest_route=\/wp\/v2\/types\/post"}],"author":[{"embeddable":true,"href":"https:\/\/agencia.unq.edu.ar\/index.php?rest_route=\/wp\/v2\/users\/9"}],"replies":[{"embeddable":true,"href":"https:\/\/agencia.unq.edu.ar\/index.php?rest_route=%2Fwp%2Fv2%2Fcomments&post=36015"}],"version-history":[{"count":3,"href":"https:\/\/agencia.unq.edu.ar\/index.php?rest_route=\/wp\/v2\/posts\/36015\/revisions"}],"predecessor-version":[{"id":36029,"href":"https:\/\/agencia.unq.edu.ar\/index.php?rest_route=\/wp\/v2\/posts\/36015\/revisions\/36029"}],"wp:featuredmedia":[{"embeddable":true,"href":"https:\/\/agencia.unq.edu.ar\/index.php?rest_route=\/wp\/v2\/media\/36018"}],"wp:attachment":[{"href":"https:\/\/agencia.unq.edu.ar\/index.php?rest_route=%2Fwp%2Fv2%2Fmedia&parent=36015"}],"wp:term":[{"taxonomy":"category","embeddable":true,"href":"https:\/\/agencia.unq.edu.ar\/index.php?rest_route=%2Fwp%2Fv2%2Fcategories&post=36015"},{"taxonomy":"post_tag","embeddable":true,"href":"https:\/\/agencia.unq.edu.ar\/index.php?rest_route=%2Fwp%2Fv2%2Ftags&post=36015"}],"curies":[{"name":"wp","href":"https:\/\/api.w.org\/{rel}","templated":true}]}}