{"id":38836,"date":"2026-09-01T14:02:52","date_gmt":"2026-09-01T17:02:52","guid":{"rendered":"https:\/\/agencia.unq.edu.ar\/?p=38836"},"modified":"2026-09-01T14:02:52","modified_gmt":"2026-09-01T17:02:52","slug":"ley-de-financiamiento-universitario-el-gobierno-se-reunio-con-los-sindicatos-y-ofrecio-un-3-por-ciento-de-aumento-cuando-debe-un-31","status":"publish","type":"post","link":"https:\/\/agencia.unq.edu.ar\/?p=38836","title":{"rendered":"Ley de Financiamiento Universitario: el gobierno se reuni\u00f3 con los sindicatos y ofreci\u00f3 un 3 por ciento de aumento cuando debe un 31"},"content":{"rendered":"\n<p class=\"wp-embed-aspect-16-9 wp-has-aspect-ratio has-medium-font-size wp-block-paragraph\" id=\"block-e7a9ff36-ee0c-4796-9d2e-1fd69773da3a\">Las federaciones docentes ya confirmaron un paro de 24 horas para el mi\u00e9rcoles 2 de septiembre.&nbsp;<\/p>\n\n\n\n<figure class=\"wp-block-image aligncenter size-full\" id=\"block-c3ee2a7f-4bf9-43dd-a0f6-8acc1087bdbe\" style=\"margin-top:0px;margin-bottom:0px\"><img loading=\"lazy\" decoding=\"async\" width=\"1040\" height=\"420\" src=\"https:\/\/agencia.unq.edu.ar\/wp-content\/uploads\/2026\/07\/Milei-cumpli-la-Ley.jpg\" alt=\"Pasacalles exigiendo el cumplimiento de la Ley durante la \u00faltima Marcha Universitaria. Cr\u00e9ditos: Huellas del Sur.\" class=\"wp-image-38064\"\/><figcaption class=\"wp-element-caption\">Pasacalles exigiendo el cumplimiento de la Ley durante la \u00faltima Marcha Universitaria. Cr\u00e9ditos: Huellas del Sur.<\/figcaption><\/figure>\n\n\n\n<article class=\"wp-block-uagb-container uagb-layout-flex uagb-block-a41cc8eb default uagb-is-root-container\">\n<figure class=\"wp-block-uagb-container uagb-block-bb513af8\"><div style=\"color:#ac162c;line-height:0;padding-top:0;padding-bottom:0;padding-left:0;padding-right:0\" class=\"wp-elements-1 wp-block-post-time-to-read has-text-color has-text-align-center\">3 minutos<\/div><\/figure>\n<\/article>\n\n\n\n<p class=\"wp-block-paragraph\">La reuni\u00f3n paritaria entre el gobierno nacional y la comunidad universitaria fue un fracaso. Mientras que el Poder Ejecutivo debe aumentar los salarios m\u00e1s del 30 por ciento para cumplir con la Ley de Financiamiento Universitario, s\u00f3lo ofreci\u00f3 una suba del 3 por ciento. A su vez, tambi\u00e9n contin\u00faa sin otorgar los fondos acordados el 10 de junio para gastos de funcionamiento y hospitales. Ante esta situaci\u00f3n, las federaciones docentes ya confirmaron un paro de 24 horas para el d\u00eda mi\u00e9rcoles 2 de septiembre. A su vez, se espera que el Frente Sindical Universitario se re\u00fana al d\u00eda siguiente para evaluar c\u00f3mo seguir. Mientras tanto, pese a que hay una medida judicial vigente desde el 25 de junio, la Justicia sigue sin imponer multas econ\u00f3micas ni iniciar causas penales contra Milei y compa\u00f1\u00eda por incumplimiento y desobediencia.<\/p>\n\n\n\n<p class=\"wp-block-paragraph\">\u201c<strong>La reuni\u00f3n paritaria fue un fracaso total. Frente a un 31,2 por ciento de retraso salarial, s\u00f3lo ofrecieron una suba del 3 por ciento. Por eso, todas las federaciones docentes haremos un paro de 24 horas ma\u00f1ana<\/strong>\u201d, relata <strong>Clara Chevalier<\/strong>, secretaria general de Conadu, en di\u00e1logo con la <a href=\"https:\/\/agencia.unq.edu.ar\" target=\"_blank\" rel=\"noopener\" title=\"\">Agencia de Noticias Cient\u00edficas de la Universidad Nacional de Quilmes<\/a>.<\/p>\n\n\n\n<p class=\"wp-block-paragraph\">Y contin\u00faa: \u201c<strong>Desde los sindicatos llevamos una agenda nutrida y el gobierno no dio respuesta a nada. Incluso, tampoco respondi\u00f3 sobre los incumplimientos del acta firmada por el propio Poder Ejecutivo el 10 de junio<\/strong>. En este aspecto, no envi\u00f3 el dinero acordado para los gastos de funcionamiento ni los fondos para los hospitales. Tampoco conform\u00f3 la comisi\u00f3n para tratar la abolici\u00f3n del Fondo Nacional de Incentivo Docente\u201d.<\/p>\n\n\n\n<figure class=\"wp-block-embed aligncenter is-type-wp-embed is-provider-agencia-de-noticias-cient-ficas-de-la-unq wp-block-embed-agencia-de-noticias-cient-ficas-de-la-unq\"><div class=\"wp-block-embed__wrapper\">\n<blockquote class=\"wp-embedded-content\" data-secret=\"HCaO8nMFNZ\"><a href=\"https:\/\/agencia.unq.edu.ar\/?p=38679\">Ley de Financiamiento Universitario: \u201cEstamos esperando que el juez intime al gobierno para cumplir la cautelar\u201d<\/a><\/blockquote><iframe loading=\"lazy\" class=\"wp-embedded-content\" sandbox=\"allow-scripts\" security=\"restricted\" style=\"position: absolute; visibility: hidden;\" title=\"\u201cLey de Financiamiento Universitario: \u201cEstamos esperando que el juez intime al gobierno para cumplir la cautelar\u201d\u201d \u2014 Agencia de Noticias Cient\u00edficas de la UNQ\" src=\"https:\/\/agencia.unq.edu.ar\/?p=38679&amp;embed=true#?secret=cAtdN7p09h#?secret=HCaO8nMFNZ\" data-secret=\"HCaO8nMFNZ\" width=\"500\" height=\"282\" frameborder=\"0\" marginwidth=\"0\" marginheight=\"0\" scrolling=\"no\"><\/iframe>\n<\/div><\/figure>\n\n\n\n<h2 class=\"wp-block-heading\">El derrotero de la Ley<\/h2>\n\n\n\n<p class=\"wp-block-paragraph\">La norma fue publicada en el Bolet\u00edn Oficial el 21 de octubre de 2025. Ese mismo d\u00eda, el presidente suspendi\u00f3 su aplicaci\u00f3n y los rectores acudieron a la Justicia. Tras varios fallos, <strong>la Corte Suprema rechaz\u00f3 el 25 de junio de 2026 el recurso extraordinario interpuesto por el Estado Nacional y dej\u00f3 firme la cautelar que lo obliga a cumplir con los art\u00edculos 5 y 6<\/strong>, destinados a la actualizaci\u00f3n de los salarios y las becas. No obstante, a m\u00e1s de dos meses del dictado de la Justicia, el gobierno nacional sigue sin acatar el fallo.&nbsp;<\/p>\n\n\n\n<p class=\"wp-block-paragraph\">El 10 de junio, el Ejecutivo y representantes de la comunidad universitaria acordaron un aumento salarial del 21 por ciento. Adem\u00e1s, <strong>se increment\u00f3 el valor de la Garant\u00eda Salarial<\/strong> (el piso m\u00ednimo al que deben llegar todos los trabajadores) <strong>en un 21 por ciento, se prometi\u00f3 una suba del 3 por ciento m\u00e1s para el mes de octubre, y la vuelta a las negociaciones paritarias<\/strong> con un plazo m\u00e1ximo de 90 d\u00edas.\u00a0\u00a0\u00a0<\/p>\n\n\n\n<p class=\"wp-block-paragraph\">Al mismo tiempo, se acord\u00f3 una actualizaci\u00f3n del 20 por ciento en gastos de funcionamiento y 50 mil millones de pesos extra para los hospitales universitarios, y una suba del 50 por ciento para las Becas Manuel Belgrano, que est\u00e1n paralizadas en 81 mil pesos hace m\u00e1s de dos a\u00f1os. Sin embargo, <strong>los representantes del Poder Ejecutivo solo cumplieron (parcialmente) con la parte salarial e incumplieron el resto del acuerdo<\/strong>.\u00a0<\/p>\n\n\n\n<h2 class=\"wp-block-heading\">Cien puntos detr\u00e1s de la inflaci\u00f3n<\/h2>\n\n\n\n<p class=\"wp-block-paragraph\">De acuerdo al \u00faltimo <a href=\"https:\/\/fedun.com.ar\/wp-content\/uploads\/2026\/08\/informe14_citt-fedun-b.pdf\" target=\"_blank\" rel=\"noopener\" title=\"\">informe<\/a> elaborado en conjunto por el grupo econom\u00eda.pol\u00edtica.ciencia y la Federaci\u00f3n de Docentes de las Universidades, los sueldos deber\u00edan aumentar un 31,2 por ciento para volver a tener el nivel adquisitivo de noviembre de 2023. <strong>Para tomar dimensi\u00f3n del impacto, el nivel salarial del sector se encuentra por debajo de los valores del a\u00f1o 2002<\/strong>.&nbsp;<\/p>\n\n\n\n<p class=\"wp-block-paragraph\">Si se toman en cuenta los \u00faltimos datos oficiales, que corresponden a julio de 2026, en dos a\u00f1os y ocho meses de gobierno la inflaci\u00f3n acumulada es del 328,8 por ciento. En el mismo per\u00edodo, los salarios en las universidades nacionales aumentaron un 226,8 por ciento. De esta manera, <strong>desde noviembre de 2023 acumulan un deterioro de 102 puntos porcentuales<\/strong>.&nbsp;Por su parte, <strong>las becas Progresar, que se encuentran congeladas en 35 mil pesos, tienen que aumentar entre 90 y 100 por ciento<\/strong>.<\/p>\n\n\n\n<div class=\"wp-block-uagb-container uagb-block-dd9b3044 alignwide uagb-is-root-container\">\n<div class=\"wp-block-uagb-advanced-heading uagb-block-3482af2f\"><h4 class=\"uagb-heading-text\">\u00daltimas noticias de la secci\u00f3n Pol\u00edtica:<\/h4><\/div>\n\n\n\n\t\t\t<div class=\"wp-block-uagb-post-carousel uagb-post-grid  uagb-post__image-position-top uagb-post__image-enabled uagb-block-c0e21101     uagb-post__arrow-outside uagb-slick-carousel uagb-post__items uagb-post__columns-3 is-carousel uagb-post__columns-tablet-2 uagb-post__columns-mobile-1\" data-total=\"37\" style=\"\">\n\n\t\t\t\t\t\t\t\t\t\t\t\t<article class=\"uagb-post__inner-wrap\">\t\t\t\t\t\t\t\t<div class='uagb-post__image'>\n\t\t\t\t\t\t\t\t\t<a href=\"https:\/\/agencia.unq.edu.ar\/?p=38778\" target=\"_self\" rel=\"bookmark noopener noreferrer\"><img loading=\"lazy\" decoding=\"async\" width=\"960\" height=\"388\" src=\"https:\/\/agencia.unq.edu.ar\/wp-content\/uploads\/2026\/08\/Salud-mental-suicidios.jpg\" class=\"attachment-medium size-medium\" alt=\"La tasa de sucidios en Argentina durante 2025 super\u00f3 las cifras de la dictadura y el 2001. Cr\u00e9ditos: El Peri\u00f3dico.\" \/>\t\t\t\t\t<\/a>\n\t\t\t\t\t\t\t\t\t<\/div>\n\t\t\t\t\t\t<h4 class=\"uagb-post__title uagb-post__text\">\n\t\t\t\t<a href=\"https:\/\/agencia.unq.edu.ar\/?p=38778\" target=\"_self\" rel=\"bookmark noopener noreferrer\">Cifras de una \u00e9poca: radiograf\u00eda del suicidio en tiempos de ajuste\u00a0<\/a>\n\t\t\t<\/h4>\n\t\t\t\t\t\t<div class='uagb-post__text uagb-post-grid-byline'>\n\t\t\t\t\t\t\t<\/div>\n\t\t\t\n\t\t\t\t\t\t\t\t\t<\/article>\n\t\t\t\t\t\t\t\t\t\t\t\t\t\t\t\t<article class=\"uagb-post__inner-wrap\">\t\t\t\t\t\t\t\t<div class='uagb-post__image'>\n\t\t\t\t\t\t\t\t\t<a href=\"https:\/\/agencia.unq.edu.ar\/?p=38747\" target=\"_self\" rel=\"bookmark noopener noreferrer\"><img loading=\"lazy\" decoding=\"async\" width=\"960\" height=\"388\" src=\"https:\/\/agencia.unq.edu.ar\/wp-content\/uploads\/2026\/08\/Pacto-Digital-CDMX-Clara-Brugada.jpg\" class=\"attachment-medium size-medium\" alt=\"Clara Brugada, jefa de gobierno de la Ciudad de M\u00e9xico. Cr\u00e9ditos: Conexi\u00f3n Radio Noticias.\" \/>\t\t\t\t\t<\/a>\n\t\t\t\t\t\t\t\t\t<\/div>\n\t\t\t\t\t\t<h4 class=\"uagb-post__title uagb-post__text\">\n\t\t\t\t<a href=\"https:\/\/agencia.unq.edu.ar\/?p=38747\" target=\"_self\" rel=\"bookmark noopener noreferrer\">La Ciudad de M\u00e9xico lanza una iniciativa para proteger a los ni\u00f1os y adolescentes de internet y las pantallas<\/a>\n\t\t\t<\/h4>\n\t\t\t\t\t\t<div class='uagb-post__text uagb-post-grid-byline'>\n\t\t\t\t\t\t\t<\/div>\n\t\t\t\n\t\t\t\t\t\t\t\t\t<\/article>\n\t\t\t\t\t\t\t\t\t\t\t\t\t\t\t\t<article class=\"uagb-post__inner-wrap\">\t\t\t\t\t\t\t\t<div class='uagb-post__image'>\n\t\t\t\t\t\t\t\t\t<a href=\"https:\/\/agencia.unq.edu.ar\/?p=38679\" target=\"_self\" rel=\"bookmark noopener noreferrer\"><img loading=\"lazy\" decoding=\"async\" width=\"960\" height=\"388\" src=\"https:\/\/agencia.unq.edu.ar\/wp-content\/uploads\/2026\/08\/Pablo-Manili-abogado-CIN.jpg\" class=\"attachment-medium size-medium\" alt=\"Pablo Manili, abogado constitucionalista del Consejo Interuniversitario Nacional. Cr\u00e9ditos: Vocaci\u00f3n x periodismo.\" \/>\t\t\t\t\t<\/a>\n\t\t\t\t\t\t\t\t\t<\/div>\n\t\t\t\t\t\t<h4 class=\"uagb-post__title uagb-post__text\">\n\t\t\t\t<a href=\"https:\/\/agencia.unq.edu.ar\/?p=38679\" target=\"_self\" rel=\"bookmark noopener noreferrer\">Ley de Financiamiento Universitario: \u201cEstamos esperando que el juez intime al gobierno para cumplir la cautelar\u201d<\/a>\n\t\t\t<\/h4>\n\t\t\t\t\t\t<div class='uagb-post__text uagb-post-grid-byline'>\n\t\t\t\t\t\t\t<\/div>\n\t\t\t\n\t\t\t\t\t\t\t\t\t<\/article>\n\t\t\t\t\t\t\t\t\t\t\t\t\t\t\t\t<article class=\"uagb-post__inner-wrap\">\t\t\t\t\t\t\t\t<div class='uagb-post__image'>\n\t\t\t\t\t\t\t\t\t<a href=\"https:\/\/agencia.unq.edu.ar\/?p=38650\" target=\"_self\" rel=\"bookmark noopener noreferrer\"><img loading=\"lazy\" decoding=\"async\" width=\"960\" height=\"388\" src=\"https:\/\/agencia.unq.edu.ar\/wp-content\/uploads\/2026\/08\/Council-of-the-Americas-Milei.jpg\" class=\"attachment-medium size-medium\" alt=\"Javier Milei junto a integrantes del Council of the Americas. Cr\u00e9ditos: Capece\/Lasansky.\" \/>\t\t\t\t\t<\/a>\n\t\t\t\t\t\t\t\t\t<\/div>\n\t\t\t\t\t\t<h4 class=\"uagb-post__title uagb-post__text\">\n\t\t\t\t<a href=\"https:\/\/agencia.unq.edu.ar\/?p=38650\" target=\"_self\" rel=\"bookmark noopener noreferrer\">&#8220;Pa\u00f1uelitos verdes y baja de natalidad&#8221;, una mentira importada para retroceder en derechos sexuales y reproductivos<\/a>\n\t\t\t<\/h4>\n\t\t\t\t\t\t<div class='uagb-post__text uagb-post-grid-byline'>\n\t\t\t\t\t\t\t<\/div>\n\t\t\t\n\t\t\t\t\t\t\t\t\t<\/article>\n\t\t\t\t\t\t\t\t\t\t\t\t\t\t\t\t<article class=\"uagb-post__inner-wrap\">\t\t\t\t\t\t\t\t<div class='uagb-post__image'>\n\t\t\t\t\t\t\t\t\t<a href=\"https:\/\/agencia.unq.edu.ar\/?p=38590\" target=\"_self\" rel=\"bookmark noopener noreferrer\"><img loading=\"lazy\" decoding=\"async\" width=\"960\" height=\"388\" src=\"https:\/\/agencia.unq.edu.ar\/wp-content\/uploads\/2026\/08\/Milei-Bullrich-monitoreo-protesta.jpg\" class=\"attachment-medium size-medium\" alt=\"Milei y Patricia Bullrich monitorean junto a las fuerzas de seguridad la primera Marcha Federal Universitaria. Cr\u00e9ditos: Sol 91.5.\" \/>\t\t\t\t\t<\/a>\n\t\t\t\t\t\t\t\t\t<\/div>\n\t\t\t\t\t\t<h4 class=\"uagb-post__title uagb-post__text\">\n\t\t\t\t<a href=\"https:\/\/agencia.unq.edu.ar\/?p=38590\" target=\"_self\" rel=\"bookmark noopener noreferrer\">La verdadera campa\u00f1a del miedo: el gobierno expande la vigilancia masiva sin control ni transparencia<\/a>\n\t\t\t<\/h4>\n\t\t\t\t\t\t<div class='uagb-post__text uagb-post-grid-byline'>\n\t\t\t\t\t\t\t<\/div>\n\t\t\t\n\t\t\t\t\t\t\t\t\t<\/article>\n\t\t\t\t\t\t\t\t\t\t\t\t\t\t\t\t<article class=\"uagb-post__inner-wrap\">\t\t\t\t\t\t\t\t<div class='uagb-post__image'>\n\t\t\t\t\t\t\t\t\t<a href=\"https:\/\/agencia.unq.edu.ar\/?p=38375\" target=\"_self\" rel=\"bookmark noopener noreferrer\"><img loading=\"lazy\" decoding=\"async\" width=\"960\" height=\"388\" src=\"https:\/\/agencia.unq.edu.ar\/wp-content\/uploads\/2026\/08\/me-pongo-la-camiseta02.jpg\" class=\"attachment-medium size-medium\" alt=\"Capturas de pantalla de la convocatoria para el 12 de agosto. Cr\u00e9ditos: @raicyt_ar\" \/>\t\t\t\t\t<\/a>\n\t\t\t\t\t\t\t\t\t<\/div>\n\t\t\t\t\t\t<h4 class=\"uagb-post__title uagb-post__text\">\n\t\t\t\t<a href=\"https:\/\/agencia.unq.edu.ar\/?p=38375\" target=\"_self\" rel=\"bookmark noopener noreferrer\">Cient\u00edficos realizar\u00e1n una protesta bajo el lema \u201cMe pongo la camiseta\u201d para defender a Argentina<\/a>\n\t\t\t<\/h4>\n\t\t\t\t\t\t<div class='uagb-post__text uagb-post-grid-byline'>\n\t\t\t\t\t\t\t<\/div>\n\t\t\t\n\t\t\t\t\t\t\t\t\t<\/article>\n\t\t\t\t\t\t\t\t\t\t\t\t\t\t\t\t<article class=\"uagb-post__inner-wrap\">\t\t\t\t\t\t\t\t<div class='uagb-post__image'>\n\t\t\t\t\t\t\t\t\t<a href=\"https:\/\/agencia.unq.edu.ar\/?p=38325\" target=\"_self\" rel=\"bookmark noopener noreferrer\"><img loading=\"lazy\" decoding=\"async\" width=\"960\" height=\"388\" src=\"https:\/\/agencia.unq.edu.ar\/wp-content\/uploads\/2026\/08\/Pedro-Di-Nezio.jpg\" class=\"attachment-medium size-medium\" alt=\"Pedro Di Nezio es especialista en El Ni\u00f1o. Cr\u00e9ditos: Servicio Meteorol\u00f3gico Nacional.\" \/>\t\t\t\t\t<\/a>\n\t\t\t\t\t\t\t\t\t<\/div>\n\t\t\t\t\t\t<h4 class=\"uagb-post__title uagb-post__text\">\n\t\t\t\t<a href=\"https:\/\/agencia.unq.edu.ar\/?p=38325\" target=\"_self\" rel=\"bookmark noopener noreferrer\">Qui\u00e9n es Pedro Di Nezio, el nuevo director del Servicio Meteorol\u00f3gico Nacional<\/a>\n\t\t\t<\/h4>\n\t\t\t\t\t\t<div class='uagb-post__text uagb-post-grid-byline'>\n\t\t\t\t\t\t\t<\/div>\n\t\t\t\n\t\t\t\t\t\t\t\t\t<\/article>\n\t\t\t\t\t\t\t\t\t\t\t\t\t\t\t\t<article class=\"uagb-post__inner-wrap\">\t\t\t\t\t\t\t\t<div class='uagb-post__image'>\n\t\t\t\t\t\t\t\t\t<a href=\"https:\/\/agencia.unq.edu.ar\/?p=38314\" target=\"_self\" rel=\"bookmark noopener noreferrer\"><img loading=\"lazy\" decoding=\"async\" width=\"504\" height=\"204\" src=\"https:\/\/agencia.unq.edu.ar\/wp-content\/uploads\/2026\/08\/2026-08-06Gustavo-G-ZANOTTI.jpg\" class=\"attachment-medium size-medium\" alt=\"Gustavo Garc\u00eda Zanotti es licenciado en Econom\u00eda y se doctor\u00f3 en Desarrollo Econ\u00f3mico en la UNQ gracias a una beca del Conicet. Cr\u00e9ditos: El Ciudadano.\" \/>\t\t\t\t\t<\/a>\n\t\t\t\t\t\t\t\t\t<\/div>\n\t\t\t\t\t\t<h4 class=\"uagb-post__title uagb-post__text\">\n\t\t\t\t<a href=\"https:\/\/agencia.unq.edu.ar\/?p=38314\" target=\"_self\" rel=\"bookmark noopener noreferrer\">Un especialista en inversiones extranjeras gan\u00f3 el premio a la mejor tesis doctoral en Desarrollo Econ\u00f3mico de la UNQ<\/a>\n\t\t\t<\/h4>\n\t\t\t\t\t\t<div class='uagb-post__text uagb-post-grid-byline'>\n\t\t\t\t\t\t\t<\/div>\n\t\t\t\n\t\t\t\t\t\t\t\t\t<\/article>\n\t\t\t\t\t\t\t\t\t\t\t<\/div>\n\t\t\t<\/div>\n","protected":false},"excerpt":{"rendered":"<p>Las federaciones docentes ya confirmaron un paro de 24 horas para el mi\u00e9rcoles 2 de septiembre.<\/p>\n","protected":false},"author":6,"featured_media":38064,"comment_status":"closed","ping_status":"closed","sticky":false,"template":"","format":"standard","meta":{"_uag_custom_page_level_css":"","_monsterinsights_skip_tracking":false,"site-sidebar-layout":"default","site-content-layout":"","ast-site-content-layout":"default","site-content-style":"default","site-sidebar-style":"default","ast-global-header-display":"","ast-banner-title-visibility":"","ast-main-header-display":"","ast-hfb-above-header-display":"","ast-hfb-below-header-display":"","ast-hfb-mobile-header-display":"","site-post-title":"","ast-breadcrumbs-content":"","ast-featured-img":"","footer-sml-layout":"","ast-disable-related-posts":"","theme-transparent-header-meta":"","adv-header-id-meta":"","stick-header-meta":"","header-above-stick-meta":"","header-main-stick-meta":"","header-below-stick-meta":"","astra-migrate-meta-layouts":"default","ast-page-background-enabled":"default","ast-page-background-meta":{"desktop":{"background-color":"var(--ast-global-color-4)","background-image":"","background-repeat":"repeat","background-position":"center center","background-size":"auto","background-attachment":"scroll","background-type":"","background-media":"","overlay-type":"","overlay-color":"","overlay-opacity":"","overlay-gradient":""},"tablet":{"background-color":"","background-image":"","background-repeat":"repeat","background-position":"center center","background-size":"auto","background-attachment":"scroll","background-type":"","background-media":"","overlay-type":"","overlay-color":"","overlay-opacity":"","overlay-gradient":""},"mobile":{"background-color":"","background-image":"","background-repeat":"repeat","background-position":"center center","background-size":"auto","background-attachment":"scroll","background-type":"","background-media":"","overlay-type":"","overlay-color":"","overlay-opacity":"","overlay-gradient":""}},"ast-content-background-meta":{"desktop":{"background-color":"var(--ast-global-color-5)","background-image":"","background-repeat":"repeat","background-position":"center center","background-size":"auto","background-attachment":"scroll","background-type":"","background-media":"","overlay-type":"","overlay-color":"","overlay-opacity":"","overlay-gradient":""},"tablet":{"background-color":"var(--ast-global-color-5)","background-image":"","background-repeat":"repeat","background-position":"center center","background-size":"auto","background-attachment":"scroll","background-type":"","background-media":"","overlay-type":"","overlay-color":"","overlay-opacity":"","overlay-gradient":""},"mobile":{"background-color":"var(--ast-global-color-5)","background-image":"","background-repeat":"repeat","background-position":"center center","background-size":"auto","background-attachment":"scroll","background-type":"","background-media":"","overlay-type":"","overlay-color":"","overlay-opacity":"","overlay-gradient":""}},"footnotes":""},"categories":[16,92],"tags":[882],"class_list":["post-38836","post","type-post","status-publish","format-standard","has-post-thumbnail","hentry","category-noticia-destacada","category-politica","tag-conflicto-universitario"],"aioseo_notices":[],"aioseo_head":"\n\t\t<!-- All in One SEO 5.0.0.1 - aioseo.com -->\n\t<meta name=\"description\" content=\"Las federaciones docentes ya confirmaron un paro de 24 horas para el mi\u00e9rcoles 2 de septiembre.\" \/>\n\t<meta name=\"robots\" content=\"max-image-preview:large\" \/>\n\t<meta name=\"author\" content=\"Nicol\u00e1s Retamar\"\/>\n\t<link rel=\"canonical\" href=\"https:\/\/agencia.unq.edu.ar\/?p=38836\" \/>\n\t<meta name=\"generator\" content=\"All in One SEO (AIOSEO) 5.0.0.1\" \/>\n\t\t<meta property=\"og:locale\" content=\"es_ES\" \/>\n\t\t<meta property=\"og:site_name\" content=\"Agencia de Noticias Cient\u00edficas de la UNQ\" \/>\n\t\t<meta property=\"og:type\" content=\"article\" \/>\n\t\t<meta property=\"og:title\" content=\"Ley de Financiamiento Universitario: el gobierno se reuni\u00f3 con los sindicatos y ofreci\u00f3 un 3 por ciento de aumento cuando debe un 31 - Agencia de Noticias Cient\u00edficas de la UNQ\" \/>\n\t\t<meta property=\"og:description\" content=\"Las federaciones docentes ya confirmaron un paro de 24 horas para el mi\u00e9rcoles 2 de septiembre.\" \/>\n\t\t<meta property=\"og:url\" content=\"https:\/\/agencia.unq.edu.ar\/?p=38836\" \/>\n\t\t<meta property=\"og:image\" content=\"https:\/\/agencia.unq.edu.ar\/wp-content\/uploads\/2026\/07\/Milei-cumpli-la-Ley.jpg\" \/>\n\t\t<meta property=\"og:image:secure_url\" content=\"https:\/\/agencia.unq.edu.ar\/wp-content\/uploads\/2026\/07\/Milei-cumpli-la-Ley.jpg\" \/>\n\t\t<meta property=\"og:image:width\" content=\"1040\" \/>\n\t\t<meta property=\"og:image:height\" content=\"420\" \/>\n\t\t<meta property=\"article:published_time\" content=\"2026-09-01T17:02:52+00:00\" \/>\n\t\t<meta property=\"article:modified_time\" content=\"2026-09-01T17:02:52+00:00\" \/>\n\t\t<meta name=\"twitter:card\" content=\"summary_large_image\" \/>\n\t\t<meta name=\"twitter:site\" content=\"@Agencia__UNQ\" \/>\n\t\t<meta name=\"twitter:title\" content=\"Ley de Financiamiento Universitario: el gobierno se reuni\u00f3 con los sindicatos y ofreci\u00f3 un 3 por ciento de aumento cuando debe un 31 - Agencia de Noticias Cient\u00edficas de la UNQ\" \/>\n\t\t<meta name=\"twitter:description\" content=\"Las federaciones docentes ya confirmaron un paro de 24 horas para el mi\u00e9rcoles 2 de septiembre.\" \/>\n\t\t<meta name=\"twitter:image\" content=\"https:\/\/agencia.unq.edu.ar\/wp-content\/uploads\/2026\/07\/Milei-cumpli-la-Ley.jpg\" \/>\n\t\t<script type=\"application\/ld+json\" class=\"aioseo-schema\">\n\t\t\t{\"@context\":\"https:\\\/\\\/schema.org\",\"@graph\":[{\"@type\":\"BlogPosting\",\"@id\":\"https:\\\/\\\/agencia.unq.edu.ar\\\/?p=38836#blogposting\",\"name\":\"Ley de Financiamiento Universitario: el gobierno se reuni\\u00f3 con los sindicatos y ofreci\\u00f3 un 3 por ciento de aumento cuando debe un 31 - Agencia de Noticias Cient\\u00edficas de la UNQ\",\"headline\":\"Ley de Financiamiento Universitario: el gobierno se reuni\\u00f3 con los sindicatos y ofreci\\u00f3 un 3 por ciento de aumento cuando debe un 31\",\"author\":{\"@id\":\"https:\\\/\\\/agencia.unq.edu.ar\\\/?author=6#author\"},\"publisher\":{\"@id\":\"https:\\\/\\\/agencia.unq.edu.ar\\\/#organization\"},\"image\":{\"@type\":\"ImageObject\",\"url\":\"https:\\\/\\\/agencia.unq.edu.ar\\\/wp-content\\\/uploads\\\/2026\\\/07\\\/Milei-cumpli-la-Ley.jpg\",\"width\":1040,\"height\":420,\"caption\":\"Pasacalles exigiendo el cumplimiento de la Ley durante la \\u00faltima Marcha Universitaria. Cr\\u00e9ditos: Huellas del Sur.\"},\"datePublished\":\"2026-09-01T14:02:52-03:00\",\"dateModified\":\"2026-09-01T14:02:52-03:00\",\"inLanguage\":\"es-AR\",\"mainEntityOfPage\":{\"@id\":\"https:\\\/\\\/agencia.unq.edu.ar\\\/?p=38836#webpage\"},\"isPartOf\":{\"@id\":\"https:\\\/\\\/agencia.unq.edu.ar\\\/?p=38836#webpage\"},\"articleSection\":\"Noticia destacada, Pol\\u00edtica, Conflicto Universitario\"},{\"@type\":\"BreadcrumbList\",\"@id\":\"https:\\\/\\\/agencia.unq.edu.ar\\\/?p=38836#breadcrumblist\",\"itemListElement\":[{\"@type\":\"ListItem\",\"@id\":\"https:\\\/\\\/agencia.unq.edu.ar#listItem\",\"position\":1,\"name\":\"Home\",\"item\":\"https:\\\/\\\/agencia.unq.edu.ar\",\"nextItem\":{\"@type\":\"ListItem\",\"@id\":\"https:\\\/\\\/agencia.unq.edu.ar\\\/?cat=16#listItem\",\"name\":\"Noticia destacada\"}},{\"@type\":\"ListItem\",\"@id\":\"https:\\\/\\\/agencia.unq.edu.ar\\\/?cat=16#listItem\",\"position\":2,\"name\":\"Noticia destacada\",\"item\":\"https:\\\/\\\/agencia.unq.edu.ar\\\/?cat=16\",\"nextItem\":{\"@type\":\"ListItem\",\"@id\":\"https:\\\/\\\/agencia.unq.edu.ar\\\/?p=38836#listItem\",\"name\":\"Ley de Financiamiento Universitario: el gobierno se reuni\\u00f3 con los sindicatos y ofreci\\u00f3 un 3 por ciento de aumento cuando debe un 31\"},\"previousItem\":{\"@type\":\"ListItem\",\"@id\":\"https:\\\/\\\/agencia.unq.edu.ar#listItem\",\"name\":\"Home\"}},{\"@type\":\"ListItem\",\"@id\":\"https:\\\/\\\/agencia.unq.edu.ar\\\/?p=38836#listItem\",\"position\":3,\"name\":\"Ley de Financiamiento Universitario: el gobierno se reuni\\u00f3 con los sindicatos y ofreci\\u00f3 un 3 por ciento de aumento cuando debe un 31\",\"previousItem\":{\"@type\":\"ListItem\",\"@id\":\"https:\\\/\\\/agencia.unq.edu.ar\\\/?cat=16#listItem\",\"name\":\"Noticia destacada\"}}]},{\"@type\":\"Organization\",\"@id\":\"https:\\\/\\\/agencia.unq.edu.ar\\\/#organization\",\"name\":\"Agencia de noticias cient\\u00edficas\",\"description\":\"Contamos la ciencia en tiempo real\",\"url\":\"https:\\\/\\\/agencia.unq.edu.ar\\\/\",\"logo\":{\"@type\":\"ImageObject\",\"url\":\"https:\\\/\\\/agencia.unq.edu.ar\\\/wp-content\\\/uploads\\\/2025\\\/01\\\/logo-agencia-bn-sin-fondo.png\",\"@id\":\"https:\\\/\\\/agencia.unq.edu.ar\\\/?p=38836\\\/#organizationLogo\",\"width\":904,\"height\":222,\"caption\":\"Logo Agencia de Noticias Cient\\u00edficas de la UNQ\"},\"image\":{\"@id\":\"https:\\\/\\\/agencia.unq.edu.ar\\\/?p=38836\\\/#organizationLogo\"},\"sameAs\":[\"https:\\\/\\\/www.instagram.com\\\/agencia_noticias_unq\\\/\"]},{\"@type\":\"Person\",\"@id\":\"https:\\\/\\\/agencia.unq.edu.ar\\\/?author=6#author\",\"url\":\"https:\\\/\\\/agencia.unq.edu.ar\\\/?author=6\",\"name\":\"Nicol\\u00e1s Retamar\",\"image\":{\"@type\":\"ImageObject\",\"@id\":\"https:\\\/\\\/agencia.unq.edu.ar\\\/?p=38836#authorImage\",\"url\":\"https:\\\/\\\/secure.gravatar.com\\\/avatar\\\/d1693ba7f948f344b130f0ba3fb61a100609f44e1fd0dc6abd3869a90bcc3ad4?s=96&d=mm&r=g\",\"width\":96,\"height\":96,\"caption\":\"Nicol\\u00e1s Retamar\"}},{\"@type\":\"WebPage\",\"@id\":\"https:\\\/\\\/agencia.unq.edu.ar\\\/?p=38836#webpage\",\"url\":\"https:\\\/\\\/agencia.unq.edu.ar\\\/?p=38836\",\"name\":\"Ley de Financiamiento Universitario: el gobierno se reuni\\u00f3 con los sindicatos y ofreci\\u00f3 un 3 por ciento de aumento cuando debe un 31 - Agencia de Noticias Cient\\u00edficas de la UNQ\",\"description\":\"Las federaciones docentes ya confirmaron un paro de 24 horas para el mi\\u00e9rcoles 2 de septiembre.\",\"inLanguage\":\"es-AR\",\"isPartOf\":{\"@id\":\"https:\\\/\\\/agencia.unq.edu.ar\\\/#website\"},\"breadcrumb\":{\"@id\":\"https:\\\/\\\/agencia.unq.edu.ar\\\/?p=38836#breadcrumblist\"},\"author\":{\"@id\":\"https:\\\/\\\/agencia.unq.edu.ar\\\/?author=6#author\"},\"creator\":{\"@id\":\"https:\\\/\\\/agencia.unq.edu.ar\\\/?author=6#author\"},\"image\":{\"@type\":\"ImageObject\",\"url\":\"https:\\\/\\\/agencia.unq.edu.ar\\\/wp-content\\\/uploads\\\/2026\\\/07\\\/Milei-cumpli-la-Ley.jpg\",\"@id\":\"https:\\\/\\\/agencia.unq.edu.ar\\\/?p=38836\\\/#mainImage\",\"width\":1040,\"height\":420,\"caption\":\"Pasacalles exigiendo el cumplimiento de la Ley durante la \\u00faltima Marcha Universitaria. Cr\\u00e9ditos: Huellas del Sur.\"},\"primaryImageOfPage\":{\"@id\":\"https:\\\/\\\/agencia.unq.edu.ar\\\/?p=38836#mainImage\"},\"datePublished\":\"2026-09-01T14:02:52-03:00\",\"dateModified\":\"2026-09-01T14:02:52-03:00\"},{\"@type\":\"WebSite\",\"@id\":\"https:\\\/\\\/agencia.unq.edu.ar\\\/#website\",\"url\":\"https:\\\/\\\/agencia.unq.edu.ar\\\/\",\"name\":\"Agencia de noticias cient\\u00edficas\",\"description\":\"Contamos la ciencia en tiempo real\",\"inLanguage\":\"es-AR\",\"publisher\":{\"@id\":\"https:\\\/\\\/agencia.unq.edu.ar\\\/#organization\"}}]}\n\t\t<\/script>\n\t\t<!-- All in One SEO -->\n\n","aioseo_head_json":{"title":"Ley de Financiamiento Universitario: el gobierno se reuni\u00f3 con los sindicatos y ofreci\u00f3 un 3 por ciento de aumento cuando debe un 31 - Agencia de Noticias Cient\u00edficas de la UNQ","description":"Las federaciones docentes ya confirmaron un paro de 24 horas para el mi\u00e9rcoles 2 de septiembre.","canonical_url":"https:\/\/agencia.unq.edu.ar\/?p=38836","robots":"max-image-preview:large","keywords":"","webmasterTools":{"miscellaneous":""},"schema":{"@context":"https:\/\/schema.org","@graph":[{"@type":"BlogPosting","@id":"https:\/\/agencia.unq.edu.ar\/?p=38836#blogposting","name":"Ley de Financiamiento Universitario: el gobierno se reuni\u00f3 con los sindicatos y ofreci\u00f3 un 3 por ciento de aumento cuando debe un 31 - Agencia de Noticias Cient\u00edficas de la UNQ","headline":"Ley de Financiamiento Universitario: el gobierno se reuni\u00f3 con los sindicatos y ofreci\u00f3 un 3 por ciento de aumento cuando debe un 31","author":{"@id":"https:\/\/agencia.unq.edu.ar\/?author=6#author"},"publisher":{"@id":"https:\/\/agencia.unq.edu.ar\/#organization"},"image":{"@type":"ImageObject","url":"https:\/\/agencia.unq.edu.ar\/wp-content\/uploads\/2026\/07\/Milei-cumpli-la-Ley.jpg","width":1040,"height":420,"caption":"Pasacalles exigiendo el cumplimiento de la Ley durante la \u00faltima Marcha Universitaria. Cr\u00e9ditos: Huellas del Sur."},"datePublished":"2026-09-01T14:02:52-03:00","dateModified":"2026-09-01T14:02:52-03:00","inLanguage":"es-AR","mainEntityOfPage":{"@id":"https:\/\/agencia.unq.edu.ar\/?p=38836#webpage"},"isPartOf":{"@id":"https:\/\/agencia.unq.edu.ar\/?p=38836#webpage"},"articleSection":"Noticia destacada, Pol\u00edtica, Conflicto Universitario"},{"@type":"BreadcrumbList","@id":"https:\/\/agencia.unq.edu.ar\/?p=38836#breadcrumblist","itemListElement":[{"@type":"ListItem","@id":"https:\/\/agencia.unq.edu.ar#listItem","position":1,"name":"Home","item":"https:\/\/agencia.unq.edu.ar","nextItem":{"@type":"ListItem","@id":"https:\/\/agencia.unq.edu.ar\/?cat=16#listItem","name":"Noticia destacada"}},{"@type":"ListItem","@id":"https:\/\/agencia.unq.edu.ar\/?cat=16#listItem","position":2,"name":"Noticia destacada","item":"https:\/\/agencia.unq.edu.ar\/?cat=16","nextItem":{"@type":"ListItem","@id":"https:\/\/agencia.unq.edu.ar\/?p=38836#listItem","name":"Ley de Financiamiento Universitario: el gobierno se reuni\u00f3 con los sindicatos y ofreci\u00f3 un 3 por ciento de aumento cuando debe un 31"},"previousItem":{"@type":"ListItem","@id":"https:\/\/agencia.unq.edu.ar#listItem","name":"Home"}},{"@type":"ListItem","@id":"https:\/\/agencia.unq.edu.ar\/?p=38836#listItem","position":3,"name":"Ley de Financiamiento Universitario: el gobierno se reuni\u00f3 con los sindicatos y ofreci\u00f3 un 3 por ciento de aumento cuando debe un 31","previousItem":{"@type":"ListItem","@id":"https:\/\/agencia.unq.edu.ar\/?cat=16#listItem","name":"Noticia destacada"}}]},{"@type":"Organization","@id":"https:\/\/agencia.unq.edu.ar\/#organization","name":"Agencia de noticias cient\u00edficas","description":"Contamos la ciencia en tiempo real","url":"https:\/\/agencia.unq.edu.ar\/","logo":{"@type":"ImageObject","url":"https:\/\/agencia.unq.edu.ar\/wp-content\/uploads\/2025\/01\/logo-agencia-bn-sin-fondo.png","@id":"https:\/\/agencia.unq.edu.ar\/?p=38836\/#organizationLogo","width":904,"height":222,"caption":"Logo Agencia de Noticias Cient\u00edficas de la UNQ"},"image":{"@id":"https:\/\/agencia.unq.edu.ar\/?p=38836\/#organizationLogo"},"sameAs":["https:\/\/www.instagram.com\/agencia_noticias_unq\/"]},{"@type":"Person","@id":"https:\/\/agencia.unq.edu.ar\/?author=6#author","url":"https:\/\/agencia.unq.edu.ar\/?author=6","name":"Nicol\u00e1s Retamar","image":{"@type":"ImageObject","@id":"https:\/\/agencia.unq.edu.ar\/?p=38836#authorImage","url":"https:\/\/secure.gravatar.com\/avatar\/d1693ba7f948f344b130f0ba3fb61a100609f44e1fd0dc6abd3869a90bcc3ad4?s=96&d=mm&r=g","width":96,"height":96,"caption":"Nicol\u00e1s Retamar"}},{"@type":"WebPage","@id":"https:\/\/agencia.unq.edu.ar\/?p=38836#webpage","url":"https:\/\/agencia.unq.edu.ar\/?p=38836","name":"Ley de Financiamiento Universitario: el gobierno se reuni\u00f3 con los sindicatos y ofreci\u00f3 un 3 por ciento de aumento cuando debe un 31 - Agencia de Noticias Cient\u00edficas de la UNQ","description":"Las federaciones docentes ya confirmaron un paro de 24 horas para el mi\u00e9rcoles 2 de septiembre.","inLanguage":"es-AR","isPartOf":{"@id":"https:\/\/agencia.unq.edu.ar\/#website"},"breadcrumb":{"@id":"https:\/\/agencia.unq.edu.ar\/?p=38836#breadcrumblist"},"author":{"@id":"https:\/\/agencia.unq.edu.ar\/?author=6#author"},"creator":{"@id":"https:\/\/agencia.unq.edu.ar\/?author=6#author"},"image":{"@type":"ImageObject","url":"https:\/\/agencia.unq.edu.ar\/wp-content\/uploads\/2026\/07\/Milei-cumpli-la-Ley.jpg","@id":"https:\/\/agencia.unq.edu.ar\/?p=38836\/#mainImage","width":1040,"height":420,"caption":"Pasacalles exigiendo el cumplimiento de la Ley durante la \u00faltima Marcha Universitaria. Cr\u00e9ditos: Huellas del Sur."},"primaryImageOfPage":{"@id":"https:\/\/agencia.unq.edu.ar\/?p=38836#mainImage"},"datePublished":"2026-09-01T14:02:52-03:00","dateModified":"2026-09-01T14:02:52-03:00"},{"@type":"WebSite","@id":"https:\/\/agencia.unq.edu.ar\/#website","url":"https:\/\/agencia.unq.edu.ar\/","name":"Agencia de noticias cient\u00edficas","description":"Contamos la ciencia en tiempo real","inLanguage":"es-AR","publisher":{"@id":"https:\/\/agencia.unq.edu.ar\/#organization"}}]},"og:locale":"es_ES","og:site_name":"Agencia de Noticias Cient\u00edficas de la UNQ","og:type":"article","og:title":"Ley de Financiamiento Universitario: el gobierno se reuni\u00f3 con los sindicatos y ofreci\u00f3 un 3 por ciento de aumento cuando debe un 31 - Agencia de Noticias Cient\u00edficas de la UNQ","og:description":"Las federaciones docentes ya confirmaron un paro de 24 horas para el mi\u00e9rcoles 2 de septiembre.","og:url":"https:\/\/agencia.unq.edu.ar\/?p=38836","og:image":"https:\/\/agencia.unq.edu.ar\/wp-content\/uploads\/2026\/07\/Milei-cumpli-la-Ley.jpg","og:image:secure_url":"https:\/\/agencia.unq.edu.ar\/wp-content\/uploads\/2026\/07\/Milei-cumpli-la-Ley.jpg","og:image:width":1040,"og:image:height":420,"article:published_time":"2026-09-01T17:02:52+00:00","article:modified_time":"2026-09-01T17:02:52+00:00","twitter:card":"summary_large_image","twitter:site":"@Agencia__UNQ","twitter:title":"Ley de Financiamiento Universitario: el gobierno se reuni\u00f3 con los sindicatos y ofreci\u00f3 un 3 por ciento de aumento cuando debe un 31 - Agencia de Noticias Cient\u00edficas de la UNQ","twitter:description":"Las federaciones docentes ya confirmaron un paro de 24 horas para el mi\u00e9rcoles 2 de septiembre.","twitter:image":"https:\/\/agencia.unq.edu.ar\/wp-content\/uploads\/2026\/07\/Milei-cumpli-la-Ley.jpg"},"aioseo_meta_data":{"post_id":"38836","title":null,"description":null,"keywords":null,"keyphrases":{"focus":{"keyphrase":"","score":0,"analysis":{"keyphraseInTitle":{"score":0,"maxScore":9,"error":1}}},"additional":[]},"primary_term":null,"canonical_url":null,"og_title":null,"og_description":null,"og_object_type":"default","og_image_type":"default","og_image_url":null,"og_image_width":null,"og_image_height":null,"og_image_custom_url":null,"og_image_custom_fields":null,"og_video":"","og_custom_url":null,"og_article_section":null,"og_article_tags":null,"twitter_use_og":true,"twitter_card":"default","twitter_image_type":"default","twitter_image_url":null,"twitter_image_custom_url":null,"twitter_image_custom_fields":null,"twitter_title":null,"twitter_description":null,"schema":{"blockGraphs":[],"customGraphs":[],"default":{"data":{"Article":[],"Course":[],"Dataset":[],"FAQPage":[],"Movie":[],"Person":[],"Product":[],"ProductReview":[],"Car":[],"Recipe":[],"Service":[],"SoftwareApplication":[],"WebPage":[]},"graphName":"BlogPosting","isEnabled":true},"graphs":[]},"schema_type":"default","schema_type_options":null,"pillar_content":false,"robots_default":true,"robots_noindex":false,"robots_noarchive":false,"robots_nosnippet":false,"robots_nofollow":false,"robots_noimageindex":false,"robots_noodp":false,"robots_notranslate":false,"robots_max_snippet":"-1","robots_max_videopreview":"-1","robots_max_imagepreview":"large","priority":null,"frequency":"default","local_seo":null,"breadcrumb_settings":null,"limit_modified_date":false,"ai":{"faqs":[],"keyPoints":[],"schemas":[],"titles":[],"descriptions":[],"socialPosts":{"email":{"subject":"","preview":"","content":""},"linkedin":[],"twitter":[],"facebook":[],"instagram":[]}},"created":"2026-09-01 16:51:13","updated":"2026-09-01 17:45:44","seo_analyzer_scan_date":null,"focus_keyword":null,"additional_keywords":null,"truseo_locale":null},"aioseo_breadcrumb":"<div class=\"aioseo-breadcrumbs\"><span class=\"aioseo-breadcrumb\">\n\t\t\t<a href=\"https:\/\/agencia.unq.edu.ar\" title=\"Home\">Home<\/a>\n\t\t<\/span><span class=\"aioseo-breadcrumb-separator\">&raquo;<\/span><span class=\"aioseo-breadcrumb\">\n\t\t\t<a href=\"https:\/\/agencia.unq.edu.ar\/?cat=16\" title=\"Noticia destacada\">Noticia destacada<\/a>\n\t\t<\/span><span class=\"aioseo-breadcrumb-separator\">&raquo;<\/span><span class=\"aioseo-breadcrumb\">\n\t\t\tLey de Financiamiento Universitario: el gobierno se reuni\u00f3 con los sindicatos y ofreci\u00f3 un 3 por ciento de aumento cuando debe un 31\n\t\t<\/span><\/div>","aioseo_breadcrumb_json":[{"label":"Home","link":"https:\/\/agencia.unq.edu.ar"},{"label":"Noticia destacada","link":"https:\/\/agencia.unq.edu.ar\/?cat=16"},{"label":"Ley de Financiamiento Universitario: el gobierno se reuni\u00f3 con los sindicatos y ofreci\u00f3 un 3 por ciento de aumento cuando debe un 31","link":"https:\/\/agencia.unq.edu.ar\/?p=38836"}],"uagb_featured_image_src":{"full":["https:\/\/agencia.unq.edu.ar\/wp-content\/uploads\/2026\/07\/Milei-cumpli-la-Ley.jpg",1040,420,false],"thumbnail":["https:\/\/agencia.unq.edu.ar\/wp-content\/uploads\/2026\/07\/Milei-cumpli-la-Ley.jpg",150,61,false],"medium":["https:\/\/agencia.unq.edu.ar\/wp-content\/uploads\/2026\/07\/Milei-cumpli-la-Ley.jpg",960,388,false],"medium_large":["https:\/\/agencia.unq.edu.ar\/wp-content\/uploads\/2026\/07\/Milei-cumpli-la-Ley.jpg",768,310,false],"large":["https:\/\/agencia.unq.edu.ar\/wp-content\/uploads\/2026\/07\/Milei-cumpli-la-Ley.jpg",1040,420,false],"1536x1536":["https:\/\/agencia.unq.edu.ar\/wp-content\/uploads\/2026\/07\/Milei-cumpli-la-Ley.jpg",1040,420,false],"2048x2048":["https:\/\/agencia.unq.edu.ar\/wp-content\/uploads\/2026\/07\/Milei-cumpli-la-Ley.jpg",1040,420,false],"smart-post-landscape":["https:\/\/agencia.unq.edu.ar\/wp-content\/uploads\/2026\/07\/Milei-cumpli-la-Ley.jpg",870,351,false],"smart-post-portrait":["https:\/\/agencia.unq.edu.ar\/wp-content\/uploads\/2026\/07\/Milei-cumpli-la-Ley.jpg",600,242,false]},"uagb_author_info":{"display_name":"Nicol\u00e1s Retamar","author_link":"https:\/\/agencia.unq.edu.ar\/?author=6"},"uagb_comment_info":0,"uagb_excerpt":"Las federaciones docentes ya confirmaron un paro de 24 horas para el mi\u00e9rcoles 2 de septiembre.","blog_post_layout_featured_media_urls":{"thumbnail":["https:\/\/agencia.unq.edu.ar\/wp-content\/uploads\/2026\/07\/Milei-cumpli-la-Ley.jpg",150,61,false],"full":["https:\/\/agencia.unq.edu.ar\/wp-content\/uploads\/2026\/07\/Milei-cumpli-la-Ley.jpg",1040,420,false]},"categories_names":{"16":{"name":"Noticia destacada","link":"https:\/\/agencia.unq.edu.ar\/?cat=16"},"92":{"name":"Pol\u00edtica","link":"https:\/\/agencia.unq.edu.ar\/?cat=92"}},"tags_names":{"882":{"name":"Conflicto Universitario","link":"https:\/\/agencia.unq.edu.ar\/?tag=conflicto-universitario"}},"comments_number":"0","_links":{"self":[{"href":"https:\/\/agencia.unq.edu.ar\/index.php?rest_route=\/wp\/v2\/posts\/38836","targetHints":{"allow":["GET"]}}],"collection":[{"href":"https:\/\/agencia.unq.edu.ar\/index.php?rest_route=\/wp\/v2\/posts"}],"about":[{"href":"https:\/\/agencia.unq.edu.ar\/index.php?rest_route=\/wp\/v2\/types\/post"}],"author":[{"embeddable":true,"href":"https:\/\/agencia.unq.edu.ar\/index.php?rest_route=\/wp\/v2\/users\/6"}],"replies":[{"embeddable":true,"href":"https:\/\/agencia.unq.edu.ar\/index.php?rest_route=%2Fwp%2Fv2%2Fcomments&post=38836"}],"version-history":[{"count":3,"href":"https:\/\/agencia.unq.edu.ar\/index.php?rest_route=\/wp\/v2\/posts\/38836\/revisions"}],"predecessor-version":[{"id":38840,"href":"https:\/\/agencia.unq.edu.ar\/index.php?rest_route=\/wp\/v2\/posts\/38836\/revisions\/38840"}],"wp:featuredmedia":[{"embeddable":true,"href":"https:\/\/agencia.unq.edu.ar\/index.php?rest_route=\/wp\/v2\/media\/38064"}],"wp:attachment":[{"href":"https:\/\/agencia.unq.edu.ar\/index.php?rest_route=%2Fwp%2Fv2%2Fmedia&parent=38836"}],"wp:term":[{"taxonomy":"category","embeddable":true,"href":"https:\/\/agencia.unq.edu.ar\/index.php?rest_route=%2Fwp%2Fv2%2Fcategories&post=38836"},{"taxonomy":"post_tag","embeddable":true,"href":"https:\/\/agencia.unq.edu.ar\/index.php?rest_route=%2Fwp%2Fv2%2Ftags&post=38836"}],"curies":[{"name":"wp","href":"https:\/\/api.w.org\/{rel}","templated":true}]}}