{"id":38852,"date":"2026-09-01T18:00:55","date_gmt":"2026-09-01T21:00:55","guid":{"rendered":"https:\/\/agencia.unq.edu.ar\/?p=38852"},"modified":"2026-09-01T18:00:56","modified_gmt":"2026-09-01T21:00:56","slug":"monoxido-de-carbono-en-argentina-781-intoxicaciones-y-12-muertes-en-2026","status":"publish","type":"post","link":"https:\/\/agencia.unq.edu.ar\/?p=38852","title":{"rendered":"Mon\u00f3xido de carbono en Argentina: 781 intoxicaciones y 12 muertes en 2026"},"content":{"rendered":"\n<p class=\"wp-embed-aspect-16-9 wp-has-aspect-ratio has-medium-font-size wp-block-paragraph\" id=\"block-e7a9ff36-ee0c-4796-9d2e-1fd69773da3a\">Los casos aumentaron 7,4 por ciento frente al mismo per\u00edodo de 2025. Qu\u00e9 ocurre en el organismo y cu\u00e1les son las principales se\u00f1ales de alerta.<\/p>\n\n\n\n<figure class=\"wp-block-image aligncenter size-full\" id=\"block-c3ee2a7f-4bf9-43dd-a0f6-8acc1087bdbe\" style=\"margin-top:0px;margin-bottom:0px\"><img loading=\"lazy\" decoding=\"async\" width=\"1040\" height=\"420\" src=\"https:\/\/agencia.unq.edu.ar\/wp-content\/uploads\/2026\/09\/wikimedia-1.jpg\" alt=\"\" class=\"wp-image-38859\"\/><figcaption class=\"wp-element-caption\">Una tragedia en Palermo reabre una pregunta clave: c\u00f3mo el CO deja al cerebro y al coraz\u00f3n sin ox\u00edgeno sin que la v\u00edctima advierta el peligro. Cr\u00e9ditos: Wikimedia.<\/figcaption><\/figure>\n\n\n\n<article class=\"wp-block-uagb-container uagb-layout-flex uagb-block-a41cc8eb default uagb-is-root-container\">\n<figure class=\"wp-block-uagb-container uagb-block-bb513af8\"><div style=\"color:#ac162c;line-height:0;padding-top:0;padding-bottom:0;padding-left:0;padding-right:0\" class=\"wp-elements-1 wp-block-post-time-to-read has-text-color has-text-align-center\">3 minutos<\/div><\/figure>\n<\/article>\n\n\n\n<p class=\"wp-block-paragraph\">El \u00faltimo<a href=\"https:\/\/www.argentina.gob.ar\/noticias\/actualizacion-del-boletin-epidemiologico-nacional-de-la-semana-ndeg-28?utm_source=chatgpt.com\" target=\"_blank\" rel=\"noopener\" title=\"\"> informe<\/a> epidemiol\u00f3gico nacional registr\u00f3 <strong>781 casos de intoxicaci\u00f3n por mon\u00f3xido de carbono hasta la semana epidemiol\u00f3gica 25 de 2026 y 12 personas fallecidas<\/strong>. Son <strong>54 casos m\u00e1s que en el mismo per\u00edodo de 2025<\/strong>, un aumento del 7,4 por ciento. La regi\u00f3n Centro concentr\u00f3 el 46 por ciento de las notificaciones.<\/p>\n\n\n\n<p class=\"wp-block-paragraph\">El mon\u00f3xido de carbono (CO) puede producirse por la combusti\u00f3n deficiente en <strong>estufas, calefones, termotanques, calderas, cocinas, hornos, braseros y otros artefactos que utilizan combustibles<\/strong>. Una llama amarilla o anaranjada, una ventilaci\u00f3n obstruida o instalaciones deficientes son se\u00f1ales de alarma. La recomendaci\u00f3n frente a s\u00edntomas compatibles es concreta: <strong>abrir puertas y ventanas, salir inmediatamente del ambiente y buscar atenci\u00f3n m\u00e9dica<\/strong>. El denominador com\u00fan que muestra la mayor\u00eda de las muertes por intoxicaci\u00f3n es que el CO es un peligro sigiloso: no golpea la puerta, no tiene olor, no hace humo, ni provoca ardor de ojos. <strong>Cuando el cuerpo finalmente empieza a avisar que algo anda mal, puede llevar un buen rato respir\u00e1ndolo. <\/strong><\/p>\n\n\n\n<p class=\"wp-block-paragraph\">Para comprender mejor el fen\u00f3meno, la respuesta est\u00e1, literalmente, en la sangre. Al respirar, el ox\u00edgeno entra por los pulmones y viaja por el organismo unido a la hemoglobina de los gl\u00f3bulos rojos. Es el delivery que mantiene funcionando al cerebro, el coraz\u00f3n y el resto de los tejidos. El<strong> CO<\/strong> altera ese mecanismo: se une a la hemoglobina y forma carboxihemoglobina, reduciendo la capacidad de la sangre para transportar ox\u00edgeno. La persona sigue respirando, el pecho sube y baja, pero dentro del organismo comienza una especie de asfixia qu\u00edmica. Y ah\u00ed aparecen los primeros s\u00edntomas: <strong>dolor de cabeza, mareos, debilidad, n\u00e1useas, somnolencia y confusi\u00f3n<\/strong>. <\/p>\n\n\n\n<p class=\"wp-block-paragraph\">El Ministerio de Salud advierte que los cuadros graves pueden provocar p\u00e9rdida de conciencia, convulsiones, arritmias, infarto, coma y muerte. El problema es que dolor de cabeza y sue\u00f1o tambi\u00e9n pueden significar un d\u00eda largo, una gripe o una mala noche. El mon\u00f3xido juega justamente con esa ambig\u00fcedad.<\/p>\n\n\n\n<p class=\"wp-block-paragraph\">Hay un detalle que vuelve todav\u00eda m\u00e1s enga\u00f1osa esta intoxicaci\u00f3n. Ese peque\u00f1o <strong>ox\u00edmetro de pulso<\/strong> que millones de personas aprendieron a usar durante la pandemia puede no detectar correctamente una intoxicaci\u00f3n por mon\u00f3xido de carbono. La <a href=\"https:\/\/agencia.unq.edu.ar\/\" target=\"_blank\" rel=\"noopener\" title=\"\">Agencia de Noticias Cient\u00edficas de la Universidad Nacional de Quilmes <\/a>accedi\u00f3 a un<a href=\"https:\/\/www.annemergmed.com\/article\/S0196-0644(97)70077-5\/abstract\" target=\"_blank\" rel=\"noopener\" title=\"\"> estudio<\/a> que analiz\u00f3 a <strong>124 pacientes expuestos a CO<\/strong>. Mientras la oxigenaci\u00f3n real de la hemoglobina disminu\u00eda a medida que aumentaba la concentraci\u00f3n de carboxihemoglobina, el ox\u00edmetro convencional segu\u00eda mostrando n\u00fameros tranquilizadores.<\/p>\n\n\n\n<p class=\"wp-block-paragraph\">\u00bfEl promedio? <strong>99,2 por ciento de saturaci\u00f3n<\/strong>. Los investigadores concluyeron que la oximetr\u00eda convencional sobreestima la saturaci\u00f3n de ox\u00edgeno en estos pacientes y no permite descartar la intoxicaci\u00f3n. Es decir: <strong>un 99 en la pantalla no siempre significa que todo est\u00e9 bien<\/strong> si hubo exposici\u00f3n a mon\u00f3xido. Para diagnosticar la intoxicaci\u00f3n se necesita medir espec\u00edficamente la carboxihemoglobina en sangre.<\/p>\n\n\n\n<p class=\"wp-block-paragraph\">La falta de ox\u00edgeno no afecta solamente al cerebro. Otro <a href=\"https:\/\/pubmed.ncbi.nlm.nih.gov\/16434630\/\" target=\"_blank\" rel=\"noopener\" title=\"\">estudio <\/a>consultado por la <a href=\"https:\/\/agencia.unq.edu.ar\/\" target=\"_blank\" rel=\"noopener\" title=\"\">Agencia<\/a> sigui\u00f3 a <strong>230 adultos internados con intoxicaciones moderadas o graves por mon\u00f3xido de carbono<\/strong>. Los m\u00e9dicos detectaron lesi\u00f3n del m\u00fasculo card\u00edaco en 85 pacientes, el 37 por ciento del grupo. Despu\u00e9s, llega el dato m\u00e1s inquietante: tras un seguimiento medio de 7,6 a\u00f1os, hab\u00eda muerto el <strong>38 por ciento de quienes hab\u00edan presentado lesi\u00f3n card\u00edaca<\/strong>, frente al 15 por ciento de aquellos sin esa lesi\u00f3n. Una vez considerados otros factores, el da\u00f1o card\u00edaco se asoci\u00f3 con aproximadamente el doble de riesgo de mortalidad.<\/p>\n\n\n\n<p class=\"wp-block-paragraph\">Eso no significa que toda intoxicaci\u00f3n termine da\u00f1ando el coraz\u00f3n. El trabajo estudi\u00f3 casos moderados y severos, pero muestra que el problema puede extenderse mucho m\u00e1s all\u00e1 del momento en que alguien sale de una habitaci\u00f3n contaminada. Tampoco se trata de un accidente excepcional.<\/p>\n\n\n\n<p class=\"wp-block-paragraph\"><\/p>\n\n\n\n<div class=\"wp-block-uagb-container uagb-block-e31d8b4a alignwide uagb-is-root-container\">\n<div class=\"wp-block-uagb-advanced-heading uagb-block-55d4c858\"><h4 class=\"uagb-heading-text\">\u00daltimas noticias de la secci\u00f3n Salud:<\/h4><\/div>\n\n\n\n\t\t\t<div class=\"wp-block-uagb-post-carousel uagb-post-grid  uagb-post__image-position-top uagb-post__image-enabled uagb-block-24e22604     uagb-post__arrow-outside uagb-slick-carousel uagb-post__items uagb-post__columns-3 is-carousel uagb-post__columns-tablet-2 uagb-post__columns-mobile-1\" data-total=\"44\" style=\"\">\n\n\t\t\t\t\t\t\t\t\t\t\t\t<article class=\"uagb-post__inner-wrap\">\t\t\t\t\t\t\t\t<div class='uagb-post__image'>\n\t\t\t\t\t\t\t\t\t<a href=\"https:\/\/agencia.unq.edu.ar\/?p=38643\" target=\"_self\" rel=\"bookmark noopener noreferrer\"><img loading=\"lazy\" decoding=\"async\" width=\"960\" height=\"388\" src=\"https:\/\/agencia.unq.edu.ar\/wp-content\/uploads\/2026\/08\/Nublado.jpg\" class=\"attachment-medium size-medium\" alt=\"Seg\u00fan el SMN, la tendencia de los d\u00edas nublados podr\u00edan continuar hasta octubre. Cr\u00e9ditos: Radio del plata.\" \/>\t\t\t\t\t<\/a>\n\t\t\t\t\t\t\t\t\t<\/div>\n\t\t\t\t\t\t<h4 class=\"uagb-post__title uagb-post__text\">\n\t\t\t\t<a href=\"https:\/\/agencia.unq.edu.ar\/?p=38643\" target=\"_self\" rel=\"bookmark noopener noreferrer\">Menos luz, menos \u00e1nimo: \u00bfde qu\u00e9 manera los d\u00edas nublados pueden afectar el reloj biol\u00f3gico\u00a0de las personas?<\/a>\n\t\t\t<\/h4>\n\t\t\t\t\t\t<div class='uagb-post__text uagb-post-grid-byline'>\n\t\t\t\t\t\t\t<\/div>\n\t\t\t\n\t\t\t\t\t\t\t\t\t<\/article>\n\t\t\t\t\t\t\t\t\t\t\t\t\t\t\t\t<article class=\"uagb-post__inner-wrap\">\t\t\t\t\t\t\t\t<div class='uagb-post__image'>\n\t\t\t\t\t\t\t\t\t<a href=\"https:\/\/agencia.unq.edu.ar\/?p=38503\" target=\"_self\" rel=\"bookmark noopener noreferrer\"><img loading=\"lazy\" decoding=\"async\" width=\"960\" height=\"388\" src=\"https:\/\/agencia.unq.edu.ar\/wp-content\/uploads\/2026\/08\/argentina.gob_.jpg\" class=\"attachment-medium size-medium\" alt=\"La perfusi\u00f3n regional normot\u00e9rmica restablece de manera controlada sangre y ox\u00edgeno en determinados \u00f3rganos despu\u00e9s de certificarse el fallecimiento del donante. Cr\u00e9ditos: Argentina.gob.\" \/>\t\t\t\t\t<\/a>\n\t\t\t\t\t\t\t\t\t<\/div>\n\t\t\t\t\t\t<h4 class=\"uagb-post__title uagb-post__text\">\n\t\t\t\t<a href=\"https:\/\/agencia.unq.edu.ar\/?p=38503\" target=\"_self\" rel=\"bookmark noopener noreferrer\">Trasplante de \u00f3rganos en Argentina: c\u00f3mo funciona la nueva t\u00e9cnica que aprob\u00f3 el INCUCAI<\/a>\n\t\t\t<\/h4>\n\t\t\t\t\t\t<div class='uagb-post__text uagb-post-grid-byline'>\n\t\t\t\t\t\t\t<\/div>\n\t\t\t\n\t\t\t\t\t\t\t\t\t<\/article>\n\t\t\t\t\t\t\t\t\t\t\t\t\t\t\t\t<article class=\"uagb-post__inner-wrap\">\t\t\t\t\t\t\t\t<div class='uagb-post__image'>\n\t\t\t\t\t\t\t\t\t<a href=\"https:\/\/agencia.unq.edu.ar\/?p=38461\" target=\"_self\" rel=\"bookmark noopener noreferrer\"><img loading=\"lazy\" decoding=\"async\" width=\"960\" height=\"388\" src=\"https:\/\/agencia.unq.edu.ar\/wp-content\/uploads\/2026\/08\/istock.jpg\" class=\"attachment-medium size-medium\" alt=\"Una ca\u00edda a alta velocidad puede provocar traumatismos importantes, especialmente cuando los chicos circulan sin casco ni supervisi\u00f3n adecuada. Cr\u00e9dito: Istock.\" \/>\t\t\t\t\t<\/a>\n\t\t\t\t\t\t\t\t\t<\/div>\n\t\t\t\t\t\t<h4 class=\"uagb-post__title uagb-post__text\">\n\t\t\t\t<a href=\"https:\/\/agencia.unq.edu.ar\/?p=38461\" target=\"_self\" rel=\"bookmark noopener noreferrer\">Monopatines el\u00e9ctricos: el juguete que no es un juguete y ya preocupa a los m\u00e9dicos<\/a>\n\t\t\t<\/h4>\n\t\t\t\t\t\t<div class='uagb-post__text uagb-post-grid-byline'>\n\t\t\t\t\t\t\t<\/div>\n\t\t\t\n\t\t\t\t\t\t\t\t\t<\/article>\n\t\t\t\t\t\t\t\t\t\t\t\t\t\t\t\t<article class=\"uagb-post__inner-wrap\">\t\t\t\t\t\t\t\t<div class='uagb-post__image'>\n\t\t\t\t\t\t\t\t\t<a href=\"https:\/\/agencia.unq.edu.ar\/?p=38390\" target=\"_self\" rel=\"bookmark noopener noreferrer\"><img loading=\"lazy\" decoding=\"async\" width=\"960\" height=\"388\" src=\"https:\/\/agencia.unq.edu.ar\/wp-content\/uploads\/2026\/08\/wallmart.jpg\" class=\"attachment-medium size-medium\" alt=\"Un nuevo estudio pone bajo la lupa al pl\u00e1stico de los envases. Cr\u00e9dito: Walmart.\" \/>\t\t\t\t\t<\/a>\n\t\t\t\t\t\t\t\t\t<\/div>\n\t\t\t\t\t\t<h4 class=\"uagb-post__title uagb-post__text\">\n\t\t\t\t<a href=\"https:\/\/agencia.unq.edu.ar\/?p=38390\" target=\"_self\" rel=\"bookmark noopener noreferrer\">Descubren un nuevo factor que podr\u00eda empeorar el h\u00edgado graso<\/a>\n\t\t\t<\/h4>\n\t\t\t\t\t\t<div class='uagb-post__text uagb-post-grid-byline'>\n\t\t\t\t\t\t\t<\/div>\n\t\t\t\n\t\t\t\t\t\t\t\t\t<\/article>\n\t\t\t\t\t\t\t\t\t\t\t\t\t\t\t\t<article class=\"uagb-post__inner-wrap\">\t\t\t\t\t\t\t\t<div class='uagb-post__image'>\n\t\t\t\t\t\t\t\t\t<a href=\"https:\/\/agencia.unq.edu.ar\/?p=38358\" target=\"_self\" rel=\"bookmark noopener noreferrer\"><img loading=\"lazy\" decoding=\"async\" width=\"960\" height=\"388\" src=\"https:\/\/agencia.unq.edu.ar\/wp-content\/uploads\/2026\/08\/Salud-mental-redes-sociales.jpg\" class=\"attachment-medium size-medium\" alt=\"Cr\u00e9ditos: Psicolog\u00eda y Mente.\" \/>\t\t\t\t\t<\/a>\n\t\t\t\t\t\t\t\t\t<\/div>\n\t\t\t\t\t\t<h4 class=\"uagb-post__title uagb-post__text\">\n\t\t\t\t<a href=\"https:\/\/agencia.unq.edu.ar\/?p=38358\" target=\"_self\" rel=\"bookmark noopener noreferrer\">Un estudio demuestra que las redes sociales pueden generar ansiedad en cuesti\u00f3n de minutos\u00a0<\/a>\n\t\t\t<\/h4>\n\t\t\t\t\t\t<div class='uagb-post__text uagb-post-grid-byline'>\n\t\t\t\t\t\t\t<\/div>\n\t\t\t\n\t\t\t\t\t\t\t\t\t<\/article>\n\t\t\t\t\t\t\t\t\t\t\t\t\t\t\t\t<article class=\"uagb-post__inner-wrap\">\t\t\t\t\t\t\t\t<div class='uagb-post__image'>\n\t\t\t\t\t\t\t\t\t<a href=\"https:\/\/agencia.unq.edu.ar\/?p=38297\" target=\"_self\" rel=\"bookmark noopener noreferrer\"><img loading=\"lazy\" decoding=\"async\" width=\"960\" height=\"388\" src=\"https:\/\/agencia.unq.edu.ar\/wp-content\/uploads\/2026\/08\/Ideali-de-belleza.jpg\" class=\"attachment-medium size-medium\" alt=\"Cr\u00e9ditos: Aragolaser.\" \/>\t\t\t\t\t<\/a>\n\t\t\t\t\t\t\t\t\t<\/div>\n\t\t\t\t\t\t<h4 class=\"uagb-post__title uagb-post__text\">\n\t\t\t\t<a href=\"https:\/\/agencia.unq.edu.ar\/?p=38297\" target=\"_self\" rel=\"bookmark noopener noreferrer\">&#8220;Alloclae&#8221; y &#8220;yesoterapia&#8221;: \u00bfpor qu\u00e9 siempre aparece una nueva forma de modificar el cuerpo?<\/a>\n\t\t\t<\/h4>\n\t\t\t\t\t\t<div class='uagb-post__text uagb-post-grid-byline'>\n\t\t\t\t\t\t\t<\/div>\n\t\t\t\n\t\t\t\t\t\t\t\t\t<\/article>\n\t\t\t\t\t\t\t\t\t\t\t\t\t\t\t\t<article class=\"uagb-post__inner-wrap\">\t\t\t\t\t\t\t\t<div class='uagb-post__image'>\n\t\t\t\t\t\t\t\t\t<a href=\"https:\/\/agencia.unq.edu.ar\/?p=38265\" target=\"_self\" rel=\"bookmark noopener noreferrer\"><img loading=\"lazy\" decoding=\"async\" width=\"960\" height=\"388\" src=\"https:\/\/agencia.unq.edu.ar\/wp-content\/uploads\/2026\/08\/Diagnostico-y-redes-sociales-salud-mental.jpg\" class=\"attachment-medium size-medium\" alt=\"Cr\u00e9ditos: Ennewsssv.com\" \/>\t\t\t\t\t<\/a>\n\t\t\t\t\t\t\t\t\t<\/div>\n\t\t\t\t\t\t<h4 class=\"uagb-post__title uagb-post__text\">\n\t\t\t\t<a href=\"https:\/\/agencia.unq.edu.ar\/?p=38265\" target=\"_self\" rel=\"bookmark noopener noreferrer\">Entre algoritmos y autodiagn\u00f3sticos: c\u00f3mo las redes sociales moldean la conversaci\u00f3n sobre salud mental<\/a>\n\t\t\t<\/h4>\n\t\t\t\t\t\t<div class='uagb-post__text uagb-post-grid-byline'>\n\t\t\t\t\t\t\t<\/div>\n\t\t\t\n\t\t\t\t\t\t\t\t\t<\/article>\n\t\t\t\t\t\t\t\t\t\t\t\t\t\t\t\t<article class=\"uagb-post__inner-wrap\">\t\t\t\t\t\t\t\t<div class='uagb-post__image'>\n\t\t\t\t\t\t\t\t\t<a href=\"https:\/\/agencia.unq.edu.ar\/?p=38239\" target=\"_self\" rel=\"bookmark noopener noreferrer\"><img loading=\"lazy\" decoding=\"async\" width=\"960\" height=\"388\" src=\"https:\/\/agencia.unq.edu.ar\/wp-content\/uploads\/2026\/07\/doulasofraleigh.jpg\" class=\"attachment-medium size-medium\" alt=\"La preparaci\u00f3n prenatal poco realista puede dejar a muchas mujeres sin herramientas para afrontar dolor, dudas sobre la leche y problemas de agarre. Cr\u00e9ditos: Doulasofraleigh.\" \/>\t\t\t\t\t<\/a>\n\t\t\t\t\t\t\t\t\t<\/div>\n\t\t\t\t\t\t<h4 class=\"uagb-post__title uagb-post__text\">\n\t\t\t\t<a href=\"https:\/\/agencia.unq.edu.ar\/?p=38239\" target=\"_self\" rel=\"bookmark noopener noreferrer\">Lactancia personalizada: qu\u00e9 apoyo necesitan las mujeres<\/a>\n\t\t\t<\/h4>\n\t\t\t\t\t\t<div class='uagb-post__text uagb-post-grid-byline'>\n\t\t\t\t\t\t\t<\/div>\n\t\t\t\n\t\t\t\t\t\t\t\t\t<\/article>\n\t\t\t\t\t\t\t\t\t\t\t<\/div>\n\t\t\t<\/div>\n","protected":false},"excerpt":{"rendered":"<p>Los casos aumentaron 7,4 por ciento frente al mismo per\u00edodo de 2025. Qu\u00e9 ocurre en el organismo y cu\u00e1les son las principales se\u00f1ales de alerta.<\/p>\n","protected":false},"author":7,"featured_media":38859,"comment_status":"closed","ping_status":"closed","sticky":false,"template":"","format":"standard","meta":{"_uag_custom_page_level_css":"","_monsterinsights_skip_tracking":false,"site-sidebar-layout":"default","site-content-layout":"","ast-site-content-layout":"default","site-content-style":"default","site-sidebar-style":"default","ast-global-header-display":"","ast-banner-title-visibility":"","ast-main-header-display":"","ast-hfb-above-header-display":"","ast-hfb-below-header-display":"","ast-hfb-mobile-header-display":"","site-post-title":"","ast-breadcrumbs-content":"","ast-featured-img":"","footer-sml-layout":"","ast-disable-related-posts":"","theme-transparent-header-meta":"","adv-header-id-meta":"","stick-header-meta":"","header-above-stick-meta":"","header-main-stick-meta":"","header-below-stick-meta":"","astra-migrate-meta-layouts":"default","ast-page-background-enabled":"default","ast-page-background-meta":{"desktop":{"background-color":"var(--ast-global-color-4)","background-image":"","background-repeat":"repeat","background-position":"center center","background-size":"auto","background-attachment":"scroll","background-type":"","background-media":"","overlay-type":"","overlay-color":"","overlay-opacity":"","overlay-gradient":""},"tablet":{"background-color":"","background-image":"","background-repeat":"repeat","background-position":"center center","background-size":"auto","background-attachment":"scroll","background-type":"","background-media":"","overlay-type":"","overlay-color":"","overlay-opacity":"","overlay-gradient":""},"mobile":{"background-color":"","background-image":"","background-repeat":"repeat","background-position":"center center","background-size":"auto","background-attachment":"scroll","background-type":"","background-media":"","overlay-type":"","overlay-color":"","overlay-opacity":"","overlay-gradient":""}},"ast-content-background-meta":{"desktop":{"background-color":"var(--ast-global-color-5)","background-image":"","background-repeat":"repeat","background-position":"center center","background-size":"auto","background-attachment":"scroll","background-type":"","background-media":"","overlay-type":"","overlay-color":"","overlay-opacity":"","overlay-gradient":""},"tablet":{"background-color":"var(--ast-global-color-5)","background-image":"","background-repeat":"repeat","background-position":"center center","background-size":"auto","background-attachment":"scroll","background-type":"","background-media":"","overlay-type":"","overlay-color":"","overlay-opacity":"","overlay-gradient":""},"mobile":{"background-color":"var(--ast-global-color-5)","background-image":"","background-repeat":"repeat","background-position":"center center","background-size":"auto","background-attachment":"scroll","background-type":"","background-media":"","overlay-type":"","overlay-color":"","overlay-opacity":"","overlay-gradient":""}},"footnotes":""},"categories":[16,9],"tags":[],"class_list":["post-38852","post","type-post","status-publish","format-standard","has-post-thumbnail","hentry","category-noticia-destacada","category-salud"],"aioseo_notices":[],"aioseo_head":"\n\t\t<!-- All in One SEO 5.0.0.1 - aioseo.com -->\n\t<meta name=\"description\" content=\"Los casos aumentaron 7,4 por ciento frente al mismo per\u00edodo de 2025. Qu\u00e9 ocurre en el organismo y cu\u00e1les son las principales se\u00f1ales de alerta.\" \/>\n\t<meta name=\"robots\" content=\"max-image-preview:large\" \/>\n\t<meta name=\"author\" content=\"Mar\u00eda Ximena Perez\"\/>\n\t<link rel=\"canonical\" href=\"https:\/\/agencia.unq.edu.ar\/?p=38852\" \/>\n\t<meta name=\"generator\" content=\"All in One SEO (AIOSEO) 5.0.0.1\" \/>\n\t\t<meta property=\"og:locale\" content=\"es_ES\" \/>\n\t\t<meta property=\"og:site_name\" content=\"Agencia de Noticias Cient\u00edficas de la UNQ\" \/>\n\t\t<meta property=\"og:type\" content=\"article\" \/>\n\t\t<meta property=\"og:title\" content=\"Mon\u00f3xido de carbono en Argentina: 781 intoxicaciones y 12 muertes en 2026 - Agencia de Noticias Cient\u00edficas de la UNQ\" \/>\n\t\t<meta property=\"og:description\" content=\"Los casos aumentaron 7,4 por ciento frente al mismo per\u00edodo de 2025. Qu\u00e9 ocurre en el organismo y cu\u00e1les son las principales se\u00f1ales de alerta.\" \/>\n\t\t<meta property=\"og:url\" content=\"https:\/\/agencia.unq.edu.ar\/?p=38852\" \/>\n\t\t<meta property=\"og:image\" content=\"https:\/\/agencia.unq.edu.ar\/wp-content\/uploads\/2026\/09\/wikimedia-1.jpg\" \/>\n\t\t<meta property=\"og:image:secure_url\" content=\"https:\/\/agencia.unq.edu.ar\/wp-content\/uploads\/2026\/09\/wikimedia-1.jpg\" \/>\n\t\t<meta property=\"og:image:width\" content=\"1040\" \/>\n\t\t<meta property=\"og:image:height\" content=\"420\" \/>\n\t\t<meta property=\"article:published_time\" content=\"2026-09-01T21:00:55+00:00\" \/>\n\t\t<meta property=\"article:modified_time\" content=\"2026-09-01T21:00:56+00:00\" \/>\n\t\t<meta name=\"twitter:card\" content=\"summary_large_image\" \/>\n\t\t<meta name=\"twitter:site\" content=\"@Agencia__UNQ\" \/>\n\t\t<meta name=\"twitter:title\" content=\"Mon\u00f3xido de carbono en Argentina: 781 intoxicaciones y 12 muertes en 2026 - Agencia de Noticias Cient\u00edficas de la UNQ\" \/>\n\t\t<meta name=\"twitter:description\" content=\"Los casos aumentaron 7,4 por ciento frente al mismo per\u00edodo de 2025. Qu\u00e9 ocurre en el organismo y cu\u00e1les son las principales se\u00f1ales de alerta.\" \/>\n\t\t<meta name=\"twitter:image\" content=\"https:\/\/agencia.unq.edu.ar\/wp-content\/uploads\/2026\/09\/wikimedia-1.jpg\" \/>\n\t\t<script type=\"application\/ld+json\" class=\"aioseo-schema\">\n\t\t\t{\"@context\":\"https:\\\/\\\/schema.org\",\"@graph\":[{\"@type\":\"BlogPosting\",\"@id\":\"https:\\\/\\\/agencia.unq.edu.ar\\\/?p=38852#blogposting\",\"name\":\"Mon\\u00f3xido de carbono en Argentina: 781 intoxicaciones y 12 muertes en 2026 - Agencia de Noticias Cient\\u00edficas de la UNQ\",\"headline\":\"Mon\\u00f3xido de carbono en Argentina: 781 intoxicaciones y 12 muertes en 2026\",\"author\":{\"@id\":\"https:\\\/\\\/agencia.unq.edu.ar\\\/?author=7#author\"},\"publisher\":{\"@id\":\"https:\\\/\\\/agencia.unq.edu.ar\\\/#organization\"},\"image\":{\"@type\":\"ImageObject\",\"url\":\"https:\\\/\\\/agencia.unq.edu.ar\\\/wp-content\\\/uploads\\\/2026\\\/09\\\/wikimedia-1.jpg\",\"width\":1040,\"height\":420,\"caption\":\"Una tragedia en Palermo reabre una pregunta clave: c\\u00f3mo el CO deja al cerebro y al coraz\\u00f3n sin ox\\u00edgeno sin que la v\\u00edctima advierta el peligro. Cr\\u00e9ditos: Wikimedia.\"},\"datePublished\":\"2026-09-01T18:00:55-03:00\",\"dateModified\":\"2026-09-01T18:00:56-03:00\",\"inLanguage\":\"es-AR\",\"mainEntityOfPage\":{\"@id\":\"https:\\\/\\\/agencia.unq.edu.ar\\\/?p=38852#webpage\"},\"isPartOf\":{\"@id\":\"https:\\\/\\\/agencia.unq.edu.ar\\\/?p=38852#webpage\"},\"articleSection\":\"Noticia destacada, Salud\"},{\"@type\":\"BreadcrumbList\",\"@id\":\"https:\\\/\\\/agencia.unq.edu.ar\\\/?p=38852#breadcrumblist\",\"itemListElement\":[{\"@type\":\"ListItem\",\"@id\":\"https:\\\/\\\/agencia.unq.edu.ar#listItem\",\"position\":1,\"name\":\"Home\",\"item\":\"https:\\\/\\\/agencia.unq.edu.ar\",\"nextItem\":{\"@type\":\"ListItem\",\"@id\":\"https:\\\/\\\/agencia.unq.edu.ar\\\/?cat=9#listItem\",\"name\":\"Salud\"}},{\"@type\":\"ListItem\",\"@id\":\"https:\\\/\\\/agencia.unq.edu.ar\\\/?cat=9#listItem\",\"position\":2,\"name\":\"Salud\",\"item\":\"https:\\\/\\\/agencia.unq.edu.ar\\\/?cat=9\",\"nextItem\":{\"@type\":\"ListItem\",\"@id\":\"https:\\\/\\\/agencia.unq.edu.ar\\\/?p=38852#listItem\",\"name\":\"Mon\\u00f3xido de carbono en Argentina: 781 intoxicaciones y 12 muertes en 2026\"},\"previousItem\":{\"@type\":\"ListItem\",\"@id\":\"https:\\\/\\\/agencia.unq.edu.ar#listItem\",\"name\":\"Home\"}},{\"@type\":\"ListItem\",\"@id\":\"https:\\\/\\\/agencia.unq.edu.ar\\\/?p=38852#listItem\",\"position\":3,\"name\":\"Mon\\u00f3xido de carbono en Argentina: 781 intoxicaciones y 12 muertes en 2026\",\"previousItem\":{\"@type\":\"ListItem\",\"@id\":\"https:\\\/\\\/agencia.unq.edu.ar\\\/?cat=9#listItem\",\"name\":\"Salud\"}}]},{\"@type\":\"Organization\",\"@id\":\"https:\\\/\\\/agencia.unq.edu.ar\\\/#organization\",\"name\":\"Agencia de noticias cient\\u00edficas\",\"description\":\"Contamos la ciencia en tiempo real\",\"url\":\"https:\\\/\\\/agencia.unq.edu.ar\\\/\",\"logo\":{\"@type\":\"ImageObject\",\"url\":\"https:\\\/\\\/agencia.unq.edu.ar\\\/wp-content\\\/uploads\\\/2025\\\/01\\\/logo-agencia-bn-sin-fondo.png\",\"@id\":\"https:\\\/\\\/agencia.unq.edu.ar\\\/?p=38852\\\/#organizationLogo\",\"width\":904,\"height\":222,\"caption\":\"Logo Agencia de Noticias Cient\\u00edficas de la UNQ\"},\"image\":{\"@id\":\"https:\\\/\\\/agencia.unq.edu.ar\\\/?p=38852\\\/#organizationLogo\"},\"sameAs\":[\"https:\\\/\\\/www.instagram.com\\\/agencia_noticias_unq\\\/\"]},{\"@type\":\"Person\",\"@id\":\"https:\\\/\\\/agencia.unq.edu.ar\\\/?author=7#author\",\"url\":\"https:\\\/\\\/agencia.unq.edu.ar\\\/?author=7\",\"name\":\"Mar\\u00eda Ximena Perez\",\"image\":{\"@type\":\"ImageObject\",\"@id\":\"https:\\\/\\\/agencia.unq.edu.ar\\\/?p=38852#authorImage\",\"url\":\"https:\\\/\\\/secure.gravatar.com\\\/avatar\\\/3d2d90fdb1ac8bae4489d5bcf861ab60bf01d9881e8b626f669a3d44a219a7c7?s=96&d=mm&r=g\",\"width\":96,\"height\":96,\"caption\":\"Mar\\u00eda Ximena Perez\"}},{\"@type\":\"WebPage\",\"@id\":\"https:\\\/\\\/agencia.unq.edu.ar\\\/?p=38852#webpage\",\"url\":\"https:\\\/\\\/agencia.unq.edu.ar\\\/?p=38852\",\"name\":\"Mon\\u00f3xido de carbono en Argentina: 781 intoxicaciones y 12 muertes en 2026 - Agencia de Noticias Cient\\u00edficas de la UNQ\",\"description\":\"Los casos aumentaron 7,4 por ciento frente al mismo per\\u00edodo de 2025. Qu\\u00e9 ocurre en el organismo y cu\\u00e1les son las principales se\\u00f1ales de alerta.\",\"inLanguage\":\"es-AR\",\"isPartOf\":{\"@id\":\"https:\\\/\\\/agencia.unq.edu.ar\\\/#website\"},\"breadcrumb\":{\"@id\":\"https:\\\/\\\/agencia.unq.edu.ar\\\/?p=38852#breadcrumblist\"},\"author\":{\"@id\":\"https:\\\/\\\/agencia.unq.edu.ar\\\/?author=7#author\"},\"creator\":{\"@id\":\"https:\\\/\\\/agencia.unq.edu.ar\\\/?author=7#author\"},\"image\":{\"@type\":\"ImageObject\",\"url\":\"https:\\\/\\\/agencia.unq.edu.ar\\\/wp-content\\\/uploads\\\/2026\\\/09\\\/wikimedia-1.jpg\",\"@id\":\"https:\\\/\\\/agencia.unq.edu.ar\\\/?p=38852\\\/#mainImage\",\"width\":1040,\"height\":420,\"caption\":\"Una tragedia en Palermo reabre una pregunta clave: c\\u00f3mo el CO deja al cerebro y al coraz\\u00f3n sin ox\\u00edgeno sin que la v\\u00edctima advierta el peligro. Cr\\u00e9ditos: Wikimedia.\"},\"primaryImageOfPage\":{\"@id\":\"https:\\\/\\\/agencia.unq.edu.ar\\\/?p=38852#mainImage\"},\"datePublished\":\"2026-09-01T18:00:55-03:00\",\"dateModified\":\"2026-09-01T18:00:56-03:00\"},{\"@type\":\"WebSite\",\"@id\":\"https:\\\/\\\/agencia.unq.edu.ar\\\/#website\",\"url\":\"https:\\\/\\\/agencia.unq.edu.ar\\\/\",\"name\":\"Agencia de noticias cient\\u00edficas\",\"description\":\"Contamos la ciencia en tiempo real\",\"inLanguage\":\"es-AR\",\"publisher\":{\"@id\":\"https:\\\/\\\/agencia.unq.edu.ar\\\/#organization\"}}]}\n\t\t<\/script>\n\t\t<!-- All in One SEO -->\n\n","aioseo_head_json":{"title":"Mon\u00f3xido de carbono en Argentina: 781 intoxicaciones y 12 muertes en 2026 - Agencia de Noticias Cient\u00edficas de la UNQ","description":"Los casos aumentaron 7,4 por ciento frente al mismo per\u00edodo de 2025. Qu\u00e9 ocurre en el organismo y cu\u00e1les son las principales se\u00f1ales de alerta.","canonical_url":"https:\/\/agencia.unq.edu.ar\/?p=38852","robots":"max-image-preview:large","keywords":"","webmasterTools":{"miscellaneous":""},"schema":{"@context":"https:\/\/schema.org","@graph":[{"@type":"BlogPosting","@id":"https:\/\/agencia.unq.edu.ar\/?p=38852#blogposting","name":"Mon\u00f3xido de carbono en Argentina: 781 intoxicaciones y 12 muertes en 2026 - Agencia de Noticias Cient\u00edficas de la UNQ","headline":"Mon\u00f3xido de carbono en Argentina: 781 intoxicaciones y 12 muertes en 2026","author":{"@id":"https:\/\/agencia.unq.edu.ar\/?author=7#author"},"publisher":{"@id":"https:\/\/agencia.unq.edu.ar\/#organization"},"image":{"@type":"ImageObject","url":"https:\/\/agencia.unq.edu.ar\/wp-content\/uploads\/2026\/09\/wikimedia-1.jpg","width":1040,"height":420,"caption":"Una tragedia en Palermo reabre una pregunta clave: c\u00f3mo el CO deja al cerebro y al coraz\u00f3n sin ox\u00edgeno sin que la v\u00edctima advierta el peligro. Cr\u00e9ditos: Wikimedia."},"datePublished":"2026-09-01T18:00:55-03:00","dateModified":"2026-09-01T18:00:56-03:00","inLanguage":"es-AR","mainEntityOfPage":{"@id":"https:\/\/agencia.unq.edu.ar\/?p=38852#webpage"},"isPartOf":{"@id":"https:\/\/agencia.unq.edu.ar\/?p=38852#webpage"},"articleSection":"Noticia destacada, Salud"},{"@type":"BreadcrumbList","@id":"https:\/\/agencia.unq.edu.ar\/?p=38852#breadcrumblist","itemListElement":[{"@type":"ListItem","@id":"https:\/\/agencia.unq.edu.ar#listItem","position":1,"name":"Home","item":"https:\/\/agencia.unq.edu.ar","nextItem":{"@type":"ListItem","@id":"https:\/\/agencia.unq.edu.ar\/?cat=9#listItem","name":"Salud"}},{"@type":"ListItem","@id":"https:\/\/agencia.unq.edu.ar\/?cat=9#listItem","position":2,"name":"Salud","item":"https:\/\/agencia.unq.edu.ar\/?cat=9","nextItem":{"@type":"ListItem","@id":"https:\/\/agencia.unq.edu.ar\/?p=38852#listItem","name":"Mon\u00f3xido de carbono en Argentina: 781 intoxicaciones y 12 muertes en 2026"},"previousItem":{"@type":"ListItem","@id":"https:\/\/agencia.unq.edu.ar#listItem","name":"Home"}},{"@type":"ListItem","@id":"https:\/\/agencia.unq.edu.ar\/?p=38852#listItem","position":3,"name":"Mon\u00f3xido de carbono en Argentina: 781 intoxicaciones y 12 muertes en 2026","previousItem":{"@type":"ListItem","@id":"https:\/\/agencia.unq.edu.ar\/?cat=9#listItem","name":"Salud"}}]},{"@type":"Organization","@id":"https:\/\/agencia.unq.edu.ar\/#organization","name":"Agencia de noticias cient\u00edficas","description":"Contamos la ciencia en tiempo real","url":"https:\/\/agencia.unq.edu.ar\/","logo":{"@type":"ImageObject","url":"https:\/\/agencia.unq.edu.ar\/wp-content\/uploads\/2025\/01\/logo-agencia-bn-sin-fondo.png","@id":"https:\/\/agencia.unq.edu.ar\/?p=38852\/#organizationLogo","width":904,"height":222,"caption":"Logo Agencia de Noticias Cient\u00edficas de la UNQ"},"image":{"@id":"https:\/\/agencia.unq.edu.ar\/?p=38852\/#organizationLogo"},"sameAs":["https:\/\/www.instagram.com\/agencia_noticias_unq\/"]},{"@type":"Person","@id":"https:\/\/agencia.unq.edu.ar\/?author=7#author","url":"https:\/\/agencia.unq.edu.ar\/?author=7","name":"Mar\u00eda Ximena Perez","image":{"@type":"ImageObject","@id":"https:\/\/agencia.unq.edu.ar\/?p=38852#authorImage","url":"https:\/\/secure.gravatar.com\/avatar\/3d2d90fdb1ac8bae4489d5bcf861ab60bf01d9881e8b626f669a3d44a219a7c7?s=96&d=mm&r=g","width":96,"height":96,"caption":"Mar\u00eda Ximena Perez"}},{"@type":"WebPage","@id":"https:\/\/agencia.unq.edu.ar\/?p=38852#webpage","url":"https:\/\/agencia.unq.edu.ar\/?p=38852","name":"Mon\u00f3xido de carbono en Argentina: 781 intoxicaciones y 12 muertes en 2026 - Agencia de Noticias Cient\u00edficas de la UNQ","description":"Los casos aumentaron 7,4 por ciento frente al mismo per\u00edodo de 2025. Qu\u00e9 ocurre en el organismo y cu\u00e1les son las principales se\u00f1ales de alerta.","inLanguage":"es-AR","isPartOf":{"@id":"https:\/\/agencia.unq.edu.ar\/#website"},"breadcrumb":{"@id":"https:\/\/agencia.unq.edu.ar\/?p=38852#breadcrumblist"},"author":{"@id":"https:\/\/agencia.unq.edu.ar\/?author=7#author"},"creator":{"@id":"https:\/\/agencia.unq.edu.ar\/?author=7#author"},"image":{"@type":"ImageObject","url":"https:\/\/agencia.unq.edu.ar\/wp-content\/uploads\/2026\/09\/wikimedia-1.jpg","@id":"https:\/\/agencia.unq.edu.ar\/?p=38852\/#mainImage","width":1040,"height":420,"caption":"Una tragedia en Palermo reabre una pregunta clave: c\u00f3mo el CO deja al cerebro y al coraz\u00f3n sin ox\u00edgeno sin que la v\u00edctima advierta el peligro. Cr\u00e9ditos: Wikimedia."},"primaryImageOfPage":{"@id":"https:\/\/agencia.unq.edu.ar\/?p=38852#mainImage"},"datePublished":"2026-09-01T18:00:55-03:00","dateModified":"2026-09-01T18:00:56-03:00"},{"@type":"WebSite","@id":"https:\/\/agencia.unq.edu.ar\/#website","url":"https:\/\/agencia.unq.edu.ar\/","name":"Agencia de noticias cient\u00edficas","description":"Contamos la ciencia en tiempo real","inLanguage":"es-AR","publisher":{"@id":"https:\/\/agencia.unq.edu.ar\/#organization"}}]},"og:locale":"es_ES","og:site_name":"Agencia de Noticias Cient\u00edficas de la UNQ","og:type":"article","og:title":"Mon\u00f3xido de carbono en Argentina: 781 intoxicaciones y 12 muertes en 2026 - Agencia de Noticias Cient\u00edficas de la UNQ","og:description":"Los casos aumentaron 7,4 por ciento frente al mismo per\u00edodo de 2025. Qu\u00e9 ocurre en el organismo y cu\u00e1les son las principales se\u00f1ales de alerta.","og:url":"https:\/\/agencia.unq.edu.ar\/?p=38852","og:image":"https:\/\/agencia.unq.edu.ar\/wp-content\/uploads\/2026\/09\/wikimedia-1.jpg","og:image:secure_url":"https:\/\/agencia.unq.edu.ar\/wp-content\/uploads\/2026\/09\/wikimedia-1.jpg","og:image:width":1040,"og:image:height":420,"article:published_time":"2026-09-01T21:00:55+00:00","article:modified_time":"2026-09-01T21:00:56+00:00","twitter:card":"summary_large_image","twitter:site":"@Agencia__UNQ","twitter:title":"Mon\u00f3xido de carbono en Argentina: 781 intoxicaciones y 12 muertes en 2026 - Agencia de Noticias Cient\u00edficas de la UNQ","twitter:description":"Los casos aumentaron 7,4 por ciento frente al mismo per\u00edodo de 2025. Qu\u00e9 ocurre en el organismo y cu\u00e1les son las principales se\u00f1ales de alerta.","twitter:image":"https:\/\/agencia.unq.edu.ar\/wp-content\/uploads\/2026\/09\/wikimedia-1.jpg"},"aioseo_meta_data":{"post_id":"38852","title":null,"description":null,"keywords":null,"keyphrases":{"focus":{"keyphrase":"","score":0,"analysis":{"keyphraseInTitle":{"score":0,"maxScore":9,"error":1}}},"additional":[]},"primary_term":null,"canonical_url":null,"og_title":null,"og_description":null,"og_object_type":"default","og_image_type":"default","og_image_url":null,"og_image_width":null,"og_image_height":null,"og_image_custom_url":null,"og_image_custom_fields":null,"og_video":"","og_custom_url":null,"og_article_section":null,"og_article_tags":null,"twitter_use_og":true,"twitter_card":"default","twitter_image_type":"default","twitter_image_url":null,"twitter_image_custom_url":null,"twitter_image_custom_fields":null,"twitter_title":null,"twitter_description":null,"schema":{"blockGraphs":[],"customGraphs":[],"default":{"data":{"Article":[],"Course":[],"Dataset":[],"FAQPage":[],"Movie":[],"Person":[],"Product":[],"ProductReview":[],"Car":[],"Recipe":[],"Service":[],"SoftwareApplication":[],"WebPage":[]},"graphName":"BlogPosting","isEnabled":true},"graphs":[]},"schema_type":"default","schema_type_options":null,"pillar_content":false,"robots_default":true,"robots_noindex":false,"robots_noarchive":false,"robots_nosnippet":false,"robots_nofollow":false,"robots_noimageindex":false,"robots_noodp":false,"robots_notranslate":false,"robots_max_snippet":"-1","robots_max_videopreview":"-1","robots_max_imagepreview":"large","priority":null,"frequency":"default","local_seo":null,"breadcrumb_settings":null,"limit_modified_date":false,"ai":{"faqs":[],"keyPoints":[],"schemas":[],"titles":[],"descriptions":[],"socialPosts":{"email":{"subject":"","preview":"","content":""},"linkedin":[],"twitter":[],"facebook":[],"instagram":[]}},"created":"2026-09-01 20:18:23","updated":"2026-09-01 21:51:43","seo_analyzer_scan_date":null,"focus_keyword":null,"additional_keywords":null,"truseo_locale":null},"aioseo_breadcrumb":"<div class=\"aioseo-breadcrumbs\"><span class=\"aioseo-breadcrumb\">\n\t\t\t<a href=\"https:\/\/agencia.unq.edu.ar\" title=\"Home\">Home<\/a>\n\t\t<\/span><span class=\"aioseo-breadcrumb-separator\">&raquo;<\/span><span class=\"aioseo-breadcrumb\">\n\t\t\t<a href=\"https:\/\/agencia.unq.edu.ar\/?cat=9\" title=\"Salud\">Salud<\/a>\n\t\t<\/span><span class=\"aioseo-breadcrumb-separator\">&raquo;<\/span><span class=\"aioseo-breadcrumb\">\n\t\t\tMon\u00f3xido de carbono en Argentina: 781 intoxicaciones y 12 muertes en 2026\n\t\t<\/span><\/div>","aioseo_breadcrumb_json":[{"label":"Home","link":"https:\/\/agencia.unq.edu.ar"},{"label":"Salud","link":"https:\/\/agencia.unq.edu.ar\/?cat=9"},{"label":"Mon\u00f3xido de carbono en Argentina: 781 intoxicaciones y 12 muertes en 2026","link":"https:\/\/agencia.unq.edu.ar\/?p=38852"}],"uagb_featured_image_src":{"full":["https:\/\/agencia.unq.edu.ar\/wp-content\/uploads\/2026\/09\/wikimedia-1.jpg",1040,420,false],"thumbnail":["https:\/\/agencia.unq.edu.ar\/wp-content\/uploads\/2026\/09\/wikimedia-1.jpg",150,61,false],"medium":["https:\/\/agencia.unq.edu.ar\/wp-content\/uploads\/2026\/09\/wikimedia-1.jpg",960,388,false],"medium_large":["https:\/\/agencia.unq.edu.ar\/wp-content\/uploads\/2026\/09\/wikimedia-1.jpg",768,310,false],"large":["https:\/\/agencia.unq.edu.ar\/wp-content\/uploads\/2026\/09\/wikimedia-1.jpg",1040,420,false],"1536x1536":["https:\/\/agencia.unq.edu.ar\/wp-content\/uploads\/2026\/09\/wikimedia-1.jpg",1040,420,false],"2048x2048":["https:\/\/agencia.unq.edu.ar\/wp-content\/uploads\/2026\/09\/wikimedia-1.jpg",1040,420,false],"smart-post-landscape":["https:\/\/agencia.unq.edu.ar\/wp-content\/uploads\/2026\/09\/wikimedia-1.jpg",870,351,false],"smart-post-portrait":["https:\/\/agencia.unq.edu.ar\/wp-content\/uploads\/2026\/09\/wikimedia-1.jpg",600,242,false]},"uagb_author_info":{"display_name":"Mar\u00eda Ximena Perez","author_link":"https:\/\/agencia.unq.edu.ar\/?author=7"},"uagb_comment_info":0,"uagb_excerpt":"Los casos aumentaron 7,4 por ciento frente al mismo per\u00edodo de 2025. Qu\u00e9 ocurre en el organismo y cu\u00e1les son las principales se\u00f1ales de alerta.","blog_post_layout_featured_media_urls":{"thumbnail":["https:\/\/agencia.unq.edu.ar\/wp-content\/uploads\/2026\/09\/wikimedia-1.jpg",150,61,false],"full":["https:\/\/agencia.unq.edu.ar\/wp-content\/uploads\/2026\/09\/wikimedia-1.jpg",1040,420,false]},"categories_names":{"16":{"name":"Noticia destacada","link":"https:\/\/agencia.unq.edu.ar\/?cat=16"},"9":{"name":"Salud","link":"https:\/\/agencia.unq.edu.ar\/?cat=9"}},"tags_names":[],"comments_number":"0","_links":{"self":[{"href":"https:\/\/agencia.unq.edu.ar\/index.php?rest_route=\/wp\/v2\/posts\/38852","targetHints":{"allow":["GET"]}}],"collection":[{"href":"https:\/\/agencia.unq.edu.ar\/index.php?rest_route=\/wp\/v2\/posts"}],"about":[{"href":"https:\/\/agencia.unq.edu.ar\/index.php?rest_route=\/wp\/v2\/types\/post"}],"author":[{"embeddable":true,"href":"https:\/\/agencia.unq.edu.ar\/index.php?rest_route=\/wp\/v2\/users\/7"}],"replies":[{"embeddable":true,"href":"https:\/\/agencia.unq.edu.ar\/index.php?rest_route=%2Fwp%2Fv2%2Fcomments&post=38852"}],"version-history":[{"count":12,"href":"https:\/\/agencia.unq.edu.ar\/index.php?rest_route=\/wp\/v2\/posts\/38852\/revisions"}],"predecessor-version":[{"id":38868,"href":"https:\/\/agencia.unq.edu.ar\/index.php?rest_route=\/wp\/v2\/posts\/38852\/revisions\/38868"}],"wp:featuredmedia":[{"embeddable":true,"href":"https:\/\/agencia.unq.edu.ar\/index.php?rest_route=\/wp\/v2\/media\/38859"}],"wp:attachment":[{"href":"https:\/\/agencia.unq.edu.ar\/index.php?rest_route=%2Fwp%2Fv2%2Fmedia&parent=38852"}],"wp:term":[{"taxonomy":"category","embeddable":true,"href":"https:\/\/agencia.unq.edu.ar\/index.php?rest_route=%2Fwp%2Fv2%2Fcategories&post=38852"},{"taxonomy":"post_tag","embeddable":true,"href":"https:\/\/agencia.unq.edu.ar\/index.php?rest_route=%2Fwp%2Fv2%2Ftags&post=38852"}],"curies":[{"name":"wp","href":"https:\/\/api.w.org\/{rel}","templated":true}]}}