{"id":38875,"date":"2026-09-03T14:07:08","date_gmt":"2026-09-03T17:07:08","guid":{"rendered":"https:\/\/agencia.unq.edu.ar\/?p=38875"},"modified":"2026-09-03T14:07:09","modified_gmt":"2026-09-03T17:07:09","slug":"un-graduado-de-artes-digitales-de-la-unq-participara-del-festival-internacional-de-la-juventud-en-rusia","status":"publish","type":"post","link":"https:\/\/agencia.unq.edu.ar\/?p=38875","title":{"rendered":"Un graduado de Artes Digitales de la UNQ participar\u00e1 del Festival Internacional de la Juventud en Rusia"},"content":{"rendered":"\n<p class=\"wp-embed-aspect-16-9 wp-has-aspect-ratio has-medium-font-size wp-block-paragraph\" id=\"block-e7a9ff36-ee0c-4796-9d2e-1fd69773da3a\">Guido Masso fue seleccionado a partir de &#8220;No tengas miedo&#8221;, un documental que realiz\u00f3 durante su carrera acad\u00e9mica. Del evento, participar\u00e1n 10 mil personas de todo el mundo.<\/p>\n\n\n\n<figure class=\"wp-block-image aligncenter size-full\" id=\"block-c3ee2a7f-4bf9-43dd-a0f6-8acc1087bdbe\" style=\"margin-top:0px;margin-bottom:0px\"><img loading=\"lazy\" decoding=\"async\" width=\"1040\" height=\"420\" src=\"https:\/\/agencia.unq.edu.ar\/wp-content\/uploads\/2026\/09\/Guido-Javier-Masso.jpg\" alt=\"Guido Javier Masso es graduado de la Licenciatura en Artes Digitales de la UNQ. Cr\u00e9ditos: UNQ\" class=\"wp-image-38876\"\/><figcaption class=\"wp-element-caption\">Guido Javier Masso es graduado de la Licenciatura en Artes Digitales de la UNQ. Cr\u00e9ditos: Lo Que Vendr\u00e1<\/figcaption><\/figure>\n\n\n\n<article class=\"wp-block-uagb-container uagb-layout-flex uagb-block-a41cc8eb default uagb-is-root-container\">\n<figure class=\"wp-block-uagb-container uagb-block-bb513af8\"><div style=\"color:#ac162c;line-height:0;padding-top:0;padding-bottom:0;padding-left:0;padding-right:0\" class=\"wp-elements-1 wp-block-post-time-to-read has-text-color has-text-align-center\">4 minutos<\/div><\/figure>\n<\/article>\n\n\n\n<p class=\"wp-block-paragraph\">Guido Javier Masso es graduado de la Licenciatura en Artes Digitales de la Universidad Nacional de Quilmes y participar\u00e1 del Festival Internacional de la Juventud, que se realizar\u00e1 del 11 al 17 de septiembre en Ekaterimburgo, Rusia. Masso qued\u00f3 seleccionado a partir del documental \u201cDon\u00b4t be afraid &#8211; No tengan miedo\u201d, una producci\u00f3n que present\u00f3 como Trabajo Final Integrador de la carrera y que recorre la pregunta sobre qu\u00e9 necesita la humanidad para ser mejor. El Festival, que re\u00fane a 10 mil j\u00f3venes de Rusia y del mundo, busca promover el di\u00e1logo intercultural y el intercambio de ideas para construir un futuro mejor.<\/p>\n\n\n\n<p class=\"wp-block-paragraph\"><strong>El Festival Internacional de la Juventud naci\u00f3 en 1957 en Mosc\u00fa bajo el lema \u201cPor la paz y la amistad\u201d. <\/strong>En esta edici\u00f3n, cinco mil j\u00f3venes de distintas regiones de Rusia y otros cinco mil que provienen de 191 pa\u00edses se re\u00fanen para dialogar, intercambiar ideas y construir nuevas formas de cooperaci\u00f3n internacional. <strong>Entre quienes viajan en el comit\u00e9 argentino, se encuentra Guido Javier Masso.<\/strong><\/p>\n\n\n\n<p class=\"wp-block-paragraph\">En di\u00e1logo con la <a href=\"https:\/\/agencia.unq.edu.ar\/\" target=\"_blank\" rel=\"noopener\" title=\"\">Agencia de Noticias Cient\u00edficas de la UNQ<\/a>, Masso cuenta: <strong>\u201cPara la convocatoria, present\u00e9 mi Trabajo Final Integrador que realic\u00e9 durante mi carrera. Es un documental llamado \u2018Don\u00b4t be afraid &#8211; No tengan miedo<\/strong>\u2019. Lo grab\u00e9 en un viaje personal que hice a Grecia y que r\u00e1pidamente se convirti\u00f3 en una investigaci\u00f3n. Conoc\u00ed gente atravesada por las guerras en Europa y en Medio Oriente que <strong>me despert\u00f3 la pregunta acerca de qu\u00e9 miedos tenemos las personas que nos impiden tener la vida que deseamos<\/strong>\u201d.<\/p>\n\n\n\n<p class=\"wp-block-paragraph\">As\u00ed, <strong>el documental sigue los pasos de Alexandros, un arquitecto de 54 a\u00f1os que decidi\u00f3 ser artista callejero, y propone una relectura contempor\u00e1nea del mito de Perseo y Medusa<\/strong>. \u201cMedusa es la met\u00e1fora del miedo que paraliza y Perseo la figura de quien necesita herramientas para atravesarlo. La c\u00e1mara funciona entonces como un escudo-reflejo: una forma de mirar el miedo, el prejuicio y el deseo sin quedar petrificado.<strong> Busco que nos preguntemos qu\u00e9 vida dejamos de vivir por miedo, qu\u00e9 etiquetas usamos para mirar a los dem\u00e1s y qu\u00e9 puede aportar cada persona al pulso com\u00fan de la humanidad<\/strong>\u201d, describe.<\/p>\n\n\n\n<p class=\"wp-block-paragraph\">Una vez presentado su documental y partir de la pregunta disparadora, <strong>Masso se propuso desarrollar la aplicaci\u00f3n \u201cPulsar Humano\u201d, que busca conectar personas que pueden ofrecer un talento, una habilidad o un recurso con aquellas que lo necesitan<\/strong>. \u201cHace tiempo que veo en los distintos espacios que habito que lo que falta muchas veces no son recursos sino la articulaci\u00f3n entre ellos. Entonces,<strong> la idea es que quienes necesitan ayuda y quienes pueden darla, se conecten. Es una especie de Tinder<\/strong>&#8220;, explica.<\/p>\n\n\n\n<figure class=\"wp-block-image aligncenter size-full\"><img loading=\"lazy\" decoding=\"async\" width=\"700\" height=\"467\" src=\"https:\/\/agencia.unq.edu.ar\/wp-content\/uploads\/2026\/09\/UNQ-Streaming-Noche-de-las-universidades-02-1.jpg\" alt=\"Guido Masso en UNQ Streaming durante la &quot;Noche de las universidades&quot;. Cr\u00e9ditos: UNQ Streaming.\" class=\"wp-image-38877\"\/><figcaption class=\"wp-element-caption\">Guido Masso en UNQ Streaming durante la &#8220;Noche de las universidades&#8221;. Cr\u00e9ditos: UNQ Streaming.<\/figcaption><\/figure>\n\n\n\n<p class=\"wp-block-paragraph\">Y contin\u00faa: &#8220;<strong>Una ayuda puede ser desde una persona que necesite que alguien le instale un programa en la computadora de la escuela hasta un centro cultural que necesita manos para pintar o pintura<\/strong>. La idea tambi\u00e9n es que se puedan inscribir empresas que puedan donar el material que les sobre de su trabajo\u201d. <strong>Esta app, desencadenada a partir del trabajo que realiz\u00f3 para la UNQ, ser\u00e1 la iniciativa que presente y fortalezca en el Festival Internacional de la Juventud en Rusia.&nbsp;<\/strong><\/p>\n\n\n\n<p class=\"wp-block-paragraph\">\u201c<strong>La UNQ me dio la posibilidad de formarme acad\u00e9micamente de manera gratuita. No solo me recib\u00ed en la Licenciatura en Artes Digitales, sino que tambi\u00e9n transit\u00e9 durante unos a\u00f1os la Licenciatura en Comunicaci\u00f3n Social<\/strong>. Eleg\u00ed las artes porque tengo una pulsi\u00f3n por el lado art\u00edstico. Aprend\u00ed mucho sobre la construcci\u00f3n audiovisual y sobre el desarrollo web que, luego, profundic\u00e9 de manera independiente\u201d, relata a la <a href=\"https:\/\/agencia.unq.edu.ar\/\" target=\"_blank\" rel=\"noopener\" title=\"\">Agencia<\/a>.<\/p>\n\n\n\n<p class=\"wp-block-paragraph\">Adem\u00e1s de su paso por la Licenciatura en Artes Digitales de la UNQ, <strong>Masso particip\u00f3 como uno de los conductores de Sobre las Cartas a la Mesa, programa de UNQ Streaming<\/strong> dedicado a abordar la realidad pol\u00edtica desde el humor y la cultura general. Tambi\u00e9n, <strong>obtuvo distintas menciones en Lo Que Vendr\u00e1 \u2013festival de la UNQ destinado a premiar las producciones realizadas en la carrera\u2013 y fue ganador de Mejor Videoclip en Premiarte,<\/strong> instancia de competencia audiovisual de la Tecnicatura en Producci\u00f3n Digital de la Universidad. Adem\u00e1s, entre 2020 y 2022, tambi\u00e9n <strong>particip\u00f3 en Altavoz, programa de la Televisi\u00f3n P\u00fablica, representando a la Universidad Nacional de Quilmes.&nbsp;<\/strong><\/p>\n\n\n\n<p class=\"wp-block-paragraph\">En paralelo, Masso desarrolla desde hace m\u00e1s de diez a\u00f1os su trayectoria profesional en la gesti\u00f3n cultural p\u00fablica de la Municipalidad de Avellaneda. Actualmente, es coordinador general del <strong>Centro Municipal de Arte. Adem\u00e1s,<\/strong> forma parte de <strong>Potencia Argentina<\/strong>, una escuela nacional y pluripartidaria de formaci\u00f3n de l\u00edderes.<\/p>\n\n\n\n<p class=\"wp-block-paragraph\"><\/p>\n\n\n\n<div class=\"wp-block-uagb-container uagb-block-e31d8b4a alignwide uagb-is-root-container\">\n<div class=\"wp-block-uagb-advanced-heading uagb-block-fd68d2f2\"><h4 class=\"uagb-heading-text\">\u00daltimas noticias de la secci\u00f3n Sociedad:<\/h4><\/div>\n\n\n\n\t\t\t<div class=\"wp-block-uagb-post-carousel uagb-post-grid  uagb-post__image-position-top uagb-post__image-enabled uagb-block-24e22604     uagb-post__arrow-outside uagb-slick-carousel uagb-post__items uagb-post__columns-3 is-carousel uagb-post__columns-tablet-2 uagb-post__columns-mobile-1\" data-total=\"48\" style=\"\">\n\n\t\t\t\t\t\t\t\t\t\t\t\t<article class=\"uagb-post__inner-wrap\">\t\t\t\t\t\t\t\t<div class='uagb-post__image'>\n\t\t\t\t\t\t\t\t\t<a href=\"https:\/\/agencia.unq.edu.ar\/?p=37690\" target=\"_self\" rel=\"bookmark noopener noreferrer\"><img loading=\"lazy\" decoding=\"async\" width=\"960\" height=\"388\" src=\"https:\/\/agencia.unq.edu.ar\/wp-content\/uploads\/2026\/07\/iPiccy-img-7.jpg\" class=\"attachment-medium size-medium\" alt=\"Messi festeja el 3 a 0 ante Argelia. Cr\u00e9ditos: Getty Images\" \/>\t\t\t\t\t<\/a>\n\t\t\t\t\t\t\t\t\t<\/div>\n\t\t\t\t\t\t<h4 class=\"uagb-post__title uagb-post__text\">\n\t\t\t\t<a href=\"https:\/\/agencia.unq.edu.ar\/?p=37690\" target=\"_self\" rel=\"bookmark noopener noreferrer\">Colgar los botines: \u00bfc\u00f3mo viven los \u00eddolos del f\u00fatbol el momento de retirarse?<\/a>\n\t\t\t<\/h4>\n\t\t\t\t\t\t<div class='uagb-post__text uagb-post-grid-byline'>\n\t\t\t\t\t\t\t<\/div>\n\t\t\t\n\t\t\t\t\t\t\t\t\t<\/article>\n\t\t\t\t\t\t\t\t\t\t\t\t\t\t\t\t<article class=\"uagb-post__inner-wrap\">\t\t\t\t\t\t\t\t<div class='uagb-post__image'>\n\t\t\t\t\t\t\t\t\t<a href=\"https:\/\/agencia.unq.edu.ar\/?p=38710\" target=\"_self\" rel=\"bookmark noopener noreferrer\"><img loading=\"lazy\" decoding=\"async\" width=\"960\" height=\"388\" src=\"https:\/\/agencia.unq.edu.ar\/wp-content\/uploads\/2026\/08\/pexels-1.jpg\" class=\"attachment-medium size-medium\" alt=\"Un celular, una audiencia y una pregunta que crece: \u00bfcu\u00e1ndo una actividad infantil en redes sociales deja de ser un juego y comienza a convertirse en una actividad econ\u00f3mica? Cr\u00e9dito: Pexels.\" \/>\t\t\t\t\t<\/a>\n\t\t\t\t\t\t\t\t\t<\/div>\n\t\t\t\t\t\t<h4 class=\"uagb-post__title uagb-post__text\">\n\t\t\t\t<a href=\"https:\/\/agencia.unq.edu.ar\/?p=38710\" target=\"_self\" rel=\"bookmark noopener noreferrer\">Kidfluencers: la nueva forma de trabajo infantil que naci\u00f3 con las redes sociales<\/a>\n\t\t\t<\/h4>\n\t\t\t\t\t\t<div class='uagb-post__text uagb-post-grid-byline'>\n\t\t\t\t\t\t\t<\/div>\n\t\t\t\n\t\t\t\t\t\t\t\t\t<\/article>\n\t\t\t\t\t\t\t\t\t\t\t\t\t\t\t\t<article class=\"uagb-post__inner-wrap\">\t\t\t\t\t\t\t\t<div class='uagb-post__image'>\n\t\t\t\t\t\t\t\t\t<a href=\"https:\/\/agencia.unq.edu.ar\/?p=38658\" target=\"_self\" rel=\"bookmark noopener noreferrer\"><img loading=\"lazy\" decoding=\"async\" width=\"960\" height=\"388\" src=\"https:\/\/agencia.unq.edu.ar\/wp-content\/uploads\/2026\/08\/Ishant-Chauhan_Hindustan-Times.jpg\" class=\"attachment-medium size-medium\" alt=\"La cucaracha se convirti\u00f3 en el s\u00edmbolo de un movimiento juvenil nacido en redes sociales que llev\u00f3 sus reclamos desde los memes hasta las calles de India. Cr\u00e9dito: Business Insider \/ Getty Images.\" \/>\t\t\t\t\t<\/a>\n\t\t\t\t\t\t\t\t\t<\/div>\n\t\t\t\t\t\t<h4 class=\"uagb-post__title uagb-post__text\">\n\t\t\t\t<a href=\"https:\/\/agencia.unq.edu.ar\/?p=38658\" target=\"_self\" rel=\"bookmark noopener noreferrer\">Partido de las Cucarachas: c\u00f3mo un meme pol\u00edtico reuni\u00f3 a millones de j\u00f3venes y desafi\u00f3 la pol\u00edtica tradicional en India<\/a>\n\t\t\t<\/h4>\n\t\t\t\t\t\t<div class='uagb-post__text uagb-post-grid-byline'>\n\t\t\t\t\t\t\t<\/div>\n\t\t\t\n\t\t\t\t\t\t\t\t\t<\/article>\n\t\t\t\t\t\t\t\t\t\t\t\t\t\t\t\t<article class=\"uagb-post__inner-wrap\">\t\t\t\t\t\t\t\t<div class='uagb-post__image'>\n\t\t\t\t\t\t\t\t\t<a href=\"https:\/\/agencia.unq.edu.ar\/?p=38609\" target=\"_self\" rel=\"bookmark noopener noreferrer\"><img loading=\"lazy\" decoding=\"async\" width=\"960\" height=\"388\" src=\"https:\/\/agencia.unq.edu.ar\/wp-content\/uploads\/2026\/08\/pexels.jpg\" class=\"attachment-medium size-medium\" alt=\"Los ni\u00f1os no s\u00f3lo aprenden reglas: tambi\u00e9n observan c\u00f3mo los adultos las aplican y construyen desde temprano su propia idea de justicia. Cr\u00e9ditos: Pexels.\" \/>\t\t\t\t\t<\/a>\n\t\t\t\t\t\t\t\t\t<\/div>\n\t\t\t\t\t\t<h4 class=\"uagb-post__title uagb-post__text\">\n\t\t\t\t<a href=\"https:\/\/agencia.unq.edu.ar\/?p=38609\" target=\"_self\" rel=\"bookmark noopener noreferrer\">Para la ciencia, los ni\u00f1os prefieren un castigo antes que una injusticia<\/a>\n\t\t\t<\/h4>\n\t\t\t\t\t\t<div class='uagb-post__text uagb-post-grid-byline'>\n\t\t\t\t\t\t\t<\/div>\n\t\t\t\n\t\t\t\t\t\t\t\t\t<\/article>\n\t\t\t\t\t\t\t\t\t\t\t\t\t\t\t\t<article class=\"uagb-post__inner-wrap\">\t\t\t\t\t\t\t\t<div class='uagb-post__image'>\n\t\t\t\t\t\t\t\t\t<a href=\"https:\/\/agencia.unq.edu.ar\/?p=38558\" target=\"_self\" rel=\"bookmark noopener noreferrer\"><img loading=\"lazy\" decoding=\"async\" width=\"960\" height=\"388\" src=\"https:\/\/agencia.unq.edu.ar\/wp-content\/uploads\/2026\/08\/Credito_-Mi8.jpg\" class=\"attachment-medium size-medium\" alt=\"Dos j\u00f3venes se enfrentan en una \u201cbatalla de aura\u201d, una competencia en la que gestos, poses y actitud se convierten en herramientas para ganar reconocimiento frente al p\u00fablico. Cr\u00e9dito: Mi8.\" \/>\t\t\t\t\t<\/a>\n\t\t\t\t\t\t\t\t\t<\/div>\n\t\t\t\t\t\t<h4 class=\"uagb-post__title uagb-post__text\">\n\t\t\t\t<a href=\"https:\/\/agencia.unq.edu.ar\/?p=38558\" target=\"_self\" rel=\"bookmark noopener noreferrer\">De los gauchos a TikTok: qu\u00e9 significa \u201cfarmear aura\u201d y por qu\u00e9 esta obsesi\u00f3n por el prestigio no es tan nueva<\/a>\n\t\t\t<\/h4>\n\t\t\t\t\t\t<div class='uagb-post__text uagb-post-grid-byline'>\n\t\t\t\t\t\t\t<\/div>\n\t\t\t\n\t\t\t\t\t\t\t\t\t<\/article>\n\t\t\t\t\t\t\t\t\t\t\t\t\t\t\t\t<article class=\"uagb-post__inner-wrap\">\t\t\t\t\t\t\t\t<div class='uagb-post__image'>\n\t\t\t\t\t\t\t\t\t<a href=\"https:\/\/agencia.unq.edu.ar\/?p=38575\" target=\"_self\" rel=\"bookmark noopener noreferrer\"><img loading=\"lazy\" decoding=\"async\" width=\"960\" height=\"388\" src=\"https:\/\/agencia.unq.edu.ar\/wp-content\/uploads\/2026\/08\/cierre-comercios-economia.jpg\" class=\"attachment-medium size-medium\" alt=\"El \u00cdndice de Incertidumbre Econ\u00f3mica registra niveles superiores a los de la segunda presidencia de Cristina Fern\u00e1ndez de Kirchner y Mauricio Macri. Cr\u00e9ditos: Infobae.\" \/>\t\t\t\t\t<\/a>\n\t\t\t\t\t\t\t\t\t<\/div>\n\t\t\t\t\t\t<h4 class=\"uagb-post__title uagb-post__text\">\n\t\t\t\t<a href=\"https:\/\/agencia.unq.edu.ar\/?p=38575\" target=\"_self\" rel=\"bookmark noopener noreferrer\">Como la bola de cristal: la UCA desarrolla un \u00edndice que ayuda a predecir el futuro de la econom\u00eda<\/a>\n\t\t\t<\/h4>\n\t\t\t\t\t\t<div class='uagb-post__text uagb-post-grid-byline'>\n\t\t\t\t\t\t\t<\/div>\n\t\t\t\n\t\t\t\t\t\t\t\t\t<\/article>\n\t\t\t\t\t\t\t\t\t\t\t\t\t\t\t\t<article class=\"uagb-post__inner-wrap\">\t\t\t\t\t\t\t\t<div class='uagb-post__image'>\n\t\t\t\t\t\t\t\t\t<a href=\"https:\/\/agencia.unq.edu.ar\/?p=38548\" target=\"_self\" rel=\"bookmark noopener noreferrer\"><img loading=\"lazy\" decoding=\"async\" width=\"960\" height=\"388\" src=\"https:\/\/agencia.unq.edu.ar\/wp-content\/uploads\/2026\/08\/Quilmes.jpg\" class=\"attachment-medium size-medium\" alt=\"Vista a\u00e9rea de la planta de la Cervecer\u00eda y Malter\u00eda Quilmes ubicada en el partido de Quilmes. A un costado, las v\u00edas del Tren Roca. Cr\u00e9ditos: La maldici\u00f3n del sauce.\" \/>\t\t\t\t\t<\/a>\n\t\t\t\t\t\t\t\t\t<\/div>\n\t\t\t\t\t\t<h4 class=\"uagb-post__title uagb-post__text\">\n\t\t\t\t<a href=\"https:\/\/agencia.unq.edu.ar\/?p=38548\" target=\"_self\" rel=\"bookmark noopener noreferrer\">\u201cLa maldici\u00f3n del sauce\u201d, el documental de estudiantes de la UNQ que recupera la identidad quilme\u00f1a<\/a>\n\t\t\t<\/h4>\n\t\t\t\t\t\t<div class='uagb-post__text uagb-post-grid-byline'>\n\t\t\t\t\t\t\t<\/div>\n\t\t\t\n\t\t\t\t\t\t\t\t\t<\/article>\n\t\t\t\t\t\t\t\t\t\t\t\t\t\t\t\t<article class=\"uagb-post__inner-wrap\">\t\t\t\t\t\t\t\t<div class='uagb-post__image'>\n\t\t\t\t\t\t\t\t\t<a href=\"https:\/\/agencia.unq.edu.ar\/?p=38435\" target=\"_self\" rel=\"bookmark noopener noreferrer\"><img loading=\"lazy\" decoding=\"async\" width=\"960\" height=\"388\" src=\"https:\/\/agencia.unq.edu.ar\/wp-content\/uploads\/2026\/08\/pexels-ia.jpg\" class=\"attachment-medium size-medium\" alt=\"El matrimonio frente a la inteligencia artificial: qu\u00e9 pasa si una m\u00e1quina ocupa el lugar de una pareja. Cr\u00e9dito: Pexels.\" \/>\t\t\t\t\t<\/a>\n\t\t\t\t\t\t\t\t\t<\/div>\n\t\t\t\t\t\t<h4 class=\"uagb-post__title uagb-post__text\">\n\t\t\t\t<a href=\"https:\/\/agencia.unq.edu.ar\/?p=38435\" target=\"_self\" rel=\"bookmark noopener noreferrer\">Casarse con una IA: el dilema que pone en discusi\u00f3n qu\u00e9 entendemos por matrimonio<\/a>\n\t\t\t<\/h4>\n\t\t\t\t\t\t<div class='uagb-post__text uagb-post-grid-byline'>\n\t\t\t\t\t\t\t<\/div>\n\t\t\t\n\t\t\t\t\t\t\t\t\t<\/article>\n\t\t\t\t\t\t\t\t\t\t\t<\/div>\n\t\t\t<\/div>\n","protected":false},"excerpt":{"rendered":"<p>Guido Masso fue seleccionado a partir de &#8220;No tengas miedo&#8221;, un documental que realiz\u00f3 durante su carrera. Del evento, participar\u00e1n 10 mil personas de todo el mundo.<\/p>\n","protected":false},"author":4,"featured_media":38876,"comment_status":"closed","ping_status":"closed","sticky":false,"template":"","format":"standard","meta":{"_uag_custom_page_level_css":"","_monsterinsights_skip_tracking":false,"site-sidebar-layout":"default","site-content-layout":"","ast-site-content-layout":"default","site-content-style":"default","site-sidebar-style":"default","ast-global-header-display":"","ast-banner-title-visibility":"","ast-main-header-display":"","ast-hfb-above-header-display":"","ast-hfb-below-header-display":"","ast-hfb-mobile-header-display":"","site-post-title":"","ast-breadcrumbs-content":"","ast-featured-img":"","footer-sml-layout":"","ast-disable-related-posts":"","theme-transparent-header-meta":"","adv-header-id-meta":"","stick-header-meta":"","header-above-stick-meta":"","header-main-stick-meta":"","header-below-stick-meta":"","astra-migrate-meta-layouts":"default","ast-page-background-enabled":"default","ast-page-background-meta":{"desktop":{"background-color":"var(--ast-global-color-4)","background-image":"","background-repeat":"repeat","background-position":"center center","background-size":"auto","background-attachment":"scroll","background-type":"","background-media":"","overlay-type":"","overlay-color":"","overlay-opacity":"","overlay-gradient":""},"tablet":{"background-color":"","background-image":"","background-repeat":"repeat","background-position":"center center","background-size":"auto","background-attachment":"scroll","background-type":"","background-media":"","overlay-type":"","overlay-color":"","overlay-opacity":"","overlay-gradient":""},"mobile":{"background-color":"","background-image":"","background-repeat":"repeat","background-position":"center center","background-size":"auto","background-attachment":"scroll","background-type":"","background-media":"","overlay-type":"","overlay-color":"","overlay-opacity":"","overlay-gradient":""}},"ast-content-background-meta":{"desktop":{"background-color":"var(--ast-global-color-5)","background-image":"","background-repeat":"repeat","background-position":"center center","background-size":"auto","background-attachment":"scroll","background-type":"","background-media":"","overlay-type":"","overlay-color":"","overlay-opacity":"","overlay-gradient":""},"tablet":{"background-color":"var(--ast-global-color-5)","background-image":"","background-repeat":"repeat","background-position":"center center","background-size":"auto","background-attachment":"scroll","background-type":"","background-media":"","overlay-type":"","overlay-color":"","overlay-opacity":"","overlay-gradient":""},"mobile":{"background-color":"var(--ast-global-color-5)","background-image":"","background-repeat":"repeat","background-position":"center center","background-size":"auto","background-attachment":"scroll","background-type":"","background-media":"","overlay-type":"","overlay-color":"","overlay-opacity":"","overlay-gradient":""}},"footnotes":""},"categories":[16,363],"tags":[459],"class_list":["post-38875","post","type-post","status-publish","format-standard","has-post-thumbnail","hentry","category-noticia-destacada","category-sociedad","tag-logros-unq"],"aioseo_notices":[],"aioseo_head":"\n\t\t<!-- All in One SEO 5.0.0.1 - aioseo.com -->\n\t<meta name=\"description\" content=\"Guido Masso fue seleccionado a partir de &quot;No tengas miedo&quot;, un documental que realiz\u00f3 durante su carrera. Del evento, participar\u00e1n 10 mil personas de todo el mundo.\" \/>\n\t<meta name=\"robots\" content=\"max-image-preview:large\" \/>\n\t<meta name=\"author\" content=\"Luciana Mazzini Puga\"\/>\n\t<link rel=\"canonical\" href=\"https:\/\/agencia.unq.edu.ar\/?p=38875\" \/>\n\t<meta name=\"generator\" content=\"All in One SEO (AIOSEO) 5.0.0.1\" \/>\n\t\t<meta property=\"og:locale\" content=\"es_ES\" \/>\n\t\t<meta property=\"og:site_name\" content=\"Agencia de Noticias Cient\u00edficas de la UNQ\" \/>\n\t\t<meta property=\"og:type\" content=\"article\" \/>\n\t\t<meta property=\"og:title\" content=\"Un graduado de Artes Digitales de la UNQ participar\u00e1 del Festival Internacional de la Juventud en Rusia - Agencia de Noticias Cient\u00edficas de la UNQ\" \/>\n\t\t<meta property=\"og:description\" content=\"Guido Masso fue seleccionado a partir de &quot;No tengas miedo&quot;, un documental que realiz\u00f3 durante su carrera. Del evento, participar\u00e1n 10 mil personas de todo el mundo.\" \/>\n\t\t<meta property=\"og:url\" content=\"https:\/\/agencia.unq.edu.ar\/?p=38875\" \/>\n\t\t<meta property=\"og:image\" content=\"https:\/\/agencia.unq.edu.ar\/wp-content\/uploads\/2026\/09\/Guido-Javier-Masso.jpg\" \/>\n\t\t<meta property=\"og:image:secure_url\" content=\"https:\/\/agencia.unq.edu.ar\/wp-content\/uploads\/2026\/09\/Guido-Javier-Masso.jpg\" \/>\n\t\t<meta property=\"og:image:width\" content=\"1040\" \/>\n\t\t<meta property=\"og:image:height\" content=\"420\" \/>\n\t\t<meta property=\"article:published_time\" content=\"2026-09-03T17:07:08+00:00\" \/>\n\t\t<meta property=\"article:modified_time\" content=\"2026-09-03T17:07:09+00:00\" \/>\n\t\t<meta name=\"twitter:card\" content=\"summary_large_image\" \/>\n\t\t<meta name=\"twitter:site\" content=\"@Agencia__UNQ\" \/>\n\t\t<meta name=\"twitter:title\" content=\"Un graduado de Artes Digitales de la UNQ participar\u00e1 del Festival Internacional de la Juventud en Rusia - Agencia de Noticias Cient\u00edficas de la UNQ\" \/>\n\t\t<meta name=\"twitter:description\" content=\"Guido Masso fue seleccionado a partir de &quot;No tengas miedo&quot;, un documental que realiz\u00f3 durante su carrera. Del evento, participar\u00e1n 10 mil personas de todo el mundo.\" \/>\n\t\t<meta name=\"twitter:image\" content=\"https:\/\/agencia.unq.edu.ar\/wp-content\/uploads\/2026\/09\/Guido-Javier-Masso.jpg\" \/>\n\t\t<script type=\"application\/ld+json\" class=\"aioseo-schema\">\n\t\t\t{\"@context\":\"https:\\\/\\\/schema.org\",\"@graph\":[{\"@type\":\"BlogPosting\",\"@id\":\"https:\\\/\\\/agencia.unq.edu.ar\\\/?p=38875#blogposting\",\"name\":\"Un graduado de Artes Digitales de la UNQ participar\\u00e1 del Festival Internacional de la Juventud en Rusia - Agencia de Noticias Cient\\u00edficas de la UNQ\",\"headline\":\"Un graduado de Artes Digitales de la UNQ participar\\u00e1 del Festival Internacional de la Juventud en Rusia\",\"author\":{\"@id\":\"https:\\\/\\\/agencia.unq.edu.ar\\\/?author=4#author\"},\"publisher\":{\"@id\":\"https:\\\/\\\/agencia.unq.edu.ar\\\/#organization\"},\"image\":{\"@type\":\"ImageObject\",\"url\":\"https:\\\/\\\/agencia.unq.edu.ar\\\/wp-content\\\/uploads\\\/2026\\\/09\\\/Guido-Javier-Masso.jpg\",\"width\":1040,\"height\":420,\"caption\":\"Guido Javier Masso es graduado de la Licenciatura en Artes Digitales de la UNQ. Cr\\u00e9ditos: UNQ\"},\"datePublished\":\"2026-09-03T14:07:08-03:00\",\"dateModified\":\"2026-09-03T14:07:09-03:00\",\"inLanguage\":\"es-AR\",\"mainEntityOfPage\":{\"@id\":\"https:\\\/\\\/agencia.unq.edu.ar\\\/?p=38875#webpage\"},\"isPartOf\":{\"@id\":\"https:\\\/\\\/agencia.unq.edu.ar\\\/?p=38875#webpage\"},\"articleSection\":\"Noticia destacada, Sociedad, Logros UNQ\"},{\"@type\":\"BreadcrumbList\",\"@id\":\"https:\\\/\\\/agencia.unq.edu.ar\\\/?p=38875#breadcrumblist\",\"itemListElement\":[{\"@type\":\"ListItem\",\"@id\":\"https:\\\/\\\/agencia.unq.edu.ar#listItem\",\"position\":1,\"name\":\"Home\",\"item\":\"https:\\\/\\\/agencia.unq.edu.ar\",\"nextItem\":{\"@type\":\"ListItem\",\"@id\":\"https:\\\/\\\/agencia.unq.edu.ar\\\/?cat=16#listItem\",\"name\":\"Noticia destacada\"}},{\"@type\":\"ListItem\",\"@id\":\"https:\\\/\\\/agencia.unq.edu.ar\\\/?cat=16#listItem\",\"position\":2,\"name\":\"Noticia destacada\",\"item\":\"https:\\\/\\\/agencia.unq.edu.ar\\\/?cat=16\",\"nextItem\":{\"@type\":\"ListItem\",\"@id\":\"https:\\\/\\\/agencia.unq.edu.ar\\\/?p=38875#listItem\",\"name\":\"Un graduado de Artes Digitales de la UNQ participar\\u00e1 del Festival Internacional de la Juventud en Rusia\"},\"previousItem\":{\"@type\":\"ListItem\",\"@id\":\"https:\\\/\\\/agencia.unq.edu.ar#listItem\",\"name\":\"Home\"}},{\"@type\":\"ListItem\",\"@id\":\"https:\\\/\\\/agencia.unq.edu.ar\\\/?p=38875#listItem\",\"position\":3,\"name\":\"Un graduado de Artes Digitales de la UNQ participar\\u00e1 del Festival Internacional de la Juventud en Rusia\",\"previousItem\":{\"@type\":\"ListItem\",\"@id\":\"https:\\\/\\\/agencia.unq.edu.ar\\\/?cat=16#listItem\",\"name\":\"Noticia destacada\"}}]},{\"@type\":\"Organization\",\"@id\":\"https:\\\/\\\/agencia.unq.edu.ar\\\/#organization\",\"name\":\"Agencia de noticias cient\\u00edficas\",\"description\":\"Contamos la ciencia en tiempo real\",\"url\":\"https:\\\/\\\/agencia.unq.edu.ar\\\/\",\"logo\":{\"@type\":\"ImageObject\",\"url\":\"https:\\\/\\\/agencia.unq.edu.ar\\\/wp-content\\\/uploads\\\/2025\\\/01\\\/logo-agencia-bn-sin-fondo.png\",\"@id\":\"https:\\\/\\\/agencia.unq.edu.ar\\\/?p=38875\\\/#organizationLogo\",\"width\":904,\"height\":222,\"caption\":\"Logo Agencia de Noticias Cient\\u00edficas de la UNQ\"},\"image\":{\"@id\":\"https:\\\/\\\/agencia.unq.edu.ar\\\/?p=38875\\\/#organizationLogo\"},\"sameAs\":[\"https:\\\/\\\/www.instagram.com\\\/agencia_noticias_unq\\\/\"]},{\"@type\":\"Person\",\"@id\":\"https:\\\/\\\/agencia.unq.edu.ar\\\/?author=4#author\",\"url\":\"https:\\\/\\\/agencia.unq.edu.ar\\\/?author=4\",\"name\":\"Luciana Mazzini Puga\",\"image\":{\"@type\":\"ImageObject\",\"@id\":\"https:\\\/\\\/agencia.unq.edu.ar\\\/?p=38875#authorImage\",\"url\":\"https:\\\/\\\/secure.gravatar.com\\\/avatar\\\/ef15c009bb55321a209ea0f058774f405c2573f130a939a58534f80578e5e39b?s=96&d=mm&r=g\",\"width\":96,\"height\":96,\"caption\":\"Luciana Mazzini Puga\"}},{\"@type\":\"WebPage\",\"@id\":\"https:\\\/\\\/agencia.unq.edu.ar\\\/?p=38875#webpage\",\"url\":\"https:\\\/\\\/agencia.unq.edu.ar\\\/?p=38875\",\"name\":\"Un graduado de Artes Digitales de la UNQ participar\\u00e1 del Festival Internacional de la Juventud en Rusia - Agencia de Noticias Cient\\u00edficas de la UNQ\",\"description\":\"Guido Masso fue seleccionado a partir de \\\"No tengas miedo\\\", un documental que realiz\\u00f3 durante su carrera. Del evento, participar\\u00e1n 10 mil personas de todo el mundo.\",\"inLanguage\":\"es-AR\",\"isPartOf\":{\"@id\":\"https:\\\/\\\/agencia.unq.edu.ar\\\/#website\"},\"breadcrumb\":{\"@id\":\"https:\\\/\\\/agencia.unq.edu.ar\\\/?p=38875#breadcrumblist\"},\"author\":{\"@id\":\"https:\\\/\\\/agencia.unq.edu.ar\\\/?author=4#author\"},\"creator\":{\"@id\":\"https:\\\/\\\/agencia.unq.edu.ar\\\/?author=4#author\"},\"image\":{\"@type\":\"ImageObject\",\"url\":\"https:\\\/\\\/agencia.unq.edu.ar\\\/wp-content\\\/uploads\\\/2026\\\/09\\\/Guido-Javier-Masso.jpg\",\"@id\":\"https:\\\/\\\/agencia.unq.edu.ar\\\/?p=38875\\\/#mainImage\",\"width\":1040,\"height\":420,\"caption\":\"Guido Javier Masso es graduado de la Licenciatura en Artes Digitales de la UNQ. Cr\\u00e9ditos: UNQ\"},\"primaryImageOfPage\":{\"@id\":\"https:\\\/\\\/agencia.unq.edu.ar\\\/?p=38875#mainImage\"},\"datePublished\":\"2026-09-03T14:07:08-03:00\",\"dateModified\":\"2026-09-03T14:07:09-03:00\"},{\"@type\":\"WebSite\",\"@id\":\"https:\\\/\\\/agencia.unq.edu.ar\\\/#website\",\"url\":\"https:\\\/\\\/agencia.unq.edu.ar\\\/\",\"name\":\"Agencia de noticias cient\\u00edficas\",\"description\":\"Contamos la ciencia en tiempo real\",\"inLanguage\":\"es-AR\",\"publisher\":{\"@id\":\"https:\\\/\\\/agencia.unq.edu.ar\\\/#organization\"}}]}\n\t\t<\/script>\n\t\t<!-- All in One SEO -->\n\n","aioseo_head_json":{"title":"Un graduado de Artes Digitales de la UNQ participar\u00e1 del Festival Internacional de la Juventud en Rusia - Agencia de Noticias Cient\u00edficas de la UNQ","description":"Guido Masso fue seleccionado a partir de \"No tengas miedo\", un documental que realiz\u00f3 durante su carrera. Del evento, participar\u00e1n 10 mil personas de todo el mundo.","canonical_url":"https:\/\/agencia.unq.edu.ar\/?p=38875","robots":"max-image-preview:large","keywords":"","webmasterTools":{"miscellaneous":""},"schema":{"@context":"https:\/\/schema.org","@graph":[{"@type":"BlogPosting","@id":"https:\/\/agencia.unq.edu.ar\/?p=38875#blogposting","name":"Un graduado de Artes Digitales de la UNQ participar\u00e1 del Festival Internacional de la Juventud en Rusia - Agencia de Noticias Cient\u00edficas de la UNQ","headline":"Un graduado de Artes Digitales de la UNQ participar\u00e1 del Festival Internacional de la Juventud en Rusia","author":{"@id":"https:\/\/agencia.unq.edu.ar\/?author=4#author"},"publisher":{"@id":"https:\/\/agencia.unq.edu.ar\/#organization"},"image":{"@type":"ImageObject","url":"https:\/\/agencia.unq.edu.ar\/wp-content\/uploads\/2026\/09\/Guido-Javier-Masso.jpg","width":1040,"height":420,"caption":"Guido Javier Masso es graduado de la Licenciatura en Artes Digitales de la UNQ. Cr\u00e9ditos: UNQ"},"datePublished":"2026-09-03T14:07:08-03:00","dateModified":"2026-09-03T14:07:09-03:00","inLanguage":"es-AR","mainEntityOfPage":{"@id":"https:\/\/agencia.unq.edu.ar\/?p=38875#webpage"},"isPartOf":{"@id":"https:\/\/agencia.unq.edu.ar\/?p=38875#webpage"},"articleSection":"Noticia destacada, Sociedad, Logros UNQ"},{"@type":"BreadcrumbList","@id":"https:\/\/agencia.unq.edu.ar\/?p=38875#breadcrumblist","itemListElement":[{"@type":"ListItem","@id":"https:\/\/agencia.unq.edu.ar#listItem","position":1,"name":"Home","item":"https:\/\/agencia.unq.edu.ar","nextItem":{"@type":"ListItem","@id":"https:\/\/agencia.unq.edu.ar\/?cat=16#listItem","name":"Noticia destacada"}},{"@type":"ListItem","@id":"https:\/\/agencia.unq.edu.ar\/?cat=16#listItem","position":2,"name":"Noticia destacada","item":"https:\/\/agencia.unq.edu.ar\/?cat=16","nextItem":{"@type":"ListItem","@id":"https:\/\/agencia.unq.edu.ar\/?p=38875#listItem","name":"Un graduado de Artes Digitales de la UNQ participar\u00e1 del Festival Internacional de la Juventud en Rusia"},"previousItem":{"@type":"ListItem","@id":"https:\/\/agencia.unq.edu.ar#listItem","name":"Home"}},{"@type":"ListItem","@id":"https:\/\/agencia.unq.edu.ar\/?p=38875#listItem","position":3,"name":"Un graduado de Artes Digitales de la UNQ participar\u00e1 del Festival Internacional de la Juventud en Rusia","previousItem":{"@type":"ListItem","@id":"https:\/\/agencia.unq.edu.ar\/?cat=16#listItem","name":"Noticia destacada"}}]},{"@type":"Organization","@id":"https:\/\/agencia.unq.edu.ar\/#organization","name":"Agencia de noticias cient\u00edficas","description":"Contamos la ciencia en tiempo real","url":"https:\/\/agencia.unq.edu.ar\/","logo":{"@type":"ImageObject","url":"https:\/\/agencia.unq.edu.ar\/wp-content\/uploads\/2025\/01\/logo-agencia-bn-sin-fondo.png","@id":"https:\/\/agencia.unq.edu.ar\/?p=38875\/#organizationLogo","width":904,"height":222,"caption":"Logo Agencia de Noticias Cient\u00edficas de la UNQ"},"image":{"@id":"https:\/\/agencia.unq.edu.ar\/?p=38875\/#organizationLogo"},"sameAs":["https:\/\/www.instagram.com\/agencia_noticias_unq\/"]},{"@type":"Person","@id":"https:\/\/agencia.unq.edu.ar\/?author=4#author","url":"https:\/\/agencia.unq.edu.ar\/?author=4","name":"Luciana Mazzini Puga","image":{"@type":"ImageObject","@id":"https:\/\/agencia.unq.edu.ar\/?p=38875#authorImage","url":"https:\/\/secure.gravatar.com\/avatar\/ef15c009bb55321a209ea0f058774f405c2573f130a939a58534f80578e5e39b?s=96&d=mm&r=g","width":96,"height":96,"caption":"Luciana Mazzini Puga"}},{"@type":"WebPage","@id":"https:\/\/agencia.unq.edu.ar\/?p=38875#webpage","url":"https:\/\/agencia.unq.edu.ar\/?p=38875","name":"Un graduado de Artes Digitales de la UNQ participar\u00e1 del Festival Internacional de la Juventud en Rusia - Agencia de Noticias Cient\u00edficas de la UNQ","description":"Guido Masso fue seleccionado a partir de \"No tengas miedo\", un documental que realiz\u00f3 durante su carrera. Del evento, participar\u00e1n 10 mil personas de todo el mundo.","inLanguage":"es-AR","isPartOf":{"@id":"https:\/\/agencia.unq.edu.ar\/#website"},"breadcrumb":{"@id":"https:\/\/agencia.unq.edu.ar\/?p=38875#breadcrumblist"},"author":{"@id":"https:\/\/agencia.unq.edu.ar\/?author=4#author"},"creator":{"@id":"https:\/\/agencia.unq.edu.ar\/?author=4#author"},"image":{"@type":"ImageObject","url":"https:\/\/agencia.unq.edu.ar\/wp-content\/uploads\/2026\/09\/Guido-Javier-Masso.jpg","@id":"https:\/\/agencia.unq.edu.ar\/?p=38875\/#mainImage","width":1040,"height":420,"caption":"Guido Javier Masso es graduado de la Licenciatura en Artes Digitales de la UNQ. Cr\u00e9ditos: UNQ"},"primaryImageOfPage":{"@id":"https:\/\/agencia.unq.edu.ar\/?p=38875#mainImage"},"datePublished":"2026-09-03T14:07:08-03:00","dateModified":"2026-09-03T14:07:09-03:00"},{"@type":"WebSite","@id":"https:\/\/agencia.unq.edu.ar\/#website","url":"https:\/\/agencia.unq.edu.ar\/","name":"Agencia de noticias cient\u00edficas","description":"Contamos la ciencia en tiempo real","inLanguage":"es-AR","publisher":{"@id":"https:\/\/agencia.unq.edu.ar\/#organization"}}]},"og:locale":"es_ES","og:site_name":"Agencia de Noticias Cient\u00edficas de la UNQ","og:type":"article","og:title":"Un graduado de Artes Digitales de la UNQ participar\u00e1 del Festival Internacional de la Juventud en Rusia - Agencia de Noticias Cient\u00edficas de la UNQ","og:description":"Guido Masso fue seleccionado a partir de &quot;No tengas miedo&quot;, un documental que realiz\u00f3 durante su carrera. Del evento, participar\u00e1n 10 mil personas de todo el mundo.","og:url":"https:\/\/agencia.unq.edu.ar\/?p=38875","og:image":"https:\/\/agencia.unq.edu.ar\/wp-content\/uploads\/2026\/09\/Guido-Javier-Masso.jpg","og:image:secure_url":"https:\/\/agencia.unq.edu.ar\/wp-content\/uploads\/2026\/09\/Guido-Javier-Masso.jpg","og:image:width":1040,"og:image:height":420,"article:published_time":"2026-09-03T17:07:08+00:00","article:modified_time":"2026-09-03T17:07:09+00:00","twitter:card":"summary_large_image","twitter:site":"@Agencia__UNQ","twitter:title":"Un graduado de Artes Digitales de la UNQ participar\u00e1 del Festival Internacional de la Juventud en Rusia - Agencia de Noticias Cient\u00edficas de la UNQ","twitter:description":"Guido Masso fue seleccionado a partir de &quot;No tengas miedo&quot;, un documental que realiz\u00f3 durante su carrera. Del evento, participar\u00e1n 10 mil personas de todo el mundo.","twitter:image":"https:\/\/agencia.unq.edu.ar\/wp-content\/uploads\/2026\/09\/Guido-Javier-Masso.jpg"},"aioseo_meta_data":{"post_id":"38875","title":null,"description":null,"keywords":null,"keyphrases":{"focus":{"keyphrase":"","score":0,"analysis":{"keyphraseInTitle":{"score":0,"maxScore":9,"error":1}}},"additional":[]},"primary_term":null,"canonical_url":null,"og_title":null,"og_description":null,"og_object_type":"default","og_image_type":"default","og_image_url":null,"og_image_width":null,"og_image_height":null,"og_image_custom_url":null,"og_image_custom_fields":null,"og_video":"","og_custom_url":null,"og_article_section":null,"og_article_tags":null,"twitter_use_og":true,"twitter_card":"default","twitter_image_type":"default","twitter_image_url":null,"twitter_image_custom_url":null,"twitter_image_custom_fields":null,"twitter_title":null,"twitter_description":null,"schema":{"blockGraphs":[],"customGraphs":[],"default":{"data":{"Article":[],"Course":[],"Dataset":[],"FAQPage":[],"Movie":[],"Person":[],"Product":[],"ProductReview":[],"Car":[],"Recipe":[],"Service":[],"SoftwareApplication":[],"WebPage":[]},"graphName":"BlogPosting","isEnabled":true},"graphs":[]},"schema_type":"default","schema_type_options":null,"pillar_content":false,"robots_default":true,"robots_noindex":false,"robots_noarchive":false,"robots_nosnippet":false,"robots_nofollow":false,"robots_noimageindex":false,"robots_noodp":false,"robots_notranslate":false,"robots_max_snippet":"-1","robots_max_videopreview":"-1","robots_max_imagepreview":"large","priority":null,"frequency":"default","local_seo":null,"breadcrumb_settings":null,"limit_modified_date":false,"ai":{"faqs":[],"keyPoints":[],"schemas":[],"titles":[],"descriptions":[],"socialPosts":{"email":{"subject":"","preview":"","content":""},"linkedin":[],"twitter":[],"facebook":[],"instagram":[]}},"created":"2026-09-03 16:01:24","updated":"2026-09-03 17:22:45","seo_analyzer_scan_date":null,"focus_keyword":null,"additional_keywords":null,"truseo_locale":null},"aioseo_breadcrumb":"<div class=\"aioseo-breadcrumbs\"><span class=\"aioseo-breadcrumb\">\n\t\t\t<a href=\"https:\/\/agencia.unq.edu.ar\" title=\"Home\">Home<\/a>\n\t\t<\/span><span class=\"aioseo-breadcrumb-separator\">&raquo;<\/span><span class=\"aioseo-breadcrumb\">\n\t\t\t<a href=\"https:\/\/agencia.unq.edu.ar\/?cat=16\" title=\"Noticia destacada\">Noticia destacada<\/a>\n\t\t<\/span><span class=\"aioseo-breadcrumb-separator\">&raquo;<\/span><span class=\"aioseo-breadcrumb\">\n\t\t\tUn graduado de Artes Digitales de la UNQ participar\u00e1 del Festival Internacional de la Juventud en Rusia\n\t\t<\/span><\/div>","aioseo_breadcrumb_json":[{"label":"Home","link":"https:\/\/agencia.unq.edu.ar"},{"label":"Noticia destacada","link":"https:\/\/agencia.unq.edu.ar\/?cat=16"},{"label":"Un graduado de Artes Digitales de la UNQ participar\u00e1 del Festival Internacional de la Juventud en Rusia","link":"https:\/\/agencia.unq.edu.ar\/?p=38875"}],"uagb_featured_image_src":{"full":["https:\/\/agencia.unq.edu.ar\/wp-content\/uploads\/2026\/09\/Guido-Javier-Masso.jpg",1040,420,false],"thumbnail":["https:\/\/agencia.unq.edu.ar\/wp-content\/uploads\/2026\/09\/Guido-Javier-Masso.jpg",150,61,false],"medium":["https:\/\/agencia.unq.edu.ar\/wp-content\/uploads\/2026\/09\/Guido-Javier-Masso.jpg",960,388,false],"medium_large":["https:\/\/agencia.unq.edu.ar\/wp-content\/uploads\/2026\/09\/Guido-Javier-Masso.jpg",768,310,false],"large":["https:\/\/agencia.unq.edu.ar\/wp-content\/uploads\/2026\/09\/Guido-Javier-Masso.jpg",1040,420,false],"1536x1536":["https:\/\/agencia.unq.edu.ar\/wp-content\/uploads\/2026\/09\/Guido-Javier-Masso.jpg",1040,420,false],"2048x2048":["https:\/\/agencia.unq.edu.ar\/wp-content\/uploads\/2026\/09\/Guido-Javier-Masso.jpg",1040,420,false],"smart-post-landscape":["https:\/\/agencia.unq.edu.ar\/wp-content\/uploads\/2026\/09\/Guido-Javier-Masso.jpg",870,351,false],"smart-post-portrait":["https:\/\/agencia.unq.edu.ar\/wp-content\/uploads\/2026\/09\/Guido-Javier-Masso.jpg",600,242,false]},"uagb_author_info":{"display_name":"Luciana Mazzini Puga","author_link":"https:\/\/agencia.unq.edu.ar\/?author=4"},"uagb_comment_info":0,"uagb_excerpt":"Guido Masso fue seleccionado a partir de \"No tengas miedo\", un documental que realiz\u00f3 durante su carrera. Del evento, participar\u00e1n 10 mil personas de todo el mundo.","blog_post_layout_featured_media_urls":{"thumbnail":["https:\/\/agencia.unq.edu.ar\/wp-content\/uploads\/2026\/09\/Guido-Javier-Masso.jpg",150,61,false],"full":["https:\/\/agencia.unq.edu.ar\/wp-content\/uploads\/2026\/09\/Guido-Javier-Masso.jpg",1040,420,false]},"categories_names":{"16":{"name":"Noticia destacada","link":"https:\/\/agencia.unq.edu.ar\/?cat=16"},"363":{"name":"Sociedad","link":"https:\/\/agencia.unq.edu.ar\/?cat=363"}},"tags_names":{"459":{"name":"Logros UNQ","link":"https:\/\/agencia.unq.edu.ar\/?tag=logros-unq"}},"comments_number":"0","_links":{"self":[{"href":"https:\/\/agencia.unq.edu.ar\/index.php?rest_route=\/wp\/v2\/posts\/38875","targetHints":{"allow":["GET"]}}],"collection":[{"href":"https:\/\/agencia.unq.edu.ar\/index.php?rest_route=\/wp\/v2\/posts"}],"about":[{"href":"https:\/\/agencia.unq.edu.ar\/index.php?rest_route=\/wp\/v2\/types\/post"}],"author":[{"embeddable":true,"href":"https:\/\/agencia.unq.edu.ar\/index.php?rest_route=\/wp\/v2\/users\/4"}],"replies":[{"embeddable":true,"href":"https:\/\/agencia.unq.edu.ar\/index.php?rest_route=%2Fwp%2Fv2%2Fcomments&post=38875"}],"version-history":[{"count":4,"href":"https:\/\/agencia.unq.edu.ar\/index.php?rest_route=\/wp\/v2\/posts\/38875\/revisions"}],"predecessor-version":[{"id":38882,"href":"https:\/\/agencia.unq.edu.ar\/index.php?rest_route=\/wp\/v2\/posts\/38875\/revisions\/38882"}],"wp:featuredmedia":[{"embeddable":true,"href":"https:\/\/agencia.unq.edu.ar\/index.php?rest_route=\/wp\/v2\/media\/38876"}],"wp:attachment":[{"href":"https:\/\/agencia.unq.edu.ar\/index.php?rest_route=%2Fwp%2Fv2%2Fmedia&parent=38875"}],"wp:term":[{"taxonomy":"category","embeddable":true,"href":"https:\/\/agencia.unq.edu.ar\/index.php?rest_route=%2Fwp%2Fv2%2Fcategories&post=38875"},{"taxonomy":"post_tag","embeddable":true,"href":"https:\/\/agencia.unq.edu.ar\/index.php?rest_route=%2Fwp%2Fv2%2Ftags&post=38875"}],"curies":[{"name":"wp","href":"https:\/\/api.w.org\/{rel}","templated":true}]}}