{"id":38883,"date":"2026-09-03T14:40:14","date_gmt":"2026-09-03T17:40:14","guid":{"rendered":"https:\/\/agencia.unq.edu.ar\/?p=38883"},"modified":"2026-09-03T14:40:15","modified_gmt":"2026-09-03T17:40:15","slug":"con-la-ausencia-de-nacion-y-los-organismos-cientificos-devastados-las-provincias-y-caba-se-preparan-para-el-nino","status":"publish","type":"post","link":"https:\/\/agencia.unq.edu.ar\/?p=38883","title":{"rendered":"Con la ausencia de Naci\u00f3n y los organismos cient\u00edficos devastados, las provincias y CABA se preparan para El Ni\u00f1o"},"content":{"rendered":"\n<p class=\"wp-embed-aspect-16-9 wp-has-aspect-ratio has-medium-font-size wp-block-paragraph\" id=\"block-e7a9ff36-ee0c-4796-9d2e-1fd69773da3a\">La Organizaci\u00f3n Meteorol\u00f3gica Mundial confirm\u00f3 que ser\u00e1 \u201cmuy fuerte\u201d y se intensificar\u00e1n los fen\u00f3menos extremos.<\/p>\n\n\n\n<figure class=\"wp-block-image aligncenter size-full\" id=\"block-c3ee2a7f-4bf9-43dd-a0f6-8acc1087bdbe\" style=\"margin-top:0px;margin-bottom:0px\"><img loading=\"lazy\" decoding=\"async\" width=\"1040\" height=\"420\" src=\"https:\/\/agencia.unq.edu.ar\/wp-content\/uploads\/2026\/09\/El-Nino-Argentina.jpg\" alt=\"Embarcaciones transitan por calles inundadas tras las fuertes lluvias en Campana durante mayo de 2025. Cr\u00e9ditos: AP\/Rodrigo Abd.\" class=\"wp-image-38884\"\/><figcaption class=\"wp-element-caption\">Embarcaciones transitan por calles inundadas tras las fuertes lluvias en Campana durante mayo de 2025. Cr\u00e9ditos: AP\/Rodrigo Abd. <\/figcaption><\/figure>\n\n\n\n<article class=\"wp-block-uagb-container uagb-layout-flex uagb-block-a41cc8eb default uagb-is-root-container\">\n<figure class=\"wp-block-uagb-container uagb-block-bb513af8\"><div style=\"color:#ac162c;line-height:0;padding-top:0;padding-bottom:0;padding-left:0;padding-right:0\" class=\"wp-elements-1 wp-block-post-time-to-read has-text-color has-text-align-center\">3 minutos<\/div><\/figure>\n<\/article>\n\n\n\n<p class=\"wp-block-paragraph\">Un <a href=\"https:\/\/trello.com\/c\/mQsUcbHB\/84-spanish-version\" target=\"_blank\" rel=\"noopener\" title=\"\">informe<\/a> de la Organizaci\u00f3n Meteorol\u00f3gica Mundial advierte que El Ni\u00f1o se consolid\u00f3 y se espera que se intensifique todav\u00eda m\u00e1s. En este sentido, existe casi un 100 por ciento de probabilidades de que persista hasta febrero de 2027. De este modo, no solo se alterar\u00e1n las pautas de precipitaci\u00f3n y temperaturas a nivel global, sino que se espera que los fen\u00f3menos meteorol\u00f3gicos extremos sean a\u00fan m\u00e1s graves. Si bien el gobierno nacional aprob\u00f3 un Plan de Coordinaci\u00f3n Federal para las regiones que ser\u00edan las m\u00e1s afectadas, la ausencia de obras p\u00fablicas, el cientificidio y la falta de presupuesto para los gobernadores lo transforma en un anuncio sin pies ni cabeza. Ante esta situaci\u00f3n, las diferentes provincias y la Ciudad Aut\u00f3noma de Buenos Aires dise\u00f1aron planes de respuesta basados en la prevenci\u00f3n y en la acci\u00f3n veloz para dar respuesta frente a las demandas que surjan.<\/p>\n\n\n\n<p class=\"wp-block-paragraph\">El \u00faltimo en publicar su estrategia fue la Ciudad Aut\u00f3noma de Buenos Aires. <strong>El gobierno de Jorge Macri implement\u00f3 un plan de acci\u00f3n preventivo y de respuesta basado en alertas meteorol\u00f3gicas, monitoreo de zonas de riesgo y despliegue territorial<\/strong> ante la llegada de tormentas intensas. En principio, se trata de 177 puntos identificados que incluyen pasos bajo nivel, puentes, estaciones de bombeo y desag\u00fces.<\/p>\n\n\n\n<p class=\"wp-block-paragraph\">Por su parte, desde la provincia de Buenos Aires desarrollan un plan basado en obras p\u00fablicas, monitoreo y coordinaci\u00f3n, prevenci\u00f3n y respuesta. Para tomar dimensi\u00f3n, <strong>el gobierno proyecta una inversi\u00f3n de 1,7 billones de pesos para 138 obras y proyectos relacionados a drenajes urbanos, limpieza de arroyos, defensas costeras y fluviales<\/strong>. A su vez, entre 2025 y 2026 destin\u00f3 casi 14 mil millones de pesos para maquinaria pesada encargada del saneamiento de las cuencas. Al mismo tiempo, desde el Sistema Inteligente de Monitoreo, Prevenci\u00f3n y An\u00e1lisis de Riesgos Hidrometeorol\u00f3gicos miden 41 cuerpos de agua de la Provincia para emitir alertas anticipadas y poder tomar decisiones a tiempo.&nbsp;<\/p>\n\n\n\n<p class=\"wp-block-paragraph\">A trav\u00e9s de un posteo en su cuenta personal de Instagram, el ministro de Infraestructura, Gabriel Katopodis, sostuvo que Milei pone trabas a las obras h\u00eddricas bonaerenses. \u201cNos niegan los avales para los cr\u00e9ditos de las obras. <strong>Naci\u00f3n aval\u00f3 pr\u00e9stamos internacionales a diez provincias, pero Buenos Aires qued\u00f3 afuera. Milei niega el cambio clim\u00e1tico y no hace las obras que Argentina necesita<\/strong>\u201d.<\/p>\n\n\n\n<figure class=\"wp-block-embed aligncenter is-type-wp-embed is-provider-agencia-de-noticias-cient-ficas-de-la-unq wp-block-embed-agencia-de-noticias-cient-ficas-de-la-unq\"><div class=\"wp-block-embed__wrapper\">\n<blockquote class=\"wp-embedded-content\" data-secret=\"Vojs3I4Hob\"><a href=\"https:\/\/agencia.unq.edu.ar\/?p=34358\">Se duplicaron las inundaciones en Am\u00e9rica Latina y el Caribe durante los \u00faltimos 30 a\u00f1os<\/a><\/blockquote><iframe loading=\"lazy\" class=\"wp-embedded-content\" sandbox=\"allow-scripts\" security=\"restricted\" style=\"position: absolute; visibility: hidden;\" title=\"\u201cSe duplicaron las inundaciones en Am\u00e9rica Latina y el Caribe durante los \u00faltimos 30 a\u00f1os\u201d \u2014 Agencia de Noticias Cient\u00edficas de la UNQ\" src=\"https:\/\/agencia.unq.edu.ar\/?p=34358&amp;embed=true#?secret=WD9kFk6ywh#?secret=Vojs3I4Hob\" data-secret=\"Vojs3I4Hob\" width=\"500\" height=\"282\" frameborder=\"0\" marginwidth=\"0\" marginheight=\"0\" scrolling=\"no\"><\/iframe>\n<\/div><\/figure>\n\n\n\n<p class=\"wp-block-paragraph\">En el caso de Santa Fe, <strong>el gobierno anunci\u00f3 la creaci\u00f3n de un fondo espec\u00edfico de 10 mil millones de pesos para atender de manera inmediata las emergencias que provoque El Ni\u00f1o<\/strong>. Al mismo tiempo, junto a Santiago del Estero y Chaco implementaron un comit\u00e9 para coordinar acciones sobre cuencas compartidas. Incluso, la Universidad Nacional del Nordeste sugiri\u00f3 que los municipios de la regi\u00f3n realicen tareas preventivas de \u201cbajo costo y alto impacto<strong>\u201d<\/strong>, como la limpieza sistem\u00e1tica de desag\u00fces pluviales, la desobstrucci\u00f3n de canales y el mantenimiento de las defensas costeras.<\/p>\n\n\n\n<p class=\"wp-block-paragraph\">Mientras que Entre R\u00edos apuesta a Defensa Civil para coordinar con los municipios acciones vinculadas a la prevenci\u00f3n y a la concientizaci\u00f3n, <strong>C\u00f3rdoba recurre a su Observatorio Hidrometeorol\u00f3gico<\/strong>, que depende del Gobierno provincial y de la Universidad Nacional de C\u00f3rdoba, <strong>para delinear los pasos a seguir de acuerdo a los datos y la evidencia cient\u00edfica<\/strong>.\u00a0<\/p>\n\n\n\n<figure class=\"wp-block-embed aligncenter is-type-wp-embed is-provider-agencia-de-noticias-cient-ficas-de-la-unq wp-block-embed-agencia-de-noticias-cient-ficas-de-la-unq\"><div class=\"wp-block-embed__wrapper\">\n<blockquote class=\"wp-embedded-content\" data-secret=\"3Up1VskHbY\"><a href=\"https:\/\/agencia.unq.edu.ar\/?p=38684\">Oc\u00e9anos con fiebre: \u00bfpor qu\u00e9 los mares est\u00e1n cada vez m\u00e1s calientes?<\/a><\/blockquote><iframe loading=\"lazy\" class=\"wp-embedded-content\" sandbox=\"allow-scripts\" security=\"restricted\" style=\"position: absolute; visibility: hidden;\" title=\"\u201cOc\u00e9anos con fiebre: \u00bfpor qu\u00e9 los mares est\u00e1n cada vez m\u00e1s calientes?\u201d \u2014 Agencia de Noticias Cient\u00edficas de la UNQ\" src=\"https:\/\/agencia.unq.edu.ar\/?p=38684&amp;embed=true#?secret=urSciB9ORX#?secret=3Up1VskHbY\" data-secret=\"3Up1VskHbY\" width=\"500\" height=\"282\" frameborder=\"0\" marginwidth=\"0\" marginheight=\"0\" scrolling=\"no\"><\/iframe>\n<\/div><\/figure>\n\n\n\n<p class=\"wp-block-paragraph\">En el marco del \u00faltimo encuentro del Plan Nacional de Coordinaci\u00f3n Federal ENOS 2026-2027, el director del Servicio Meteorol\u00f3gico Nacional, Pedro Di Nezio, expuso las capacidades del organismo frente a la presencia de El Ni\u00f1o. \u201c<strong>Estamos fortaleciendo la capacidad del SMN para anticipar mejor los fen\u00f3menos de alto impacto y producir alertas cada vez m\u00e1s precisas y oportunas<\/strong>\u201d, se\u00f1al\u00f3 durante su presentaci\u00f3n.<\/p>\n\n\n\n<p class=\"wp-block-paragraph\">Sin embargo, la realidad del Servicio Meteorol\u00f3gico Nacional est\u00e1 lejos de la descrita por Di Nezio. En este aspecto, <strong>la instituci\u00f3n tiene el presupuesto m\u00e1s bajo de los \u00faltimos 20 a\u00f1os, perdi\u00f3 m\u00e1s de 300 trabajadores en 32 meses, y hasta dej\u00f3 estaciones sin monitorear por falta de personal<\/strong>.\u00a0<\/p>\n\n\n\n<div class=\"wp-block-uagb-container uagb-block-7dcee257 alignwide uagb-is-root-container\">\n<div class=\"wp-block-uagb-advanced-heading uagb-block-21a85b96\"><h4 class=\"uagb-heading-text\">\u00daltimas noticias de la secci\u00f3n Ambiente:<\/h4><\/div>\n\n\n\n\t\t\t<div class=\"wp-block-uagb-post-carousel uagb-post-grid  uagb-post__image-position-top uagb-post__image-enabled uagb-block-e66dac42     uagb-post__arrow-outside uagb-slick-carousel uagb-post__items uagb-post__columns-3 is-carousel uagb-post__columns-tablet-2 uagb-post__columns-mobile-1\" data-total=\"19\" style=\"\">\n\n\t\t\t\t\t\t\t\t\t\t\t\t<article class=\"uagb-post__inner-wrap\">\t\t\t\t\t\t\t\t<div class='uagb-post__image'>\n\t\t\t\t\t\t\t\t\t<a href=\"https:\/\/agencia.unq.edu.ar\/?p=38684\" target=\"_self\" rel=\"bookmark noopener noreferrer\"><img loading=\"lazy\" decoding=\"async\" width=\"960\" height=\"388\" src=\"https:\/\/agencia.unq.edu.ar\/wp-content\/uploads\/2026\/08\/Oceanos.jpg\" class=\"attachment-medium size-medium\" alt=\"La temperatura que fue detectada el s\u00e1bado 21 de agosto super\u00f3 el r\u00e9cord anterior establecido en marzo de 2024, que era de 21,09 \u00b0C. Cr\u00e9ditos: Infobae.\" \/>\t\t\t\t\t<\/a>\n\t\t\t\t\t\t\t\t\t<\/div>\n\t\t\t\t\t\t<h4 class=\"uagb-post__title uagb-post__text\">\n\t\t\t\t<a href=\"https:\/\/agencia.unq.edu.ar\/?p=38684\" target=\"_self\" rel=\"bookmark noopener noreferrer\">Oc\u00e9anos con fiebre: \u00bfpor qu\u00e9 los mares est\u00e1n cada vez m\u00e1s calientes?<\/a>\n\t\t\t<\/h4>\n\t\t\t\t\t\t<div class='uagb-post__text uagb-post-grid-byline'>\n\t\t\t\t\t\t\t<\/div>\n\t\t\t\n\t\t\t\t\t\t\t\t\t<\/article>\n\t\t\t\t\t\t\t\t\t\t\t\t\t\t\t\t<article class=\"uagb-post__inner-wrap\">\t\t\t\t\t\t\t\t<div class='uagb-post__image'>\n\t\t\t\t\t\t\t\t\t<a href=\"https:\/\/agencia.unq.edu.ar\/?p=38595\" target=\"_self\" rel=\"bookmark noopener noreferrer\"><img loading=\"lazy\" decoding=\"async\" width=\"960\" height=\"388\" src=\"https:\/\/agencia.unq.edu.ar\/wp-content\/uploads\/2026\/08\/Nublado-frio.jpg\" class=\"attachment-medium size-medium\" alt=\"Cr\u00e9ditos: Infobae.\" \/>\t\t\t\t\t<\/a>\n\t\t\t\t\t\t\t\t\t<\/div>\n\t\t\t\t\t\t<h4 class=\"uagb-post__title uagb-post__text\">\n\t\t\t\t<a href=\"https:\/\/agencia.unq.edu.ar\/?p=38595\" target=\"_self\" rel=\"bookmark noopener noreferrer\">\u00bfNublado hasta cu\u00e1ndo?: cient\u00edficos explican por qu\u00e9 cuesta tener d\u00edas soleados<\/a>\n\t\t\t<\/h4>\n\t\t\t\t\t\t<div class='uagb-post__text uagb-post-grid-byline'>\n\t\t\t\t\t\t\t<\/div>\n\t\t\t\n\t\t\t\t\t\t\t\t\t<\/article>\n\t\t\t\t\t\t\t\t\t\t\t\t\t\t\t\t<article class=\"uagb-post__inner-wrap\">\t\t\t\t\t\t\t\t<div class='uagb-post__image'>\n\t\t\t\t\t\t\t\t\t<a href=\"https:\/\/agencia.unq.edu.ar\/?p=38496\" target=\"_self\" rel=\"bookmark noopener noreferrer\"><img loading=\"lazy\" decoding=\"async\" width=\"960\" height=\"388\" src=\"https:\/\/agencia.unq.edu.ar\/wp-content\/uploads\/2023\/02\/destacada-cianobacterias.jpg\" class=\"attachment-medium size-medium\" alt=\"La provincia de Buenos Aires emiti\u00f3 un alerta naranja por el exceso de cianobacterias. Cr\u00e9ditos: El Diario Platense\" \/>\t\t\t\t\t<\/a>\n\t\t\t\t\t\t\t\t\t<\/div>\n\t\t\t\t\t\t<h4 class=\"uagb-post__title uagb-post__text\">\n\t\t\t\t<a href=\"https:\/\/agencia.unq.edu.ar\/?p=38496\" target=\"_self\" rel=\"bookmark noopener noreferrer\">Buenos Aires en alerta: de qu\u00e9 manera las cianobacterias ponen en peligro a la salud<\/a>\n\t\t\t<\/h4>\n\t\t\t\t\t\t<div class='uagb-post__text uagb-post-grid-byline'>\n\t\t\t\t\t\t\t<\/div>\n\t\t\t\n\t\t\t\t\t\t\t\t\t<\/article>\n\t\t\t\t\t\t\t\t\t\t\t\t\t\t\t\t<article class=\"uagb-post__inner-wrap\">\t\t\t\t\t\t\t\t<div class='uagb-post__image'>\n\t\t\t\t\t\t\t\t\t<a href=\"https:\/\/agencia.unq.edu.ar\/?p=38463\" target=\"_self\" rel=\"bookmark noopener noreferrer\"><img loading=\"lazy\" decoding=\"async\" width=\"960\" height=\"388\" src=\"https:\/\/agencia.unq.edu.ar\/wp-content\/uploads\/2026\/08\/agua-subterranea.jpg\" class=\"attachment-medium size-medium\" alt=\"El 70 por ciento de la agricultura a nivel mundial utiliza agua subterr\u00e1nea. Cr\u00e9ditos Servicio Informativo San Juan.\" \/>\t\t\t\t\t<\/a>\n\t\t\t\t\t\t\t\t\t<\/div>\n\t\t\t\t\t\t<h4 class=\"uagb-post__title uagb-post__text\">\n\t\t\t\t<a href=\"https:\/\/agencia.unq.edu.ar\/?p=38463\" target=\"_self\" rel=\"bookmark noopener noreferrer\">Agua subterr\u00e1nea en Argentina: un recurso clave y poco custodiado<\/a>\n\t\t\t<\/h4>\n\t\t\t\t\t\t<div class='uagb-post__text uagb-post-grid-byline'>\n\t\t\t\t\t\t\t<\/div>\n\t\t\t\n\t\t\t\t\t\t\t\t\t<\/article>\n\t\t\t\t\t\t\t\t\t\t\t\t\t\t\t\t<article class=\"uagb-post__inner-wrap\">\t\t\t\t\t\t\t\t<div class='uagb-post__image'>\n\t\t\t\t\t\t\t\t\t<a href=\"https:\/\/agencia.unq.edu.ar\/?p=37349\" target=\"_self\" rel=\"bookmark noopener noreferrer\"><img loading=\"lazy\" decoding=\"async\" width=\"960\" height=\"388\" src=\"https:\/\/agencia.unq.edu.ar\/wp-content\/uploads\/2026\/06\/Mariano-Rabassa-y-Christian-Garcia-Witulski.jpg\" class=\"attachment-medium size-medium\" alt=\"Christian Garc\u00eda-Witulski y Mariano Rabassa, investigadores de la UCA. Cr\u00e9ditos: Universidad Cat\u00f3lica Argentina.\" \/>\t\t\t\t\t<\/a>\n\t\t\t\t\t\t\t\t\t<\/div>\n\t\t\t\t\t\t<h4 class=\"uagb-post__title uagb-post__text\">\n\t\t\t\t<a href=\"https:\/\/agencia.unq.edu.ar\/?p=37349\" target=\"_self\" rel=\"bookmark noopener noreferrer\">Investigadores argentinos advierten que el cambio clim\u00e1tico podr\u00eda provocar m\u00e1s de 450 mil muertes prematuras cada a\u00f1o<\/a>\n\t\t\t<\/h4>\n\t\t\t\t\t\t<div class='uagb-post__text uagb-post-grid-byline'>\n\t\t\t\t\t\t\t<\/div>\n\t\t\t\n\t\t\t\t\t\t\t\t\t<\/article>\n\t\t\t\t\t\t\t\t\t\t\t\t\t\t\t\t<article class=\"uagb-post__inner-wrap\">\t\t\t\t\t\t\t\t<div class='uagb-post__image'>\n\t\t\t\t\t\t\t\t\t<a href=\"https:\/\/agencia.unq.edu.ar\/?p=35518\" target=\"_self\" rel=\"bookmark noopener noreferrer\"><img loading=\"lazy\" decoding=\"async\" width=\"960\" height=\"388\" src=\"https:\/\/agencia.unq.edu.ar\/wp-content\/uploads\/2026\/04\/Pinguino-emperador.jpg\" class=\"attachment-medium size-medium\" alt=\"El ping\u00fcino emperador es una de las especies que cambi\u00f3 de categor\u00eda y ahora est\u00e1 en peligro de extinci\u00f3n. Cr\u00e9ditos: Philip Trathan.\" \/>\t\t\t\t\t<\/a>\n\t\t\t\t\t\t\t\t\t<\/div>\n\t\t\t\t\t\t<h4 class=\"uagb-post__title uagb-post__text\">\n\t\t\t\t<a href=\"https:\/\/agencia.unq.edu.ar\/?p=35518\" target=\"_self\" rel=\"bookmark noopener noreferrer\">Por culpa del cambio clim\u00e1tico, dos animales emblem\u00e1ticos de la Ant\u00e1rtida podr\u00edan extinguirse<\/a>\n\t\t\t<\/h4>\n\t\t\t\t\t\t<div class='uagb-post__text uagb-post-grid-byline'>\n\t\t\t\t\t\t\t<\/div>\n\t\t\t\n\t\t\t\t\t\t\t\t\t<\/article>\n\t\t\t\t\t\t\t\t\t\t\t\t\t\t\t\t<article class=\"uagb-post__inner-wrap\">\t\t\t\t\t\t\t\t<div class='uagb-post__image'>\n\t\t\t\t\t\t\t\t\t<a href=\"https:\/\/agencia.unq.edu.ar\/?p=34846\" target=\"_self\" rel=\"bookmark noopener noreferrer\"><img loading=\"lazy\" decoding=\"async\" width=\"960\" height=\"388\" src=\"https:\/\/agencia.unq.edu.ar\/wp-content\/uploads\/2026\/03\/Mono-capuchino.jpg\" class=\"attachment-medium size-medium\" alt=\"Los monos ca\u00ed buscan el interior de los \u00e1rboles como fuente de alimentaci\u00f3n (imagen: CONICET Nordeste).\" \/>\t\t\t\t\t<\/a>\n\t\t\t\t\t\t\t\t\t<\/div>\n\t\t\t\t\t\t<h4 class=\"uagb-post__title uagb-post__text\">\n\t\t\t\t<a href=\"https:\/\/agencia.unq.edu.ar\/?p=34846\" target=\"_self\" rel=\"bookmark noopener noreferrer\">Monos, pinos y una idea ingeniosa para que todos ganen<\/a>\n\t\t\t<\/h4>\n\t\t\t\t\t\t<div class='uagb-post__text uagb-post-grid-byline'>\n\t\t\t\t\t\t\t<\/div>\n\t\t\t\n\t\t\t\t\t\t\t\t\t<\/article>\n\t\t\t\t\t\t\t\t\t\t\t\t\t\t\t\t<article class=\"uagb-post__inner-wrap\">\t\t\t\t\t\t\t\t<div class='uagb-post__image'>\n\t\t\t\t\t\t\t\t\t<a href=\"https:\/\/agencia.unq.edu.ar\/?p=34711\" target=\"_self\" rel=\"bookmark noopener noreferrer\"><img loading=\"lazy\" decoding=\"async\" width=\"960\" height=\"388\" src=\"https:\/\/agencia.unq.edu.ar\/wp-content\/uploads\/2026\/03\/nueve-claves.jpg\" class=\"attachment-medium size-medium\" alt=\"Evaluar y proteger la biodiversidad se volvi\u00f3 imprescindible (imagen: estrategiasdeiversion.com)\" \/>\t\t\t\t\t<\/a>\n\t\t\t\t\t\t\t\t\t<\/div>\n\t\t\t\t\t\t<h4 class=\"uagb-post__title uagb-post__text\">\n\t\t\t\t<a href=\"https:\/\/agencia.unq.edu.ar\/?p=34711\" target=\"_self\" rel=\"bookmark noopener noreferrer\">Cient\u00edficos de todo el mundo acordaron los cambios fundamentales para proteger la biodiversidad<\/a>\n\t\t\t<\/h4>\n\t\t\t\t\t\t<div class='uagb-post__text uagb-post-grid-byline'>\n\t\t\t\t\t\t\t<\/div>\n\t\t\t\n\t\t\t\t\t\t\t\t\t<\/article>\n\t\t\t\t\t\t\t\t\t\t\t<\/div>\n\t\t\t<\/div>\n","protected":false},"excerpt":{"rendered":"<p>La Organizaci\u00f3n Meteorol\u00f3gica Mundial confirm\u00f3 que ser\u00e1 \u201cmuy fuerte\u201d y se intensificar\u00e1n los fen\u00f3menos extremos.<\/p>\n","protected":false},"author":6,"featured_media":38884,"comment_status":"closed","ping_status":"closed","sticky":false,"template":"","format":"standard","meta":{"_uag_custom_page_level_css":"","_monsterinsights_skip_tracking":false,"site-sidebar-layout":"default","site-content-layout":"","ast-site-content-layout":"default","site-content-style":"default","site-sidebar-style":"default","ast-global-header-display":"","ast-banner-title-visibility":"","ast-main-header-display":"","ast-hfb-above-header-display":"","ast-hfb-below-header-display":"","ast-hfb-mobile-header-display":"","site-post-title":"","ast-breadcrumbs-content":"","ast-featured-img":"","footer-sml-layout":"","ast-disable-related-posts":"","theme-transparent-header-meta":"","adv-header-id-meta":"","stick-header-meta":"","header-above-stick-meta":"","header-main-stick-meta":"","header-below-stick-meta":"","astra-migrate-meta-layouts":"default","ast-page-background-enabled":"default","ast-page-background-meta":{"desktop":{"background-color":"var(--ast-global-color-4)","background-image":"","background-repeat":"repeat","background-position":"center center","background-size":"auto","background-attachment":"scroll","background-type":"","background-media":"","overlay-type":"","overlay-color":"","overlay-opacity":"","overlay-gradient":""},"tablet":{"background-color":"","background-image":"","background-repeat":"repeat","background-position":"center center","background-size":"auto","background-attachment":"scroll","background-type":"","background-media":"","overlay-type":"","overlay-color":"","overlay-opacity":"","overlay-gradient":""},"mobile":{"background-color":"","background-image":"","background-repeat":"repeat","background-position":"center center","background-size":"auto","background-attachment":"scroll","background-type":"","background-media":"","overlay-type":"","overlay-color":"","overlay-opacity":"","overlay-gradient":""}},"ast-content-background-meta":{"desktop":{"background-color":"var(--ast-global-color-5)","background-image":"","background-repeat":"repeat","background-position":"center center","background-size":"auto","background-attachment":"scroll","background-type":"","background-media":"","overlay-type":"","overlay-color":"","overlay-opacity":"","overlay-gradient":""},"tablet":{"background-color":"var(--ast-global-color-5)","background-image":"","background-repeat":"repeat","background-position":"center center","background-size":"auto","background-attachment":"scroll","background-type":"","background-media":"","overlay-type":"","overlay-color":"","overlay-opacity":"","overlay-gradient":""},"mobile":{"background-color":"var(--ast-global-color-5)","background-image":"","background-repeat":"repeat","background-position":"center center","background-size":"auto","background-attachment":"scroll","background-type":"","background-media":"","overlay-type":"","overlay-color":"","overlay-opacity":"","overlay-gradient":""}},"footnotes":""},"categories":[11,16],"tags":[],"class_list":["post-38883","post","type-post","status-publish","format-standard","has-post-thumbnail","hentry","category-ambiente","category-noticia-destacada"],"aioseo_notices":[],"aioseo_head":"\n\t\t<!-- All in One SEO 5.0.0.1 - aioseo.com -->\n\t<meta name=\"description\" content=\"La Organizaci\u00f3n Meteorol\u00f3gica Mundial confirm\u00f3 que ser\u00e1 \u201cmuy fuerte\u201d y se intensificar\u00e1n los fen\u00f3menos extremos.\" \/>\n\t<meta name=\"robots\" content=\"max-image-preview:large\" \/>\n\t<meta name=\"author\" content=\"Nicol\u00e1s Retamar\"\/>\n\t<link rel=\"canonical\" href=\"https:\/\/agencia.unq.edu.ar\/?p=38883\" \/>\n\t<meta name=\"generator\" content=\"All in One SEO (AIOSEO) 5.0.0.1\" \/>\n\t\t<meta property=\"og:locale\" content=\"es_ES\" \/>\n\t\t<meta property=\"og:site_name\" content=\"Agencia de Noticias Cient\u00edficas de la UNQ\" \/>\n\t\t<meta property=\"og:type\" content=\"article\" \/>\n\t\t<meta property=\"og:title\" content=\"Con la ausencia de Naci\u00f3n y los organismos cient\u00edficos devastados, las provincias y CABA se preparan para El Ni\u00f1o - Agencia de Noticias Cient\u00edficas de la UNQ\" \/>\n\t\t<meta property=\"og:description\" content=\"La Organizaci\u00f3n Meteorol\u00f3gica Mundial confirm\u00f3 que ser\u00e1 \u201cmuy fuerte\u201d y se intensificar\u00e1n los fen\u00f3menos extremos.\" \/>\n\t\t<meta property=\"og:url\" content=\"https:\/\/agencia.unq.edu.ar\/?p=38883\" \/>\n\t\t<meta property=\"og:image\" content=\"https:\/\/agencia.unq.edu.ar\/wp-content\/uploads\/2026\/09\/El-Nino-Argentina.jpg\" \/>\n\t\t<meta property=\"og:image:secure_url\" content=\"https:\/\/agencia.unq.edu.ar\/wp-content\/uploads\/2026\/09\/El-Nino-Argentina.jpg\" \/>\n\t\t<meta property=\"og:image:width\" content=\"1040\" \/>\n\t\t<meta property=\"og:image:height\" content=\"420\" \/>\n\t\t<meta property=\"article:published_time\" content=\"2026-09-03T17:40:14+00:00\" \/>\n\t\t<meta property=\"article:modified_time\" content=\"2026-09-03T17:40:15+00:00\" \/>\n\t\t<meta name=\"twitter:card\" content=\"summary_large_image\" \/>\n\t\t<meta name=\"twitter:site\" content=\"@Agencia__UNQ\" \/>\n\t\t<meta name=\"twitter:title\" content=\"Con la ausencia de Naci\u00f3n y los organismos cient\u00edficos devastados, las provincias y CABA se preparan para El Ni\u00f1o - Agencia de Noticias Cient\u00edficas de la UNQ\" \/>\n\t\t<meta name=\"twitter:description\" content=\"La Organizaci\u00f3n Meteorol\u00f3gica Mundial confirm\u00f3 que ser\u00e1 \u201cmuy fuerte\u201d y se intensificar\u00e1n los fen\u00f3menos extremos.\" \/>\n\t\t<meta name=\"twitter:image\" content=\"https:\/\/agencia.unq.edu.ar\/wp-content\/uploads\/2026\/09\/El-Nino-Argentina.jpg\" \/>\n\t\t<script type=\"application\/ld+json\" class=\"aioseo-schema\">\n\t\t\t{\"@context\":\"https:\\\/\\\/schema.org\",\"@graph\":[{\"@type\":\"BlogPosting\",\"@id\":\"https:\\\/\\\/agencia.unq.edu.ar\\\/?p=38883#blogposting\",\"name\":\"Con la ausencia de Naci\\u00f3n y los organismos cient\\u00edficos devastados, las provincias y CABA se preparan para El Ni\\u00f1o - Agencia de Noticias Cient\\u00edficas de la UNQ\",\"headline\":\"Con la ausencia de Naci\\u00f3n y los organismos cient\\u00edficos devastados, las provincias y CABA se preparan para El Ni\\u00f1o\",\"author\":{\"@id\":\"https:\\\/\\\/agencia.unq.edu.ar\\\/?author=6#author\"},\"publisher\":{\"@id\":\"https:\\\/\\\/agencia.unq.edu.ar\\\/#organization\"},\"image\":{\"@type\":\"ImageObject\",\"url\":\"https:\\\/\\\/agencia.unq.edu.ar\\\/wp-content\\\/uploads\\\/2026\\\/09\\\/El-Nino-Argentina.jpg\",\"width\":1040,\"height\":420,\"caption\":\"Embarcaciones transitan por calles inundadas tras las fuertes lluvias en Campana durante mayo de 2025. Cr\\u00e9ditos: AP\\\/Rodrigo Abd.\"},\"datePublished\":\"2026-09-03T14:40:14-03:00\",\"dateModified\":\"2026-09-03T14:40:15-03:00\",\"inLanguage\":\"es-AR\",\"mainEntityOfPage\":{\"@id\":\"https:\\\/\\\/agencia.unq.edu.ar\\\/?p=38883#webpage\"},\"isPartOf\":{\"@id\":\"https:\\\/\\\/agencia.unq.edu.ar\\\/?p=38883#webpage\"},\"articleSection\":\"Ambiente, Noticia destacada\"},{\"@type\":\"BreadcrumbList\",\"@id\":\"https:\\\/\\\/agencia.unq.edu.ar\\\/?p=38883#breadcrumblist\",\"itemListElement\":[{\"@type\":\"ListItem\",\"@id\":\"https:\\\/\\\/agencia.unq.edu.ar#listItem\",\"position\":1,\"name\":\"Home\",\"item\":\"https:\\\/\\\/agencia.unq.edu.ar\",\"nextItem\":{\"@type\":\"ListItem\",\"@id\":\"https:\\\/\\\/agencia.unq.edu.ar\\\/?cat=11#listItem\",\"name\":\"Ambiente\"}},{\"@type\":\"ListItem\",\"@id\":\"https:\\\/\\\/agencia.unq.edu.ar\\\/?cat=11#listItem\",\"position\":2,\"name\":\"Ambiente\",\"item\":\"https:\\\/\\\/agencia.unq.edu.ar\\\/?cat=11\",\"nextItem\":{\"@type\":\"ListItem\",\"@id\":\"https:\\\/\\\/agencia.unq.edu.ar\\\/?p=38883#listItem\",\"name\":\"Con la ausencia de Naci\\u00f3n y los organismos cient\\u00edficos devastados, las provincias y CABA se preparan para El Ni\\u00f1o\"},\"previousItem\":{\"@type\":\"ListItem\",\"@id\":\"https:\\\/\\\/agencia.unq.edu.ar#listItem\",\"name\":\"Home\"}},{\"@type\":\"ListItem\",\"@id\":\"https:\\\/\\\/agencia.unq.edu.ar\\\/?p=38883#listItem\",\"position\":3,\"name\":\"Con la ausencia de Naci\\u00f3n y los organismos cient\\u00edficos devastados, las provincias y CABA se preparan para El Ni\\u00f1o\",\"previousItem\":{\"@type\":\"ListItem\",\"@id\":\"https:\\\/\\\/agencia.unq.edu.ar\\\/?cat=11#listItem\",\"name\":\"Ambiente\"}}]},{\"@type\":\"Organization\",\"@id\":\"https:\\\/\\\/agencia.unq.edu.ar\\\/#organization\",\"name\":\"Agencia de noticias cient\\u00edficas\",\"description\":\"Contamos la ciencia en tiempo real\",\"url\":\"https:\\\/\\\/agencia.unq.edu.ar\\\/\",\"logo\":{\"@type\":\"ImageObject\",\"url\":\"https:\\\/\\\/agencia.unq.edu.ar\\\/wp-content\\\/uploads\\\/2025\\\/01\\\/logo-agencia-bn-sin-fondo.png\",\"@id\":\"https:\\\/\\\/agencia.unq.edu.ar\\\/?p=38883\\\/#organizationLogo\",\"width\":904,\"height\":222,\"caption\":\"Logo Agencia de Noticias Cient\\u00edficas de la UNQ\"},\"image\":{\"@id\":\"https:\\\/\\\/agencia.unq.edu.ar\\\/?p=38883\\\/#organizationLogo\"},\"sameAs\":[\"https:\\\/\\\/www.instagram.com\\\/agencia_noticias_unq\\\/\"]},{\"@type\":\"Person\",\"@id\":\"https:\\\/\\\/agencia.unq.edu.ar\\\/?author=6#author\",\"url\":\"https:\\\/\\\/agencia.unq.edu.ar\\\/?author=6\",\"name\":\"Nicol\\u00e1s Retamar\",\"image\":{\"@type\":\"ImageObject\",\"@id\":\"https:\\\/\\\/agencia.unq.edu.ar\\\/?p=38883#authorImage\",\"url\":\"https:\\\/\\\/secure.gravatar.com\\\/avatar\\\/d1693ba7f948f344b130f0ba3fb61a100609f44e1fd0dc6abd3869a90bcc3ad4?s=96&d=mm&r=g\",\"width\":96,\"height\":96,\"caption\":\"Nicol\\u00e1s Retamar\"}},{\"@type\":\"WebPage\",\"@id\":\"https:\\\/\\\/agencia.unq.edu.ar\\\/?p=38883#webpage\",\"url\":\"https:\\\/\\\/agencia.unq.edu.ar\\\/?p=38883\",\"name\":\"Con la ausencia de Naci\\u00f3n y los organismos cient\\u00edficos devastados, las provincias y CABA se preparan para El Ni\\u00f1o - Agencia de Noticias Cient\\u00edficas de la UNQ\",\"description\":\"La Organizaci\\u00f3n Meteorol\\u00f3gica Mundial confirm\\u00f3 que ser\\u00e1 \\u201cmuy fuerte\\u201d y se intensificar\\u00e1n los fen\\u00f3menos extremos.\",\"inLanguage\":\"es-AR\",\"isPartOf\":{\"@id\":\"https:\\\/\\\/agencia.unq.edu.ar\\\/#website\"},\"breadcrumb\":{\"@id\":\"https:\\\/\\\/agencia.unq.edu.ar\\\/?p=38883#breadcrumblist\"},\"author\":{\"@id\":\"https:\\\/\\\/agencia.unq.edu.ar\\\/?author=6#author\"},\"creator\":{\"@id\":\"https:\\\/\\\/agencia.unq.edu.ar\\\/?author=6#author\"},\"image\":{\"@type\":\"ImageObject\",\"url\":\"https:\\\/\\\/agencia.unq.edu.ar\\\/wp-content\\\/uploads\\\/2026\\\/09\\\/El-Nino-Argentina.jpg\",\"@id\":\"https:\\\/\\\/agencia.unq.edu.ar\\\/?p=38883\\\/#mainImage\",\"width\":1040,\"height\":420,\"caption\":\"Embarcaciones transitan por calles inundadas tras las fuertes lluvias en Campana durante mayo de 2025. Cr\\u00e9ditos: AP\\\/Rodrigo Abd.\"},\"primaryImageOfPage\":{\"@id\":\"https:\\\/\\\/agencia.unq.edu.ar\\\/?p=38883#mainImage\"},\"datePublished\":\"2026-09-03T14:40:14-03:00\",\"dateModified\":\"2026-09-03T14:40:15-03:00\"},{\"@type\":\"WebSite\",\"@id\":\"https:\\\/\\\/agencia.unq.edu.ar\\\/#website\",\"url\":\"https:\\\/\\\/agencia.unq.edu.ar\\\/\",\"name\":\"Agencia de noticias cient\\u00edficas\",\"description\":\"Contamos la ciencia en tiempo real\",\"inLanguage\":\"es-AR\",\"publisher\":{\"@id\":\"https:\\\/\\\/agencia.unq.edu.ar\\\/#organization\"}}]}\n\t\t<\/script>\n\t\t<!-- All in One SEO -->\n\n","aioseo_head_json":{"title":"Con la ausencia de Naci\u00f3n y los organismos cient\u00edficos devastados, las provincias y CABA se preparan para El Ni\u00f1o - Agencia de Noticias Cient\u00edficas de la UNQ","description":"La Organizaci\u00f3n Meteorol\u00f3gica Mundial confirm\u00f3 que ser\u00e1 \u201cmuy fuerte\u201d y se intensificar\u00e1n los fen\u00f3menos extremos.","canonical_url":"https:\/\/agencia.unq.edu.ar\/?p=38883","robots":"max-image-preview:large","keywords":"","webmasterTools":{"miscellaneous":""},"schema":{"@context":"https:\/\/schema.org","@graph":[{"@type":"BlogPosting","@id":"https:\/\/agencia.unq.edu.ar\/?p=38883#blogposting","name":"Con la ausencia de Naci\u00f3n y los organismos cient\u00edficos devastados, las provincias y CABA se preparan para El Ni\u00f1o - Agencia de Noticias Cient\u00edficas de la UNQ","headline":"Con la ausencia de Naci\u00f3n y los organismos cient\u00edficos devastados, las provincias y CABA se preparan para El Ni\u00f1o","author":{"@id":"https:\/\/agencia.unq.edu.ar\/?author=6#author"},"publisher":{"@id":"https:\/\/agencia.unq.edu.ar\/#organization"},"image":{"@type":"ImageObject","url":"https:\/\/agencia.unq.edu.ar\/wp-content\/uploads\/2026\/09\/El-Nino-Argentina.jpg","width":1040,"height":420,"caption":"Embarcaciones transitan por calles inundadas tras las fuertes lluvias en Campana durante mayo de 2025. Cr\u00e9ditos: AP\/Rodrigo Abd."},"datePublished":"2026-09-03T14:40:14-03:00","dateModified":"2026-09-03T14:40:15-03:00","inLanguage":"es-AR","mainEntityOfPage":{"@id":"https:\/\/agencia.unq.edu.ar\/?p=38883#webpage"},"isPartOf":{"@id":"https:\/\/agencia.unq.edu.ar\/?p=38883#webpage"},"articleSection":"Ambiente, Noticia destacada"},{"@type":"BreadcrumbList","@id":"https:\/\/agencia.unq.edu.ar\/?p=38883#breadcrumblist","itemListElement":[{"@type":"ListItem","@id":"https:\/\/agencia.unq.edu.ar#listItem","position":1,"name":"Home","item":"https:\/\/agencia.unq.edu.ar","nextItem":{"@type":"ListItem","@id":"https:\/\/agencia.unq.edu.ar\/?cat=11#listItem","name":"Ambiente"}},{"@type":"ListItem","@id":"https:\/\/agencia.unq.edu.ar\/?cat=11#listItem","position":2,"name":"Ambiente","item":"https:\/\/agencia.unq.edu.ar\/?cat=11","nextItem":{"@type":"ListItem","@id":"https:\/\/agencia.unq.edu.ar\/?p=38883#listItem","name":"Con la ausencia de Naci\u00f3n y los organismos cient\u00edficos devastados, las provincias y CABA se preparan para El Ni\u00f1o"},"previousItem":{"@type":"ListItem","@id":"https:\/\/agencia.unq.edu.ar#listItem","name":"Home"}},{"@type":"ListItem","@id":"https:\/\/agencia.unq.edu.ar\/?p=38883#listItem","position":3,"name":"Con la ausencia de Naci\u00f3n y los organismos cient\u00edficos devastados, las provincias y CABA se preparan para El Ni\u00f1o","previousItem":{"@type":"ListItem","@id":"https:\/\/agencia.unq.edu.ar\/?cat=11#listItem","name":"Ambiente"}}]},{"@type":"Organization","@id":"https:\/\/agencia.unq.edu.ar\/#organization","name":"Agencia de noticias cient\u00edficas","description":"Contamos la ciencia en tiempo real","url":"https:\/\/agencia.unq.edu.ar\/","logo":{"@type":"ImageObject","url":"https:\/\/agencia.unq.edu.ar\/wp-content\/uploads\/2025\/01\/logo-agencia-bn-sin-fondo.png","@id":"https:\/\/agencia.unq.edu.ar\/?p=38883\/#organizationLogo","width":904,"height":222,"caption":"Logo Agencia de Noticias Cient\u00edficas de la UNQ"},"image":{"@id":"https:\/\/agencia.unq.edu.ar\/?p=38883\/#organizationLogo"},"sameAs":["https:\/\/www.instagram.com\/agencia_noticias_unq\/"]},{"@type":"Person","@id":"https:\/\/agencia.unq.edu.ar\/?author=6#author","url":"https:\/\/agencia.unq.edu.ar\/?author=6","name":"Nicol\u00e1s Retamar","image":{"@type":"ImageObject","@id":"https:\/\/agencia.unq.edu.ar\/?p=38883#authorImage","url":"https:\/\/secure.gravatar.com\/avatar\/d1693ba7f948f344b130f0ba3fb61a100609f44e1fd0dc6abd3869a90bcc3ad4?s=96&d=mm&r=g","width":96,"height":96,"caption":"Nicol\u00e1s Retamar"}},{"@type":"WebPage","@id":"https:\/\/agencia.unq.edu.ar\/?p=38883#webpage","url":"https:\/\/agencia.unq.edu.ar\/?p=38883","name":"Con la ausencia de Naci\u00f3n y los organismos cient\u00edficos devastados, las provincias y CABA se preparan para El Ni\u00f1o - Agencia de Noticias Cient\u00edficas de la UNQ","description":"La Organizaci\u00f3n Meteorol\u00f3gica Mundial confirm\u00f3 que ser\u00e1 \u201cmuy fuerte\u201d y se intensificar\u00e1n los fen\u00f3menos extremos.","inLanguage":"es-AR","isPartOf":{"@id":"https:\/\/agencia.unq.edu.ar\/#website"},"breadcrumb":{"@id":"https:\/\/agencia.unq.edu.ar\/?p=38883#breadcrumblist"},"author":{"@id":"https:\/\/agencia.unq.edu.ar\/?author=6#author"},"creator":{"@id":"https:\/\/agencia.unq.edu.ar\/?author=6#author"},"image":{"@type":"ImageObject","url":"https:\/\/agencia.unq.edu.ar\/wp-content\/uploads\/2026\/09\/El-Nino-Argentina.jpg","@id":"https:\/\/agencia.unq.edu.ar\/?p=38883\/#mainImage","width":1040,"height":420,"caption":"Embarcaciones transitan por calles inundadas tras las fuertes lluvias en Campana durante mayo de 2025. Cr\u00e9ditos: AP\/Rodrigo Abd."},"primaryImageOfPage":{"@id":"https:\/\/agencia.unq.edu.ar\/?p=38883#mainImage"},"datePublished":"2026-09-03T14:40:14-03:00","dateModified":"2026-09-03T14:40:15-03:00"},{"@type":"WebSite","@id":"https:\/\/agencia.unq.edu.ar\/#website","url":"https:\/\/agencia.unq.edu.ar\/","name":"Agencia de noticias cient\u00edficas","description":"Contamos la ciencia en tiempo real","inLanguage":"es-AR","publisher":{"@id":"https:\/\/agencia.unq.edu.ar\/#organization"}}]},"og:locale":"es_ES","og:site_name":"Agencia de Noticias Cient\u00edficas de la UNQ","og:type":"article","og:title":"Con la ausencia de Naci\u00f3n y los organismos cient\u00edficos devastados, las provincias y CABA se preparan para El Ni\u00f1o - Agencia de Noticias Cient\u00edficas de la UNQ","og:description":"La Organizaci\u00f3n Meteorol\u00f3gica Mundial confirm\u00f3 que ser\u00e1 \u201cmuy fuerte\u201d y se intensificar\u00e1n los fen\u00f3menos extremos.","og:url":"https:\/\/agencia.unq.edu.ar\/?p=38883","og:image":"https:\/\/agencia.unq.edu.ar\/wp-content\/uploads\/2026\/09\/El-Nino-Argentina.jpg","og:image:secure_url":"https:\/\/agencia.unq.edu.ar\/wp-content\/uploads\/2026\/09\/El-Nino-Argentina.jpg","og:image:width":1040,"og:image:height":420,"article:published_time":"2026-09-03T17:40:14+00:00","article:modified_time":"2026-09-03T17:40:15+00:00","twitter:card":"summary_large_image","twitter:site":"@Agencia__UNQ","twitter:title":"Con la ausencia de Naci\u00f3n y los organismos cient\u00edficos devastados, las provincias y CABA se preparan para El Ni\u00f1o - Agencia de Noticias Cient\u00edficas de la UNQ","twitter:description":"La Organizaci\u00f3n Meteorol\u00f3gica Mundial confirm\u00f3 que ser\u00e1 \u201cmuy fuerte\u201d y se intensificar\u00e1n los fen\u00f3menos extremos.","twitter:image":"https:\/\/agencia.unq.edu.ar\/wp-content\/uploads\/2026\/09\/El-Nino-Argentina.jpg"},"aioseo_meta_data":{"post_id":"38883","title":null,"description":null,"keywords":null,"keyphrases":{"focus":{"keyphrase":"","score":0,"analysis":{"keyphraseInTitle":{"score":0,"maxScore":9,"error":1}}},"additional":[]},"primary_term":null,"canonical_url":null,"og_title":null,"og_description":null,"og_object_type":"default","og_image_type":"default","og_image_url":null,"og_image_width":null,"og_image_height":null,"og_image_custom_url":null,"og_image_custom_fields":null,"og_video":"","og_custom_url":null,"og_article_section":null,"og_article_tags":null,"twitter_use_og":true,"twitter_card":"default","twitter_image_type":"default","twitter_image_url":null,"twitter_image_custom_url":null,"twitter_image_custom_fields":null,"twitter_title":null,"twitter_description":null,"schema":{"blockGraphs":[],"customGraphs":[],"default":{"data":{"Article":[],"Course":[],"Dataset":[],"FAQPage":[],"Movie":[],"Person":[],"Product":[],"ProductReview":[],"Car":[],"Recipe":[],"Service":[],"SoftwareApplication":[],"WebPage":[]},"graphName":"BlogPosting","isEnabled":true},"graphs":[]},"schema_type":"default","schema_type_options":null,"pillar_content":false,"robots_default":true,"robots_noindex":false,"robots_noarchive":false,"robots_nosnippet":false,"robots_nofollow":false,"robots_noimageindex":false,"robots_noodp":false,"robots_notranslate":false,"robots_max_snippet":"-1","robots_max_videopreview":"-1","robots_max_imagepreview":"large","priority":null,"frequency":"default","local_seo":null,"breadcrumb_settings":null,"limit_modified_date":false,"ai":{"faqs":[],"keyPoints":[],"schemas":[],"titles":[],"descriptions":[],"socialPosts":{"email":{"subject":"","preview":"","content":""},"linkedin":[],"twitter":[],"facebook":[],"instagram":[]}},"created":"2026-09-03 17:19:13","updated":"2026-09-03 18:24:44","seo_analyzer_scan_date":null,"focus_keyword":null,"additional_keywords":null,"truseo_locale":null},"aioseo_breadcrumb":"<div class=\"aioseo-breadcrumbs\"><span class=\"aioseo-breadcrumb\">\n\t\t\t<a href=\"https:\/\/agencia.unq.edu.ar\" title=\"Home\">Home<\/a>\n\t\t<\/span><span class=\"aioseo-breadcrumb-separator\">&raquo;<\/span><span class=\"aioseo-breadcrumb\">\n\t\t\t<a href=\"https:\/\/agencia.unq.edu.ar\/?cat=11\" title=\"Ambiente\">Ambiente<\/a>\n\t\t<\/span><span class=\"aioseo-breadcrumb-separator\">&raquo;<\/span><span class=\"aioseo-breadcrumb\">\n\t\t\tCon la ausencia de Naci\u00f3n y los organismos cient\u00edficos devastados, las provincias y CABA se preparan para El Ni\u00f1o\n\t\t<\/span><\/div>","aioseo_breadcrumb_json":[{"label":"Home","link":"https:\/\/agencia.unq.edu.ar"},{"label":"Ambiente","link":"https:\/\/agencia.unq.edu.ar\/?cat=11"},{"label":"Con la ausencia de Naci\u00f3n y los organismos cient\u00edficos devastados, las provincias y CABA se preparan para El Ni\u00f1o","link":"https:\/\/agencia.unq.edu.ar\/?p=38883"}],"uagb_featured_image_src":{"full":["https:\/\/agencia.unq.edu.ar\/wp-content\/uploads\/2026\/09\/El-Nino-Argentina.jpg",1040,420,false],"thumbnail":["https:\/\/agencia.unq.edu.ar\/wp-content\/uploads\/2026\/09\/El-Nino-Argentina.jpg",150,61,false],"medium":["https:\/\/agencia.unq.edu.ar\/wp-content\/uploads\/2026\/09\/El-Nino-Argentina.jpg",960,388,false],"medium_large":["https:\/\/agencia.unq.edu.ar\/wp-content\/uploads\/2026\/09\/El-Nino-Argentina.jpg",768,310,false],"large":["https:\/\/agencia.unq.edu.ar\/wp-content\/uploads\/2026\/09\/El-Nino-Argentina.jpg",1040,420,false],"1536x1536":["https:\/\/agencia.unq.edu.ar\/wp-content\/uploads\/2026\/09\/El-Nino-Argentina.jpg",1040,420,false],"2048x2048":["https:\/\/agencia.unq.edu.ar\/wp-content\/uploads\/2026\/09\/El-Nino-Argentina.jpg",1040,420,false],"smart-post-landscape":["https:\/\/agencia.unq.edu.ar\/wp-content\/uploads\/2026\/09\/El-Nino-Argentina.jpg",870,351,false],"smart-post-portrait":["https:\/\/agencia.unq.edu.ar\/wp-content\/uploads\/2026\/09\/El-Nino-Argentina.jpg",600,242,false]},"uagb_author_info":{"display_name":"Nicol\u00e1s Retamar","author_link":"https:\/\/agencia.unq.edu.ar\/?author=6"},"uagb_comment_info":0,"uagb_excerpt":"La Organizaci\u00f3n Meteorol\u00f3gica Mundial confirm\u00f3 que ser\u00e1 \u201cmuy fuerte\u201d y se intensificar\u00e1n los fen\u00f3menos extremos.","blog_post_layout_featured_media_urls":{"thumbnail":["https:\/\/agencia.unq.edu.ar\/wp-content\/uploads\/2026\/09\/El-Nino-Argentina.jpg",150,61,false],"full":["https:\/\/agencia.unq.edu.ar\/wp-content\/uploads\/2026\/09\/El-Nino-Argentina.jpg",1040,420,false]},"categories_names":{"11":{"name":"Ambiente","link":"https:\/\/agencia.unq.edu.ar\/?cat=11"},"16":{"name":"Noticia destacada","link":"https:\/\/agencia.unq.edu.ar\/?cat=16"}},"tags_names":[],"comments_number":"0","_links":{"self":[{"href":"https:\/\/agencia.unq.edu.ar\/index.php?rest_route=\/wp\/v2\/posts\/38883","targetHints":{"allow":["GET"]}}],"collection":[{"href":"https:\/\/agencia.unq.edu.ar\/index.php?rest_route=\/wp\/v2\/posts"}],"about":[{"href":"https:\/\/agencia.unq.edu.ar\/index.php?rest_route=\/wp\/v2\/types\/post"}],"author":[{"embeddable":true,"href":"https:\/\/agencia.unq.edu.ar\/index.php?rest_route=\/wp\/v2\/users\/6"}],"replies":[{"embeddable":true,"href":"https:\/\/agencia.unq.edu.ar\/index.php?rest_route=%2Fwp%2Fv2%2Fcomments&post=38883"}],"version-history":[{"count":1,"href":"https:\/\/agencia.unq.edu.ar\/index.php?rest_route=\/wp\/v2\/posts\/38883\/revisions"}],"predecessor-version":[{"id":38885,"href":"https:\/\/agencia.unq.edu.ar\/index.php?rest_route=\/wp\/v2\/posts\/38883\/revisions\/38885"}],"wp:featuredmedia":[{"embeddable":true,"href":"https:\/\/agencia.unq.edu.ar\/index.php?rest_route=\/wp\/v2\/media\/38884"}],"wp:attachment":[{"href":"https:\/\/agencia.unq.edu.ar\/index.php?rest_route=%2Fwp%2Fv2%2Fmedia&parent=38883"}],"wp:term":[{"taxonomy":"category","embeddable":true,"href":"https:\/\/agencia.unq.edu.ar\/index.php?rest_route=%2Fwp%2Fv2%2Fcategories&post=38883"},{"taxonomy":"post_tag","embeddable":true,"href":"https:\/\/agencia.unq.edu.ar\/index.php?rest_route=%2Fwp%2Fv2%2Ftags&post=38883"}],"curies":[{"name":"wp","href":"https:\/\/api.w.org\/{rel}","templated":true}]}}