{"id":38911,"date":"2026-09-04T15:41:47","date_gmt":"2026-09-04T18:41:47","guid":{"rendered":"https:\/\/agencia.unq.edu.ar\/?p=38911"},"modified":"2026-09-04T15:42:29","modified_gmt":"2026-09-04T18:42:29","slug":"federico-werkmann-el-fallo-de-la-corte-es-irreversible-lo-unico-que-tiene-que-hacer-el-gobierno-es-cumplir-la-ley","status":"publish","type":"post","link":"https:\/\/agencia.unq.edu.ar\/?p=38911","title":{"rendered":"Federico Werkmann: \u201cEl fallo de la Corte es irreversible, lo \u00fanico que tiene que hacer el gobierno es cumplir la Ley\u201d"},"content":{"rendered":"\n<p class=\"wp-embed-aspect-16-9 wp-has-aspect-ratio has-medium-font-size wp-block-paragraph\" id=\"block-e7a9ff36-ee0c-4796-9d2e-1fd69773da3a\">En di\u00e1logo con la Agencia, el secretario de Legal y T\u00e9cnica de la UNQ brinda detalles de la causa alrededor de la Ley de Financiamiento Universitario.<\/p>\n\n\n\n<figure class=\"wp-block-image aligncenter size-full\" id=\"block-c3ee2a7f-4bf9-43dd-a0f6-8acc1087bdbe\" style=\"margin-top:0px;margin-bottom:0px\"><img loading=\"lazy\" decoding=\"async\" width=\"1040\" height=\"420\" src=\"https:\/\/agencia.unq.edu.ar\/wp-content\/uploads\/2026\/09\/Federico-Werkmann-2.jpg\" alt=\"Federico Werkmann, secretario de Legal y T\u00e9cnica de la Universidad Nacional de Quilmes. Cr\u00e9ditos: Nicol\u00e1s Retamar \/ Agencia de Noticias Cient\u00edficas UNQ.\" class=\"wp-image-38923\"\/><figcaption class=\"wp-element-caption\">Federico Werkmann, secretario de Legal y T\u00e9cnica de la Universidad Nacional de Quilmes. Cr\u00e9ditos: Nicol\u00e1s Retamar \/ Agencia de Noticias Cient\u00edficas UNQ.<\/figcaption><\/figure>\n\n\n\n<article class=\"wp-block-uagb-container uagb-layout-flex uagb-block-a41cc8eb default uagb-is-root-container\">\n<figure class=\"wp-block-uagb-container uagb-block-bb513af8\"><div style=\"color:#ac162c;line-height:0;padding-top:0;padding-bottom:0;padding-left:0;padding-right:0\" class=\"wp-elements-1 wp-block-post-time-to-read has-text-color has-text-align-center\">6 minutos<\/div><\/figure>\n<\/article>\n\n\n\n<p class=\"wp-block-paragraph\">A casi un a\u00f1o de su sanci\u00f3n e inmediata suspensi\u00f3n, el gobierno nacional contin\u00faa sin cumplir la Ley de Financiamiento Universitario. Pese a los fallos de la Justicia en favor de la comunidad universitaria, el Ejecutivo hace caso omiso y utiliza todas las herramientas posibles para dilatar la aplicaci\u00f3n de la norma. El 1 de septiembre, mismo d\u00eda donde fracas\u00f3 la paritaria que deriv\u00f3 en el paro masivo de docentes y no docentes, el juez Mart\u00edn Cormick rechaz\u00f3 una solicitud de los funcionarios de Milei para levantar la cautelar que los obliga a actualizar las becas y los salarios. Al mismo tiempo, les otorg\u00f3 un plazo de tres d\u00edas para que expliquen qu\u00e9 hicieron para efectuar la orden judicial. Para conocer en profundidad el estado de la cuesti\u00f3n, la <a href=\"https:\/\/agencia.unq.edu.ar\" target=\"_blank\" rel=\"noopener\" title=\"\">Agencia de Noticias Cient\u00edficas de la Universidad Nacional de Quilmes<\/a> dialog\u00f3 con <strong>Federico Werkmann<\/strong>, secretario de Legal y T\u00e9cnica de la UNQ.&nbsp;<\/p>\n\n\n\n<p class=\"wp-block-paragraph\"><strong>-Ante tanta informaci\u00f3n y confusi\u00f3n, \u00bfen qu\u00e9 estado se encuentra el tratamiento de la Ley de Financiamiento Universitario en la Justicia?<\/strong><\/p>\n\n\n\n<p class=\"wp-block-paragraph\">-Primero hay que diferenciar entre la cautelar y la causa principal. <strong>Mientras que la causa principal es sobre todo el cumplimiento de la Ley y todav\u00eda no tiene resoluci\u00f3n del juzgado de primera instancia, la cautelar es sobre los art\u00edculos 5 y 6 vinculados a salarios y becas, que el gobierno est\u00e1 obligado a cumplir<\/strong>. En este caso, tanto el juez de primera instancia como la C\u00e1mara y la Corte Suprema de Justicia confirmaron la medida favorable para las universidades. Sin embargo, hasta el momento no hay cumplimiento por parte del Poder Ejecutivo Nacional.<\/p>\n\n\n\n<p class=\"wp-block-paragraph\"><strong>-El gobierno afirma que empez\u00f3 a cumplir con la Ley y se escuda en el aumento salarial de 21 por ciento acordado el 10 de junio de 2026.<\/strong><\/p>\n\n\n\n<p class=\"wp-block-paragraph\">-A partir de esa acta paritaria, el Poder Ejecutivo realiz\u00f3 diferentes presentaciones para demostrar un principio de ejecuci\u00f3n de la sentencia y solicitar el levantamiento de la cautelar. El argumento que utilizan es que ahora no hay demora en el cumplimiento de la Ley porque ya comenzaron con la recomposici\u00f3n salarial. <strong>Se trata de una pirueta jur\u00eddica un poco singular, porque al mismo tiempo que desconocen la Ley y la atacan, informan sobre el acta paritaria y el principio de cumplimiento<\/strong>. El objetivo es ralentizar la causa y cuestionar decisiones ya resueltas.<\/p>\n\n\n\n<p class=\"wp-block-paragraph\"><strong>-Pero el juez Mart\u00edn Cormick desconoci\u00f3 los argumentos del gobierno nacional.<\/strong><\/p>\n\n\n\n<p class=\"wp-block-paragraph\">-El juzgado de primera instancia determin\u00f3 que los argumentos sobre el principio de ejecuci\u00f3n eran insuficientes y rechaz\u00f3 esa petici\u00f3n por parte del Poder Ejecutivo. Adem\u00e1s, enfatiz\u00f3 que el expediente de la causa principal ya est\u00e1 listo para tomar una decisi\u00f3n final. Al mismo tiempo, <strong>la novedad es que intim\u00f3 al gobierno nacional para que en un plazo de 3 d\u00edas informe cu\u00e1l es el estado de cumplimiento de la medida cautelar respecto de los art\u00edculos 5 y 6<\/strong>.&nbsp;<\/p>\n\n\n\n<p class=\"wp-block-paragraph\"><strong>-\u00bfCu\u00e1ntas instancias m\u00e1s le quedan al gobierno nacional para seguir incumpliendo la Ley de Financiamiento Universitario?<\/strong><\/p>\n\n\n\n<p class=\"wp-block-paragraph\">-No hay una cuarta instancia de revisi\u00f3n en nuestro pa\u00eds. Lo que est\u00e1n tratando de hacer es dar vuelta un fallo de la Corte Suprema de Justicia, que es irrevisable. <strong>La cuesti\u00f3n sobre la cautelar est\u00e1 resuelta y lo \u00fanico que tiene que hacer el Poder Ejecutivo es cumplirla. No hay m\u00e1s espacio para revisar otras pretensiones y hay que pasar a la ejecuci\u00f3n de la sentencia<\/strong>.&nbsp;<\/p>\n\n\n\n<p class=\"wp-block-paragraph\"><strong>-En di\u00e1logo con la Agencia de Noticias Cient\u00edficas de la Universidad Nacional de Quilmes, el abogado del Consejo Interuniversitario Nacional <a href=\"https:\/\/agencia.unq.edu.ar\/?p=38679\" target=\"_blank\" rel=\"noopener\" title=\"exigi\u00f3 multas econ\u00f3micas y causas penales por incumplimiento\">exigi\u00f3 multas econ\u00f3micas y causas penales por incumplimiento<\/a> para los funcionarios del gobierno. \u00bfQu\u00e9 evaluaci\u00f3n hace al respecto?<\/strong><\/p>\n\n\n\n<p class=\"wp-block-paragraph\">-Despu\u00e9s de la presentaci\u00f3n del informe, o cuando el juez determine que ya se agotaron las instancias que ofrece el derecho, <strong>es un paso a explorar que est\u00e1 bueno<\/strong>.&nbsp;<\/p>\n\n\n\n<figure class=\"wp-block-image aligncenter size-full\"><img loading=\"lazy\" decoding=\"async\" width=\"750\" height=\"619\" src=\"https:\/\/agencia.unq.edu.ar\/wp-content\/uploads\/2026\/09\/Federico-Werkmann-4.jpg\" alt=\"Federico Werkmann. Cr\u00e9ditos: Nicol\u00e1s Retamar \/ Agencia de Noticias Cient\u00edficas UNQ.\" class=\"wp-image-38913\"\/><figcaption class=\"wp-element-caption\">Federico Werkmann. Cr\u00e9ditos: Nicol\u00e1s Retamar \/ Agencia de Noticias Cient\u00edficas UNQ.<\/figcaption><\/figure>\n\n\n\n<p class=\"wp-block-paragraph\"><strong>-Adem\u00e1s de la cautelar que incumple, el gobierno impulsa <a href=\"https:\/\/agencia.unq.edu.ar\/?p=38836\" target=\"_blank\" rel=\"noopener\" title=\"reuniones paritarias que son casi ficticias\">reuniones paritarias que son casi ficticias<\/a>.<\/strong><\/p>\n\n\n\n<p class=\"wp-block-paragraph\">&#8211;<strong>El ofrecimiento del 3 por ciento es una suma irrisoria y casi que se trata de una provocaci\u00f3n para quebrar los espacios de negociaci\u00f3n, ya que cierran cualquier posibilidad de intercambio y debate<\/strong>. El acuerdo del 10 de junio fue por una suba salarial del 21 por ciento, pero todav\u00eda resta un aumento que oscila entre un 30 y un 35 por ciento. Otro punto importante es que la actualizaci\u00f3n de los salarios es un punto de partida hacia adelante. No obstante, tambi\u00e9n hay que tener en cuenta la ca\u00edda registrada desde diciembre de 2023, cuando el Poder Ejecutivo devalu\u00f3 y hubo un gran salto inflacionario.&nbsp;<\/p>\n\n\n\n<p class=\"wp-block-paragraph\"><strong>-Y en lo personal, \u00bfqu\u00e9 an\u00e1lisis hace de todo este incumplimiento?&nbsp;&nbsp;&nbsp;<\/strong><\/p>\n\n\n\n<p class=\"wp-block-paragraph\">&#8211;<strong>Es algo profundamente antirrepublicano<\/strong>. No solo afecta la divisi\u00f3n de poderes, que es uno de los principios del sistema republicano de gobierno previsto en el art\u00edculo 1 de la Constituci\u00f3n Nacional, sino que tambi\u00e9n el cumplimiento de una ley es una cuesti\u00f3n embrionaria del estado social constitucional del derecho.<\/p>\n\n\n\n<p class=\"wp-block-paragraph\"><strong>-Pareciera que algunos incumplen la ley y no pasa nada, nadie recibe una sanci\u00f3n econ\u00f3mica ni tiene consecuencias penales. Entonces, dar\u00eda la sensaci\u00f3n de que vale todo y cada quien puede hacer lo que quiera.<\/strong>&nbsp;<\/p>\n\n\n\n<p class=\"wp-block-paragraph\">-El riesgo es visible y no solo es actual, sino tambi\u00e9n a futuro. Esto es un quebrantamiento del orden constitucional. Para tomar dimensi\u00f3n, lo que hizo el gobierno de suspender la aplicaci\u00f3n de la Ley de Financiamiento Universitario es tan peligroso que no existe en nuestra Constituci\u00f3n el contraveto. <strong>Es tan ingenioso como lamentable que en nuestro pa\u00eds discutamos la vigencia del orden constitucional sobre el Poder Legislativo y el Poder Judicial<\/strong>.&nbsp;<\/p>\n\n\n\n<p class=\"wp-block-paragraph\"><strong>-Incluso, la cuesti\u00f3n ya toma una relevancia que trasciende aspectos salariales.<\/strong><\/p>\n\n\n\n<p class=\"wp-block-paragraph\">-Que el presidente quebrante el orden constitucional afecta a la sociedad en su conjunto en el corto y en el largo plazo. Por eso, es necesario mantener vigente este reclamo, porque estamos afectando a generaciones futuras. En este aspecto, se parece a una inundaci\u00f3n, donde el problema no es tanto cuando se inunda, sino cuando baja el agua. <strong>La decisi\u00f3n premeditada del presidente impacta sobre el derecho a la educaci\u00f3n, donde el Estado debe garantizarlo como un bien p\u00fablico y social<\/strong>. Nos costar\u00e1 como sociedad retomar un sistema educativo de calidad y a la altura de lo que Argentina necesita.<\/p>\n\n\n\n<div class=\"wp-block-uagb-container uagb-block-dd9b3044 alignwide uagb-is-root-container\">\n<div class=\"wp-block-uagb-advanced-heading uagb-block-3482af2f\"><h4 class=\"uagb-heading-text\">\u00daltimas noticias de la secci\u00f3n Pol\u00edtica:<\/h4><\/div>\n\n\n\n\t\t\t<div class=\"wp-block-uagb-post-carousel uagb-post-grid  uagb-post__image-position-top uagb-post__image-enabled uagb-block-c0e21101     uagb-post__arrow-outside uagb-slick-carousel uagb-post__items uagb-post__columns-3 is-carousel uagb-post__columns-tablet-2 uagb-post__columns-mobile-1\" data-total=\"37\" style=\"\">\n\n\t\t\t\t\t\t\t\t\t\t\t\t<article class=\"uagb-post__inner-wrap\">\t\t\t\t\t\t\t\t<div class='uagb-post__image'>\n\t\t\t\t\t\t\t\t\t<a href=\"https:\/\/agencia.unq.edu.ar\/?p=38836\" target=\"_self\" rel=\"bookmark noopener noreferrer\"><img loading=\"lazy\" decoding=\"async\" width=\"960\" height=\"388\" src=\"https:\/\/agencia.unq.edu.ar\/wp-content\/uploads\/2026\/07\/Milei-cumpli-la-Ley.jpg\" class=\"attachment-medium size-medium\" alt=\"Pasacalles exigiendo el cumplimiento de la Ley durante la \u00faltima Marcha Universitaria. Cr\u00e9ditos: Huellas del Sur.\" \/>\t\t\t\t\t<\/a>\n\t\t\t\t\t\t\t\t\t<\/div>\n\t\t\t\t\t\t<h4 class=\"uagb-post__title uagb-post__text\">\n\t\t\t\t<a href=\"https:\/\/agencia.unq.edu.ar\/?p=38836\" target=\"_self\" rel=\"bookmark noopener noreferrer\">Ley de Financiamiento Universitario: el gobierno se reuni\u00f3 con los sindicatos y ofreci\u00f3 un 3 por ciento de aumento cuando debe un 31<\/a>\n\t\t\t<\/h4>\n\t\t\t\t\t\t<div class='uagb-post__text uagb-post-grid-byline'>\n\t\t\t\t\t\t\t<\/div>\n\t\t\t\n\t\t\t\t\t\t\t\t\t<\/article>\n\t\t\t\t\t\t\t\t\t\t\t\t\t\t\t\t<article class=\"uagb-post__inner-wrap\">\t\t\t\t\t\t\t\t<div class='uagb-post__image'>\n\t\t\t\t\t\t\t\t\t<a href=\"https:\/\/agencia.unq.edu.ar\/?p=38778\" target=\"_self\" rel=\"bookmark noopener noreferrer\"><img loading=\"lazy\" decoding=\"async\" width=\"960\" height=\"388\" src=\"https:\/\/agencia.unq.edu.ar\/wp-content\/uploads\/2026\/08\/Salud-mental-suicidios.jpg\" class=\"attachment-medium size-medium\" alt=\"La tasa de sucidios en Argentina durante 2025 super\u00f3 las cifras de la dictadura y el 2001. Cr\u00e9ditos: El Peri\u00f3dico.\" \/>\t\t\t\t\t<\/a>\n\t\t\t\t\t\t\t\t\t<\/div>\n\t\t\t\t\t\t<h4 class=\"uagb-post__title uagb-post__text\">\n\t\t\t\t<a href=\"https:\/\/agencia.unq.edu.ar\/?p=38778\" target=\"_self\" rel=\"bookmark noopener noreferrer\">Cifras de una \u00e9poca: radiograf\u00eda del suicidio en tiempos de ajuste\u00a0<\/a>\n\t\t\t<\/h4>\n\t\t\t\t\t\t<div class='uagb-post__text uagb-post-grid-byline'>\n\t\t\t\t\t\t\t<\/div>\n\t\t\t\n\t\t\t\t\t\t\t\t\t<\/article>\n\t\t\t\t\t\t\t\t\t\t\t\t\t\t\t\t<article class=\"uagb-post__inner-wrap\">\t\t\t\t\t\t\t\t<div class='uagb-post__image'>\n\t\t\t\t\t\t\t\t\t<a href=\"https:\/\/agencia.unq.edu.ar\/?p=38747\" target=\"_self\" rel=\"bookmark noopener noreferrer\"><img loading=\"lazy\" decoding=\"async\" width=\"960\" height=\"388\" src=\"https:\/\/agencia.unq.edu.ar\/wp-content\/uploads\/2026\/08\/Pacto-Digital-CDMX-Clara-Brugada.jpg\" class=\"attachment-medium size-medium\" alt=\"Clara Brugada, jefa de gobierno de la Ciudad de M\u00e9xico. Cr\u00e9ditos: Conexi\u00f3n Radio Noticias.\" \/>\t\t\t\t\t<\/a>\n\t\t\t\t\t\t\t\t\t<\/div>\n\t\t\t\t\t\t<h4 class=\"uagb-post__title uagb-post__text\">\n\t\t\t\t<a href=\"https:\/\/agencia.unq.edu.ar\/?p=38747\" target=\"_self\" rel=\"bookmark noopener noreferrer\">La Ciudad de M\u00e9xico lanza una iniciativa para proteger a los ni\u00f1os y adolescentes de internet y las pantallas<\/a>\n\t\t\t<\/h4>\n\t\t\t\t\t\t<div class='uagb-post__text uagb-post-grid-byline'>\n\t\t\t\t\t\t\t<\/div>\n\t\t\t\n\t\t\t\t\t\t\t\t\t<\/article>\n\t\t\t\t\t\t\t\t\t\t\t\t\t\t\t\t<article class=\"uagb-post__inner-wrap\">\t\t\t\t\t\t\t\t<div class='uagb-post__image'>\n\t\t\t\t\t\t\t\t\t<a href=\"https:\/\/agencia.unq.edu.ar\/?p=38679\" target=\"_self\" rel=\"bookmark noopener noreferrer\"><img loading=\"lazy\" decoding=\"async\" width=\"960\" height=\"388\" src=\"https:\/\/agencia.unq.edu.ar\/wp-content\/uploads\/2026\/08\/Pablo-Manili-abogado-CIN.jpg\" class=\"attachment-medium size-medium\" alt=\"Pablo Manili, abogado constitucionalista del Consejo Interuniversitario Nacional. Cr\u00e9ditos: Vocaci\u00f3n x periodismo.\" \/>\t\t\t\t\t<\/a>\n\t\t\t\t\t\t\t\t\t<\/div>\n\t\t\t\t\t\t<h4 class=\"uagb-post__title uagb-post__text\">\n\t\t\t\t<a href=\"https:\/\/agencia.unq.edu.ar\/?p=38679\" target=\"_self\" rel=\"bookmark noopener noreferrer\">Ley de Financiamiento Universitario: \u201cEstamos esperando que el juez intime al gobierno para cumplir la cautelar\u201d<\/a>\n\t\t\t<\/h4>\n\t\t\t\t\t\t<div class='uagb-post__text uagb-post-grid-byline'>\n\t\t\t\t\t\t\t<\/div>\n\t\t\t\n\t\t\t\t\t\t\t\t\t<\/article>\n\t\t\t\t\t\t\t\t\t\t\t\t\t\t\t\t<article class=\"uagb-post__inner-wrap\">\t\t\t\t\t\t\t\t<div class='uagb-post__image'>\n\t\t\t\t\t\t\t\t\t<a href=\"https:\/\/agencia.unq.edu.ar\/?p=38650\" target=\"_self\" rel=\"bookmark noopener noreferrer\"><img loading=\"lazy\" decoding=\"async\" width=\"960\" height=\"388\" src=\"https:\/\/agencia.unq.edu.ar\/wp-content\/uploads\/2026\/08\/Council-of-the-Americas-Milei.jpg\" class=\"attachment-medium size-medium\" alt=\"Javier Milei junto a integrantes del Council of the Americas. Cr\u00e9ditos: Capece\/Lasansky.\" \/>\t\t\t\t\t<\/a>\n\t\t\t\t\t\t\t\t\t<\/div>\n\t\t\t\t\t\t<h4 class=\"uagb-post__title uagb-post__text\">\n\t\t\t\t<a href=\"https:\/\/agencia.unq.edu.ar\/?p=38650\" target=\"_self\" rel=\"bookmark noopener noreferrer\">&#8220;Pa\u00f1uelitos verdes y baja de natalidad&#8221;, una mentira importada para retroceder en derechos sexuales y reproductivos<\/a>\n\t\t\t<\/h4>\n\t\t\t\t\t\t<div class='uagb-post__text uagb-post-grid-byline'>\n\t\t\t\t\t\t\t<\/div>\n\t\t\t\n\t\t\t\t\t\t\t\t\t<\/article>\n\t\t\t\t\t\t\t\t\t\t\t\t\t\t\t\t<article class=\"uagb-post__inner-wrap\">\t\t\t\t\t\t\t\t<div class='uagb-post__image'>\n\t\t\t\t\t\t\t\t\t<a href=\"https:\/\/agencia.unq.edu.ar\/?p=38590\" target=\"_self\" rel=\"bookmark noopener noreferrer\"><img loading=\"lazy\" decoding=\"async\" width=\"960\" height=\"388\" src=\"https:\/\/agencia.unq.edu.ar\/wp-content\/uploads\/2026\/08\/Milei-Bullrich-monitoreo-protesta.jpg\" class=\"attachment-medium size-medium\" alt=\"Milei y Patricia Bullrich monitorean junto a las fuerzas de seguridad la primera Marcha Federal Universitaria. Cr\u00e9ditos: Sol 91.5.\" \/>\t\t\t\t\t<\/a>\n\t\t\t\t\t\t\t\t\t<\/div>\n\t\t\t\t\t\t<h4 class=\"uagb-post__title uagb-post__text\">\n\t\t\t\t<a href=\"https:\/\/agencia.unq.edu.ar\/?p=38590\" target=\"_self\" rel=\"bookmark noopener noreferrer\">La verdadera campa\u00f1a del miedo: el gobierno expande la vigilancia masiva sin control ni transparencia<\/a>\n\t\t\t<\/h4>\n\t\t\t\t\t\t<div class='uagb-post__text uagb-post-grid-byline'>\n\t\t\t\t\t\t\t<\/div>\n\t\t\t\n\t\t\t\t\t\t\t\t\t<\/article>\n\t\t\t\t\t\t\t\t\t\t\t\t\t\t\t\t<article class=\"uagb-post__inner-wrap\">\t\t\t\t\t\t\t\t<div class='uagb-post__image'>\n\t\t\t\t\t\t\t\t\t<a href=\"https:\/\/agencia.unq.edu.ar\/?p=38375\" target=\"_self\" rel=\"bookmark noopener noreferrer\"><img loading=\"lazy\" decoding=\"async\" width=\"960\" height=\"388\" src=\"https:\/\/agencia.unq.edu.ar\/wp-content\/uploads\/2026\/08\/me-pongo-la-camiseta02.jpg\" class=\"attachment-medium size-medium\" alt=\"Capturas de pantalla de la convocatoria para el 12 de agosto. Cr\u00e9ditos: @raicyt_ar\" \/>\t\t\t\t\t<\/a>\n\t\t\t\t\t\t\t\t\t<\/div>\n\t\t\t\t\t\t<h4 class=\"uagb-post__title uagb-post__text\">\n\t\t\t\t<a href=\"https:\/\/agencia.unq.edu.ar\/?p=38375\" target=\"_self\" rel=\"bookmark noopener noreferrer\">Cient\u00edficos realizar\u00e1n una protesta bajo el lema \u201cMe pongo la camiseta\u201d para defender a Argentina<\/a>\n\t\t\t<\/h4>\n\t\t\t\t\t\t<div class='uagb-post__text uagb-post-grid-byline'>\n\t\t\t\t\t\t\t<\/div>\n\t\t\t\n\t\t\t\t\t\t\t\t\t<\/article>\n\t\t\t\t\t\t\t\t\t\t\t\t\t\t\t\t<article class=\"uagb-post__inner-wrap\">\t\t\t\t\t\t\t\t<div class='uagb-post__image'>\n\t\t\t\t\t\t\t\t\t<a href=\"https:\/\/agencia.unq.edu.ar\/?p=38325\" target=\"_self\" rel=\"bookmark noopener noreferrer\"><img loading=\"lazy\" decoding=\"async\" width=\"960\" height=\"388\" src=\"https:\/\/agencia.unq.edu.ar\/wp-content\/uploads\/2026\/08\/Pedro-Di-Nezio.jpg\" class=\"attachment-medium size-medium\" alt=\"Pedro Di Nezio es especialista en El Ni\u00f1o. Cr\u00e9ditos: Servicio Meteorol\u00f3gico Nacional.\" \/>\t\t\t\t\t<\/a>\n\t\t\t\t\t\t\t\t\t<\/div>\n\t\t\t\t\t\t<h4 class=\"uagb-post__title uagb-post__text\">\n\t\t\t\t<a href=\"https:\/\/agencia.unq.edu.ar\/?p=38325\" target=\"_self\" rel=\"bookmark noopener noreferrer\">Qui\u00e9n es Pedro Di Nezio, el nuevo director del Servicio Meteorol\u00f3gico Nacional<\/a>\n\t\t\t<\/h4>\n\t\t\t\t\t\t<div class='uagb-post__text uagb-post-grid-byline'>\n\t\t\t\t\t\t\t<\/div>\n\t\t\t\n\t\t\t\t\t\t\t\t\t<\/article>\n\t\t\t\t\t\t\t\t\t\t\t<\/div>\n\t\t\t<\/div>\n","protected":false},"excerpt":{"rendered":"<p>En di\u00e1logo con la Agencia, el secretario de Legal y T\u00e9cnica de la UNQ brinda detalles de la causa alrededor de la Ley de Financiamiento Universitario.<\/p>\n","protected":false},"author":6,"featured_media":38923,"comment_status":"closed","ping_status":"closed","sticky":false,"template":"","format":"standard","meta":{"_uag_custom_page_level_css":"","_monsterinsights_skip_tracking":false,"site-sidebar-layout":"default","site-content-layout":"","ast-site-content-layout":"default","site-content-style":"default","site-sidebar-style":"default","ast-global-header-display":"","ast-banner-title-visibility":"","ast-main-header-display":"","ast-hfb-above-header-display":"","ast-hfb-below-header-display":"","ast-hfb-mobile-header-display":"","site-post-title":"","ast-breadcrumbs-content":"","ast-featured-img":"","footer-sml-layout":"","ast-disable-related-posts":"","theme-transparent-header-meta":"","adv-header-id-meta":"","stick-header-meta":"","header-above-stick-meta":"","header-main-stick-meta":"","header-below-stick-meta":"","astra-migrate-meta-layouts":"default","ast-page-background-enabled":"default","ast-page-background-meta":{"desktop":{"background-color":"var(--ast-global-color-4)","background-image":"","background-repeat":"repeat","background-position":"center center","background-size":"auto","background-attachment":"scroll","background-type":"","background-media":"","overlay-type":"","overlay-color":"","overlay-opacity":"","overlay-gradient":""},"tablet":{"background-color":"","background-image":"","background-repeat":"repeat","background-position":"center center","background-size":"auto","background-attachment":"scroll","background-type":"","background-media":"","overlay-type":"","overlay-color":"","overlay-opacity":"","overlay-gradient":""},"mobile":{"background-color":"","background-image":"","background-repeat":"repeat","background-position":"center center","background-size":"auto","background-attachment":"scroll","background-type":"","background-media":"","overlay-type":"","overlay-color":"","overlay-opacity":"","overlay-gradient":""}},"ast-content-background-meta":{"desktop":{"background-color":"var(--ast-global-color-5)","background-image":"","background-repeat":"repeat","background-position":"center center","background-size":"auto","background-attachment":"scroll","background-type":"","background-media":"","overlay-type":"","overlay-color":"","overlay-opacity":"","overlay-gradient":""},"tablet":{"background-color":"var(--ast-global-color-5)","background-image":"","background-repeat":"repeat","background-position":"center center","background-size":"auto","background-attachment":"scroll","background-type":"","background-media":"","overlay-type":"","overlay-color":"","overlay-opacity":"","overlay-gradient":""},"mobile":{"background-color":"var(--ast-global-color-5)","background-image":"","background-repeat":"repeat","background-position":"center center","background-size":"auto","background-attachment":"scroll","background-type":"","background-media":"","overlay-type":"","overlay-color":"","overlay-opacity":"","overlay-gradient":""}},"footnotes":""},"categories":[16,92],"tags":[882],"class_list":["post-38911","post","type-post","status-publish","format-standard","has-post-thumbnail","hentry","category-noticia-destacada","category-politica","tag-conflicto-universitario"],"aioseo_notices":[],"aioseo_head":"\n\t\t<!-- All in One SEO 5.0.0.1 - aioseo.com -->\n\t<meta name=\"description\" content=\"En di\u00e1logo con la Agencia, el secretario de Legal y T\u00e9cnica de la UNQ brinda detalles de la causa alrededor de la Ley de Financiamiento Universitario.\" \/>\n\t<meta name=\"robots\" content=\"max-image-preview:large\" \/>\n\t<meta name=\"author\" content=\"Nicol\u00e1s Retamar\"\/>\n\t<link rel=\"canonical\" href=\"https:\/\/agencia.unq.edu.ar\/?p=38911\" \/>\n\t<meta name=\"generator\" content=\"All in One SEO (AIOSEO) 5.0.0.1\" \/>\n\t\t<meta property=\"og:locale\" content=\"es_ES\" \/>\n\t\t<meta property=\"og:site_name\" content=\"Agencia de Noticias Cient\u00edficas de la UNQ\" \/>\n\t\t<meta property=\"og:type\" content=\"article\" \/>\n\t\t<meta property=\"og:title\" content=\"Federico Werkmann: \u201cEl fallo de la Corte es irreversible, lo \u00fanico que tiene que hacer el gobierno es cumplir la Ley\u201d - Agencia de Noticias Cient\u00edficas de la UNQ\" \/>\n\t\t<meta property=\"og:description\" content=\"En di\u00e1logo con la Agencia, el secretario de Legal y T\u00e9cnica de la UNQ brinda detalles de la causa alrededor de la Ley de Financiamiento Universitario.\" \/>\n\t\t<meta property=\"og:url\" content=\"https:\/\/agencia.unq.edu.ar\/?p=38911\" \/>\n\t\t<meta property=\"og:image\" content=\"https:\/\/agencia.unq.edu.ar\/wp-content\/uploads\/2026\/09\/Federico-Werkmann-2.jpg\" \/>\n\t\t<meta property=\"og:image:secure_url\" content=\"https:\/\/agencia.unq.edu.ar\/wp-content\/uploads\/2026\/09\/Federico-Werkmann-2.jpg\" \/>\n\t\t<meta property=\"og:image:width\" content=\"1040\" \/>\n\t\t<meta property=\"og:image:height\" content=\"420\" \/>\n\t\t<meta property=\"article:published_time\" content=\"2026-09-04T18:41:47+00:00\" \/>\n\t\t<meta property=\"article:modified_time\" content=\"2026-09-04T18:42:29+00:00\" \/>\n\t\t<meta name=\"twitter:card\" content=\"summary_large_image\" \/>\n\t\t<meta name=\"twitter:site\" content=\"@Agencia__UNQ\" \/>\n\t\t<meta name=\"twitter:title\" content=\"Federico Werkmann: \u201cEl fallo de la Corte es irreversible, lo \u00fanico que tiene que hacer el gobierno es cumplir la Ley\u201d - Agencia de Noticias Cient\u00edficas de la UNQ\" \/>\n\t\t<meta name=\"twitter:description\" content=\"En di\u00e1logo con la Agencia, el secretario de Legal y T\u00e9cnica de la UNQ brinda detalles de la causa alrededor de la Ley de Financiamiento Universitario.\" \/>\n\t\t<meta name=\"twitter:image\" content=\"https:\/\/agencia.unq.edu.ar\/wp-content\/uploads\/2026\/09\/Federico-Werkmann-2.jpg\" \/>\n\t\t<script type=\"application\/ld+json\" class=\"aioseo-schema\">\n\t\t\t{\"@context\":\"https:\\\/\\\/schema.org\",\"@graph\":[{\"@type\":\"BlogPosting\",\"@id\":\"https:\\\/\\\/agencia.unq.edu.ar\\\/?p=38911#blogposting\",\"name\":\"Federico Werkmann: \\u201cEl fallo de la Corte es irreversible, lo \\u00fanico que tiene que hacer el gobierno es cumplir la Ley\\u201d - Agencia de Noticias Cient\\u00edficas de la UNQ\",\"headline\":\"Federico Werkmann: \\u201cEl fallo de la Corte es irreversible, lo \\u00fanico que tiene que hacer el gobierno es cumplir la Ley\\u201d\",\"author\":{\"@id\":\"https:\\\/\\\/agencia.unq.edu.ar\\\/?author=6#author\"},\"publisher\":{\"@id\":\"https:\\\/\\\/agencia.unq.edu.ar\\\/#organization\"},\"image\":{\"@type\":\"ImageObject\",\"url\":\"https:\\\/\\\/agencia.unq.edu.ar\\\/wp-content\\\/uploads\\\/2026\\\/09\\\/Federico-Werkmann-2.jpg\",\"width\":1040,\"height\":420,\"caption\":\"Federico Werkmann, secretario de Legal y T\\u00e9cnica de la Universidad Nacional de Quilmes. Cr\\u00e9ditos: Nicol\\u00e1s Retamar \\\/ Agencia de Noticias Cient\\u00edficas UNQ.\"},\"datePublished\":\"2026-09-04T15:41:47-03:00\",\"dateModified\":\"2026-09-04T15:42:29-03:00\",\"inLanguage\":\"es-AR\",\"mainEntityOfPage\":{\"@id\":\"https:\\\/\\\/agencia.unq.edu.ar\\\/?p=38911#webpage\"},\"isPartOf\":{\"@id\":\"https:\\\/\\\/agencia.unq.edu.ar\\\/?p=38911#webpage\"},\"articleSection\":\"Noticia destacada, Pol\\u00edtica, Conflicto Universitario\"},{\"@type\":\"BreadcrumbList\",\"@id\":\"https:\\\/\\\/agencia.unq.edu.ar\\\/?p=38911#breadcrumblist\",\"itemListElement\":[{\"@type\":\"ListItem\",\"@id\":\"https:\\\/\\\/agencia.unq.edu.ar#listItem\",\"position\":1,\"name\":\"Home\",\"item\":\"https:\\\/\\\/agencia.unq.edu.ar\",\"nextItem\":{\"@type\":\"ListItem\",\"@id\":\"https:\\\/\\\/agencia.unq.edu.ar\\\/?cat=16#listItem\",\"name\":\"Noticia destacada\"}},{\"@type\":\"ListItem\",\"@id\":\"https:\\\/\\\/agencia.unq.edu.ar\\\/?cat=16#listItem\",\"position\":2,\"name\":\"Noticia destacada\",\"item\":\"https:\\\/\\\/agencia.unq.edu.ar\\\/?cat=16\",\"nextItem\":{\"@type\":\"ListItem\",\"@id\":\"https:\\\/\\\/agencia.unq.edu.ar\\\/?p=38911#listItem\",\"name\":\"Federico Werkmann: \\u201cEl fallo de la Corte es irreversible, lo \\u00fanico que tiene que hacer el gobierno es cumplir la Ley\\u201d\"},\"previousItem\":{\"@type\":\"ListItem\",\"@id\":\"https:\\\/\\\/agencia.unq.edu.ar#listItem\",\"name\":\"Home\"}},{\"@type\":\"ListItem\",\"@id\":\"https:\\\/\\\/agencia.unq.edu.ar\\\/?p=38911#listItem\",\"position\":3,\"name\":\"Federico Werkmann: \\u201cEl fallo de la Corte es irreversible, lo \\u00fanico que tiene que hacer el gobierno es cumplir la Ley\\u201d\",\"previousItem\":{\"@type\":\"ListItem\",\"@id\":\"https:\\\/\\\/agencia.unq.edu.ar\\\/?cat=16#listItem\",\"name\":\"Noticia destacada\"}}]},{\"@type\":\"Organization\",\"@id\":\"https:\\\/\\\/agencia.unq.edu.ar\\\/#organization\",\"name\":\"Agencia de noticias cient\\u00edficas\",\"description\":\"Contamos la ciencia en tiempo real\",\"url\":\"https:\\\/\\\/agencia.unq.edu.ar\\\/\",\"logo\":{\"@type\":\"ImageObject\",\"url\":\"https:\\\/\\\/agencia.unq.edu.ar\\\/wp-content\\\/uploads\\\/2025\\\/01\\\/logo-agencia-bn-sin-fondo.png\",\"@id\":\"https:\\\/\\\/agencia.unq.edu.ar\\\/?p=38911\\\/#organizationLogo\",\"width\":904,\"height\":222,\"caption\":\"Logo Agencia de Noticias Cient\\u00edficas de la UNQ\"},\"image\":{\"@id\":\"https:\\\/\\\/agencia.unq.edu.ar\\\/?p=38911\\\/#organizationLogo\"},\"sameAs\":[\"https:\\\/\\\/www.instagram.com\\\/agencia_noticias_unq\\\/\"]},{\"@type\":\"Person\",\"@id\":\"https:\\\/\\\/agencia.unq.edu.ar\\\/?author=6#author\",\"url\":\"https:\\\/\\\/agencia.unq.edu.ar\\\/?author=6\",\"name\":\"Nicol\\u00e1s Retamar\",\"image\":{\"@type\":\"ImageObject\",\"@id\":\"https:\\\/\\\/agencia.unq.edu.ar\\\/?p=38911#authorImage\",\"url\":\"https:\\\/\\\/secure.gravatar.com\\\/avatar\\\/d1693ba7f948f344b130f0ba3fb61a100609f44e1fd0dc6abd3869a90bcc3ad4?s=96&d=mm&r=g\",\"width\":96,\"height\":96,\"caption\":\"Nicol\\u00e1s Retamar\"}},{\"@type\":\"WebPage\",\"@id\":\"https:\\\/\\\/agencia.unq.edu.ar\\\/?p=38911#webpage\",\"url\":\"https:\\\/\\\/agencia.unq.edu.ar\\\/?p=38911\",\"name\":\"Federico Werkmann: \\u201cEl fallo de la Corte es irreversible, lo \\u00fanico que tiene que hacer el gobierno es cumplir la Ley\\u201d - Agencia de Noticias Cient\\u00edficas de la UNQ\",\"description\":\"En di\\u00e1logo con la Agencia, el secretario de Legal y T\\u00e9cnica de la UNQ brinda detalles de la causa alrededor de la Ley de Financiamiento Universitario.\",\"inLanguage\":\"es-AR\",\"isPartOf\":{\"@id\":\"https:\\\/\\\/agencia.unq.edu.ar\\\/#website\"},\"breadcrumb\":{\"@id\":\"https:\\\/\\\/agencia.unq.edu.ar\\\/?p=38911#breadcrumblist\"},\"author\":{\"@id\":\"https:\\\/\\\/agencia.unq.edu.ar\\\/?author=6#author\"},\"creator\":{\"@id\":\"https:\\\/\\\/agencia.unq.edu.ar\\\/?author=6#author\"},\"image\":{\"@type\":\"ImageObject\",\"url\":\"https:\\\/\\\/agencia.unq.edu.ar\\\/wp-content\\\/uploads\\\/2026\\\/09\\\/Federico-Werkmann-2.jpg\",\"@id\":\"https:\\\/\\\/agencia.unq.edu.ar\\\/?p=38911\\\/#mainImage\",\"width\":1040,\"height\":420,\"caption\":\"Federico Werkmann, secretario de Legal y T\\u00e9cnica de la Universidad Nacional de Quilmes. Cr\\u00e9ditos: Nicol\\u00e1s Retamar \\\/ Agencia de Noticias Cient\\u00edficas UNQ.\"},\"primaryImageOfPage\":{\"@id\":\"https:\\\/\\\/agencia.unq.edu.ar\\\/?p=38911#mainImage\"},\"datePublished\":\"2026-09-04T15:41:47-03:00\",\"dateModified\":\"2026-09-04T15:42:29-03:00\"},{\"@type\":\"WebSite\",\"@id\":\"https:\\\/\\\/agencia.unq.edu.ar\\\/#website\",\"url\":\"https:\\\/\\\/agencia.unq.edu.ar\\\/\",\"name\":\"Agencia de noticias cient\\u00edficas\",\"description\":\"Contamos la ciencia en tiempo real\",\"inLanguage\":\"es-AR\",\"publisher\":{\"@id\":\"https:\\\/\\\/agencia.unq.edu.ar\\\/#organization\"}}]}\n\t\t<\/script>\n\t\t<!-- All in One SEO -->\n\n","aioseo_head_json":{"title":"Federico Werkmann: \u201cEl fallo de la Corte es irreversible, lo \u00fanico que tiene que hacer el gobierno es cumplir la Ley\u201d - Agencia de Noticias Cient\u00edficas de la UNQ","description":"En di\u00e1logo con la Agencia, el secretario de Legal y T\u00e9cnica de la UNQ brinda detalles de la causa alrededor de la Ley de Financiamiento Universitario.","canonical_url":"https:\/\/agencia.unq.edu.ar\/?p=38911","robots":"max-image-preview:large","keywords":"","webmasterTools":{"miscellaneous":""},"schema":{"@context":"https:\/\/schema.org","@graph":[{"@type":"BlogPosting","@id":"https:\/\/agencia.unq.edu.ar\/?p=38911#blogposting","name":"Federico Werkmann: \u201cEl fallo de la Corte es irreversible, lo \u00fanico que tiene que hacer el gobierno es cumplir la Ley\u201d - Agencia de Noticias Cient\u00edficas de la UNQ","headline":"Federico Werkmann: \u201cEl fallo de la Corte es irreversible, lo \u00fanico que tiene que hacer el gobierno es cumplir la Ley\u201d","author":{"@id":"https:\/\/agencia.unq.edu.ar\/?author=6#author"},"publisher":{"@id":"https:\/\/agencia.unq.edu.ar\/#organization"},"image":{"@type":"ImageObject","url":"https:\/\/agencia.unq.edu.ar\/wp-content\/uploads\/2026\/09\/Federico-Werkmann-2.jpg","width":1040,"height":420,"caption":"Federico Werkmann, secretario de Legal y T\u00e9cnica de la Universidad Nacional de Quilmes. Cr\u00e9ditos: Nicol\u00e1s Retamar \/ Agencia de Noticias Cient\u00edficas UNQ."},"datePublished":"2026-09-04T15:41:47-03:00","dateModified":"2026-09-04T15:42:29-03:00","inLanguage":"es-AR","mainEntityOfPage":{"@id":"https:\/\/agencia.unq.edu.ar\/?p=38911#webpage"},"isPartOf":{"@id":"https:\/\/agencia.unq.edu.ar\/?p=38911#webpage"},"articleSection":"Noticia destacada, Pol\u00edtica, Conflicto Universitario"},{"@type":"BreadcrumbList","@id":"https:\/\/agencia.unq.edu.ar\/?p=38911#breadcrumblist","itemListElement":[{"@type":"ListItem","@id":"https:\/\/agencia.unq.edu.ar#listItem","position":1,"name":"Home","item":"https:\/\/agencia.unq.edu.ar","nextItem":{"@type":"ListItem","@id":"https:\/\/agencia.unq.edu.ar\/?cat=16#listItem","name":"Noticia destacada"}},{"@type":"ListItem","@id":"https:\/\/agencia.unq.edu.ar\/?cat=16#listItem","position":2,"name":"Noticia destacada","item":"https:\/\/agencia.unq.edu.ar\/?cat=16","nextItem":{"@type":"ListItem","@id":"https:\/\/agencia.unq.edu.ar\/?p=38911#listItem","name":"Federico Werkmann: \u201cEl fallo de la Corte es irreversible, lo \u00fanico que tiene que hacer el gobierno es cumplir la Ley\u201d"},"previousItem":{"@type":"ListItem","@id":"https:\/\/agencia.unq.edu.ar#listItem","name":"Home"}},{"@type":"ListItem","@id":"https:\/\/agencia.unq.edu.ar\/?p=38911#listItem","position":3,"name":"Federico Werkmann: \u201cEl fallo de la Corte es irreversible, lo \u00fanico que tiene que hacer el gobierno es cumplir la Ley\u201d","previousItem":{"@type":"ListItem","@id":"https:\/\/agencia.unq.edu.ar\/?cat=16#listItem","name":"Noticia destacada"}}]},{"@type":"Organization","@id":"https:\/\/agencia.unq.edu.ar\/#organization","name":"Agencia de noticias cient\u00edficas","description":"Contamos la ciencia en tiempo real","url":"https:\/\/agencia.unq.edu.ar\/","logo":{"@type":"ImageObject","url":"https:\/\/agencia.unq.edu.ar\/wp-content\/uploads\/2025\/01\/logo-agencia-bn-sin-fondo.png","@id":"https:\/\/agencia.unq.edu.ar\/?p=38911\/#organizationLogo","width":904,"height":222,"caption":"Logo Agencia de Noticias Cient\u00edficas de la UNQ"},"image":{"@id":"https:\/\/agencia.unq.edu.ar\/?p=38911\/#organizationLogo"},"sameAs":["https:\/\/www.instagram.com\/agencia_noticias_unq\/"]},{"@type":"Person","@id":"https:\/\/agencia.unq.edu.ar\/?author=6#author","url":"https:\/\/agencia.unq.edu.ar\/?author=6","name":"Nicol\u00e1s Retamar","image":{"@type":"ImageObject","@id":"https:\/\/agencia.unq.edu.ar\/?p=38911#authorImage","url":"https:\/\/secure.gravatar.com\/avatar\/d1693ba7f948f344b130f0ba3fb61a100609f44e1fd0dc6abd3869a90bcc3ad4?s=96&d=mm&r=g","width":96,"height":96,"caption":"Nicol\u00e1s Retamar"}},{"@type":"WebPage","@id":"https:\/\/agencia.unq.edu.ar\/?p=38911#webpage","url":"https:\/\/agencia.unq.edu.ar\/?p=38911","name":"Federico Werkmann: \u201cEl fallo de la Corte es irreversible, lo \u00fanico que tiene que hacer el gobierno es cumplir la Ley\u201d - Agencia de Noticias Cient\u00edficas de la UNQ","description":"En di\u00e1logo con la Agencia, el secretario de Legal y T\u00e9cnica de la UNQ brinda detalles de la causa alrededor de la Ley de Financiamiento Universitario.","inLanguage":"es-AR","isPartOf":{"@id":"https:\/\/agencia.unq.edu.ar\/#website"},"breadcrumb":{"@id":"https:\/\/agencia.unq.edu.ar\/?p=38911#breadcrumblist"},"author":{"@id":"https:\/\/agencia.unq.edu.ar\/?author=6#author"},"creator":{"@id":"https:\/\/agencia.unq.edu.ar\/?author=6#author"},"image":{"@type":"ImageObject","url":"https:\/\/agencia.unq.edu.ar\/wp-content\/uploads\/2026\/09\/Federico-Werkmann-2.jpg","@id":"https:\/\/agencia.unq.edu.ar\/?p=38911\/#mainImage","width":1040,"height":420,"caption":"Federico Werkmann, secretario de Legal y T\u00e9cnica de la Universidad Nacional de Quilmes. Cr\u00e9ditos: Nicol\u00e1s Retamar \/ Agencia de Noticias Cient\u00edficas UNQ."},"primaryImageOfPage":{"@id":"https:\/\/agencia.unq.edu.ar\/?p=38911#mainImage"},"datePublished":"2026-09-04T15:41:47-03:00","dateModified":"2026-09-04T15:42:29-03:00"},{"@type":"WebSite","@id":"https:\/\/agencia.unq.edu.ar\/#website","url":"https:\/\/agencia.unq.edu.ar\/","name":"Agencia de noticias cient\u00edficas","description":"Contamos la ciencia en tiempo real","inLanguage":"es-AR","publisher":{"@id":"https:\/\/agencia.unq.edu.ar\/#organization"}}]},"og:locale":"es_ES","og:site_name":"Agencia de Noticias Cient\u00edficas de la UNQ","og:type":"article","og:title":"Federico Werkmann: \u201cEl fallo de la Corte es irreversible, lo \u00fanico que tiene que hacer el gobierno es cumplir la Ley\u201d - Agencia de Noticias Cient\u00edficas de la UNQ","og:description":"En di\u00e1logo con la Agencia, el secretario de Legal y T\u00e9cnica de la UNQ brinda detalles de la causa alrededor de la Ley de Financiamiento Universitario.","og:url":"https:\/\/agencia.unq.edu.ar\/?p=38911","og:image":"https:\/\/agencia.unq.edu.ar\/wp-content\/uploads\/2026\/09\/Federico-Werkmann-2.jpg","og:image:secure_url":"https:\/\/agencia.unq.edu.ar\/wp-content\/uploads\/2026\/09\/Federico-Werkmann-2.jpg","og:image:width":1040,"og:image:height":420,"article:published_time":"2026-09-04T18:41:47+00:00","article:modified_time":"2026-09-04T18:42:29+00:00","twitter:card":"summary_large_image","twitter:site":"@Agencia__UNQ","twitter:title":"Federico Werkmann: \u201cEl fallo de la Corte es irreversible, lo \u00fanico que tiene que hacer el gobierno es cumplir la Ley\u201d - Agencia de Noticias Cient\u00edficas de la UNQ","twitter:description":"En di\u00e1logo con la Agencia, el secretario de Legal y T\u00e9cnica de la UNQ brinda detalles de la causa alrededor de la Ley de Financiamiento Universitario.","twitter:image":"https:\/\/agencia.unq.edu.ar\/wp-content\/uploads\/2026\/09\/Federico-Werkmann-2.jpg"},"aioseo_meta_data":{"post_id":"38911","title":null,"description":null,"keywords":null,"keyphrases":{"focus":{"keyphrase":"","score":0,"analysis":{"keyphraseInTitle":{"score":0,"maxScore":9,"error":1}}},"additional":[]},"primary_term":null,"canonical_url":null,"og_title":null,"og_description":null,"og_object_type":"default","og_image_type":"default","og_image_url":null,"og_image_width":null,"og_image_height":null,"og_image_custom_url":null,"og_image_custom_fields":null,"og_video":"","og_custom_url":null,"og_article_section":null,"og_article_tags":null,"twitter_use_og":true,"twitter_card":"default","twitter_image_type":"default","twitter_image_url":null,"twitter_image_custom_url":null,"twitter_image_custom_fields":null,"twitter_title":null,"twitter_description":null,"schema":{"blockGraphs":[],"customGraphs":[],"default":{"data":{"Article":[],"Course":[],"Dataset":[],"FAQPage":[],"Movie":[],"Person":[],"Product":[],"ProductReview":[],"Car":[],"Recipe":[],"Service":[],"SoftwareApplication":[],"WebPage":[]},"graphName":"BlogPosting","isEnabled":true},"graphs":[]},"schema_type":"default","schema_type_options":null,"pillar_content":false,"robots_default":true,"robots_noindex":false,"robots_noarchive":false,"robots_nosnippet":false,"robots_nofollow":false,"robots_noimageindex":false,"robots_noodp":false,"robots_notranslate":false,"robots_max_snippet":"-1","robots_max_videopreview":"-1","robots_max_imagepreview":"large","priority":null,"frequency":"default","local_seo":null,"breadcrumb_settings":null,"limit_modified_date":false,"ai":{"faqs":[],"keyPoints":[],"schemas":[],"titles":[],"descriptions":[],"socialPosts":{"email":{"subject":"","preview":"","content":""},"linkedin":[],"twitter":[],"facebook":[],"instagram":[]}},"created":"2026-09-04 18:04:05","updated":"2026-09-04 19:20:40","seo_analyzer_scan_date":null,"focus_keyword":null,"additional_keywords":null,"truseo_locale":null},"aioseo_breadcrumb":"<div class=\"aioseo-breadcrumbs\"><span class=\"aioseo-breadcrumb\">\n\t\t\t<a href=\"https:\/\/agencia.unq.edu.ar\" title=\"Home\">Home<\/a>\n\t\t<\/span><span class=\"aioseo-breadcrumb-separator\">&raquo;<\/span><span class=\"aioseo-breadcrumb\">\n\t\t\t<a href=\"https:\/\/agencia.unq.edu.ar\/?cat=16\" title=\"Noticia destacada\">Noticia destacada<\/a>\n\t\t<\/span><span class=\"aioseo-breadcrumb-separator\">&raquo;<\/span><span class=\"aioseo-breadcrumb\">\n\t\t\tFederico Werkmann: \u201cEl fallo de la Corte es irreversible, lo \u00fanico que tiene que hacer el gobierno es cumplir la Ley\u201d\n\t\t<\/span><\/div>","aioseo_breadcrumb_json":[{"label":"Home","link":"https:\/\/agencia.unq.edu.ar"},{"label":"Noticia destacada","link":"https:\/\/agencia.unq.edu.ar\/?cat=16"},{"label":"Federico Werkmann: \u201cEl fallo de la Corte es irreversible, lo \u00fanico que tiene que hacer el gobierno es cumplir la Ley\u201d","link":"https:\/\/agencia.unq.edu.ar\/?p=38911"}],"uagb_featured_image_src":{"full":["https:\/\/agencia.unq.edu.ar\/wp-content\/uploads\/2026\/09\/Federico-Werkmann-2.jpg",1040,420,false],"thumbnail":["https:\/\/agencia.unq.edu.ar\/wp-content\/uploads\/2026\/09\/Federico-Werkmann-2.jpg",150,61,false],"medium":["https:\/\/agencia.unq.edu.ar\/wp-content\/uploads\/2026\/09\/Federico-Werkmann-2.jpg",960,388,false],"medium_large":["https:\/\/agencia.unq.edu.ar\/wp-content\/uploads\/2026\/09\/Federico-Werkmann-2.jpg",768,310,false],"large":["https:\/\/agencia.unq.edu.ar\/wp-content\/uploads\/2026\/09\/Federico-Werkmann-2.jpg",1040,420,false],"1536x1536":["https:\/\/agencia.unq.edu.ar\/wp-content\/uploads\/2026\/09\/Federico-Werkmann-2.jpg",1040,420,false],"2048x2048":["https:\/\/agencia.unq.edu.ar\/wp-content\/uploads\/2026\/09\/Federico-Werkmann-2.jpg",1040,420,false],"smart-post-landscape":["https:\/\/agencia.unq.edu.ar\/wp-content\/uploads\/2026\/09\/Federico-Werkmann-2.jpg",870,351,false],"smart-post-portrait":["https:\/\/agencia.unq.edu.ar\/wp-content\/uploads\/2026\/09\/Federico-Werkmann-2.jpg",600,242,false]},"uagb_author_info":{"display_name":"Nicol\u00e1s Retamar","author_link":"https:\/\/agencia.unq.edu.ar\/?author=6"},"uagb_comment_info":0,"uagb_excerpt":"En di\u00e1logo con la Agencia, el secretario de Legal y T\u00e9cnica de la UNQ brinda detalles de la causa alrededor de la Ley de Financiamiento Universitario.","blog_post_layout_featured_media_urls":{"thumbnail":["https:\/\/agencia.unq.edu.ar\/wp-content\/uploads\/2026\/09\/Federico-Werkmann-2.jpg",150,61,false],"full":["https:\/\/agencia.unq.edu.ar\/wp-content\/uploads\/2026\/09\/Federico-Werkmann-2.jpg",1040,420,false]},"categories_names":{"16":{"name":"Noticia destacada","link":"https:\/\/agencia.unq.edu.ar\/?cat=16"},"92":{"name":"Pol\u00edtica","link":"https:\/\/agencia.unq.edu.ar\/?cat=92"}},"tags_names":{"882":{"name":"Conflicto Universitario","link":"https:\/\/agencia.unq.edu.ar\/?tag=conflicto-universitario"}},"comments_number":"0","_links":{"self":[{"href":"https:\/\/agencia.unq.edu.ar\/index.php?rest_route=\/wp\/v2\/posts\/38911","targetHints":{"allow":["GET"]}}],"collection":[{"href":"https:\/\/agencia.unq.edu.ar\/index.php?rest_route=\/wp\/v2\/posts"}],"about":[{"href":"https:\/\/agencia.unq.edu.ar\/index.php?rest_route=\/wp\/v2\/types\/post"}],"author":[{"embeddable":true,"href":"https:\/\/agencia.unq.edu.ar\/index.php?rest_route=\/wp\/v2\/users\/6"}],"replies":[{"embeddable":true,"href":"https:\/\/agencia.unq.edu.ar\/index.php?rest_route=%2Fwp%2Fv2%2Fcomments&post=38911"}],"version-history":[{"count":4,"href":"https:\/\/agencia.unq.edu.ar\/index.php?rest_route=\/wp\/v2\/posts\/38911\/revisions"}],"predecessor-version":[{"id":38924,"href":"https:\/\/agencia.unq.edu.ar\/index.php?rest_route=\/wp\/v2\/posts\/38911\/revisions\/38924"}],"wp:featuredmedia":[{"embeddable":true,"href":"https:\/\/agencia.unq.edu.ar\/index.php?rest_route=\/wp\/v2\/media\/38923"}],"wp:attachment":[{"href":"https:\/\/agencia.unq.edu.ar\/index.php?rest_route=%2Fwp%2Fv2%2Fmedia&parent=38911"}],"wp:term":[{"taxonomy":"category","embeddable":true,"href":"https:\/\/agencia.unq.edu.ar\/index.php?rest_route=%2Fwp%2Fv2%2Fcategories&post=38911"},{"taxonomy":"post_tag","embeddable":true,"href":"https:\/\/agencia.unq.edu.ar\/index.php?rest_route=%2Fwp%2Fv2%2Ftags&post=38911"}],"curies":[{"name":"wp","href":"https:\/\/api.w.org\/{rel}","templated":true}]}}