{"id":4211,"date":"2022-05-05T11:52:55","date_gmt":"2022-05-05T14:52:55","guid":{"rendered":"https:\/\/agencia.unq.edu.ar\/?p=4211"},"modified":"2022-05-05T11:52:56","modified_gmt":"2022-05-05T14:52:56","slug":"disenar-el-derecho-a-la-ciencia-sale-a-recorrer-las-universidades-conurbanas","status":"publish","type":"post","link":"https:\/\/agencia.unq.edu.ar\/?p=4211","title":{"rendered":"\u201cDise\u00f1ar el Derecho a la Ciencia\u201d sale a recorrer las universidades conurbanas"},"content":{"rendered":"\n<p class=\"has-medium-font-size\" id=\"block-e7a9ff36-ee0c-4796-9d2e-1fd69773da3a\">Se trata de una exhibici\u00f3n itinerante de piezas gr\u00e1ficas, que incluye temas como la equidad de g\u00e9nero, y la educaci\u00f3n y la comunicaci\u00f3n cient\u00edficas.<\/p>\n\n\n\n<div id=\"block-c3ee2a7f-4bf9-43dd-a0f6-8acc1087bdbe\" class=\"wp-block-image\"><figure class=\"aligncenter size-full\"><img loading=\"lazy\" decoding=\"async\" width=\"1040\" height=\"420\" src=\"https:\/\/agencia.unq.edu.ar\/wp-content\/uploads\/2022\/05\/derecho-a-la-ciencia.png\" alt=\"Banner de difusi\u00f3n de la exposici\u00f3n \u201cDise\u00f1ar el Derecho a la Ciencia\u201d.\" class=\"wp-image-4218\"\/><figcaption>Banner de difusi\u00f3n de la exposici\u00f3n \u201cDise\u00f1ar el Derecho a la Ciencia\u201d. Cr\u00e9ditos: <strong><a href=\"https:\/\/saberesenterritorio.conusur.org.ar\/\" target=\"_blank\" rel=\"noreferrer noopener\">Saberes en Territorio<\/a><\/strong><\/figcaption><\/figure><\/div>\n\n\n\n<p class=\"has-medium-font-size\"><em>Por Mar\u00eda Eugenia Fazio<\/em><\/p>\n\n\n\n<p>Una imagen puede valer m\u00e1s que mil palabras y tambi\u00e9n representar y difundir un derecho humano. Este es el caso de la veintena de afiches e ilustraciones seleccionados para conformar la muestra <strong>\u201cDise\u00f1ar el Derecho a la Ciencia\u201d <\/strong>que, <strong>a partir del pr\u00f3ximo junio, comenzar\u00e1 a recorrer las universidades del conurbano bonaerense.<\/strong> Al llamado para esta exposici\u00f3n se presentaron, entre noviembre de 2021 y febrero de 2022, m\u00e1s de ochenta piezas gr\u00e1ficas elaboradas por estudiantes y profesionales de diversos pa\u00edses de Latinoam\u00e9rica y el Caribe. La consigna de la convocatoria fue crear un afiche sobre el \u201cDerecho a la Ciencia\u201d contemplado en el Art\u00edculo 27 de la Declaraci\u00f3n Universal de los Derechos Humanos (1948).<\/p>\n\n\n\n<p>Entre todos los trabajos postulados fue seleccionado un conjunto de obras para la muestra que se inaugur\u00f3 el 15 de abril en el Observatorio de la UNESCO en Villa Ocampo, y que en junio comenzar\u00e1 a itinerar por las universidades nacionales que integran \u201c<strong><a href=\"https:\/\/saberesenterritorio.conusur.org.ar\/\" target=\"_blank\" rel=\"noreferrer noopener\">Saberes en Territorio<\/a><\/strong>\u201d, as\u00ed como por otras instituciones que quieran y puedan recibirla. El primer destino en el viaje de la exhibici\u00f3n es la Universidad Nacional de Arturo Jauretche (Florencio Varela).<\/p>\n\n\n\n<figure class=\"wp-block-embed is-type-video is-provider-youtube wp-block-embed-youtube wp-embed-aspect-16-9 wp-has-aspect-ratio\"><div class=\"wp-block-embed__wrapper\">\n<iframe loading=\"lazy\" title=\"Dise\u00f1adores\" width=\"500\" height=\"281\" src=\"https:\/\/www.youtube.com\/embed\/prZ4qKH_mvc?feature=oembed\" frameborder=\"0\" allow=\"accelerometer; autoplay; clipboard-write; encrypted-media; gyroscope; picture-in-picture; web-share\" referrerpolicy=\"strict-origin-when-cross-origin\" allowfullscreen><\/iframe>\n<\/div><figcaption>&#8220;Dise\u00f1adores&#8221;. Cr\u00e9ditos: <strong><a href=\"https:\/\/saberesenterritorio.conusur.org.ar\/\" target=\"_blank\" rel=\"noreferrer noopener\">Saberes en Territorio<\/a><\/strong><\/figcaption><\/figure>\n\n\n\n<h2 class=\"wp-block-heading\"><strong>Temas y razones<\/strong><\/h2>\n\n\n\n<p>A trav\u00e9s del dise\u00f1o gr\u00e1fico y la ilustraci\u00f3n las piezas evocan los temas que integran el \u201cDerecho a la Ciencia\u201d. Algunas destacan la necesidad de avanzar en la <strong>equidad de g\u00e9neros<\/strong> en la producci\u00f3n de conocimiento cient\u00edfico y el desarrollo de tecnolog\u00edas; otras se\u00f1alan la importancia de la <strong>ciencia abierta<\/strong> para terminar con las barreras econ\u00f3micas, pol\u00edticas y comerciales que impiden la difusi\u00f3n y el acceso&nbsp; conocimiento basado en evidencias; y otras se\u00f1alan la relevancia de mejorar la <strong>comunicaci\u00f3n y la educaci\u00f3n en ciencias<\/strong>, junto con la posibilidad de recurrir a la <strong>diplomacia cient\u00edfica<\/strong> para equilibrar el desarrollo y acceso a las ciencias y las tecnolog\u00edas entre pa\u00edses.<\/p>\n\n\n\n<p>Las razones de los participantes para sumarse al llamado fueron tan variadas como sus estilos de dise\u00f1o, formaciones y nacionalidades. Byron, por ejemplo, envi\u00f3 su afiche desde Costa Rica porque \u201cel dise\u00f1o gr\u00e1fico es una herramienta poderosa para transmitir mensajes y una parte fundamental en la educaci\u00f3n de la sociedad\u201d. Gisela y Nicol, de Argentina, contaron que les \u201cinteres\u00f3 la convocatoria porque destaca la importancia de la comunicaci\u00f3n visual en el mundo\u201d. Para Leticia, de Uruguay, fue \u201cmaravilloso poder cooperar desde mi visi\u00f3n art\u00edstica con una misi\u00f3n cient\u00edfica. Creo que arte y ciencia est\u00e1n conectados, as\u00ed como todos y todas en este mundo. Para dise\u00f1ar el afiche me inspir\u00e9 en las mujeres astr\u00f3nomas (&#8230;). El mensaje es: ciencia al alcance de todos, sin barreras econ\u00f3micas, ni de g\u00e9nero, ni pol\u00edticas, la ciencia es un derecho\u201d.<\/p>\n\n\n\n<figure class=\"wp-block-embed is-type-video is-provider-youtube wp-block-embed-youtube wp-embed-aspect-16-9 wp-has-aspect-ratio\"><div class=\"wp-block-embed__wrapper\">\n<iframe loading=\"lazy\" title=\"Mar\u00cda Eugenia\" width=\"500\" height=\"281\" src=\"https:\/\/www.youtube.com\/embed\/FW94RBG4trA?feature=oembed\" frameborder=\"0\" allow=\"accelerometer; autoplay; clipboard-write; encrypted-media; gyroscope; picture-in-picture; web-share\" referrerpolicy=\"strict-origin-when-cross-origin\" allowfullscreen><\/iframe>\n<\/div><figcaption>Presentaci\u00f3n de &#8220;Dise\u00f1ar el Derecho a la Ciencia&#8221; por Mar\u00eda Eugenia Fazio. Cr\u00e9ditos: <strong><a href=\"https:\/\/saberesenterritorio.conusur.org.ar\/\" target=\"_blank\" rel=\"noreferrer noopener\">Saberes en Territorio<\/a><\/strong><\/figcaption><\/figure>\n\n\n\n<p>La exposici\u00f3n es el resultado de la convocatoria regional organizada por la <a href=\"https:\/\/es.unesco.org\/fieldoffice\/montevideo\" target=\"_blank\" rel=\"noreferrer noopener\">Oficina Regional para Am\u00e9rica Latina y el Caribe de la UNESCO<\/a>, con la participaci\u00f3n de la <a href=\"https:\/\/saberesenterritorio.conusur.org.ar\/\" target=\"_blank\" rel=\"noreferrer noopener\">Agencia Interuniversitaria de Cultura Cient\u00edfica \u201cSaberes en Territorio\u201d<\/a> (que cuenta con el apoyo del MINCyT &#8211; DAyCA &#8211; Proyectos de Cultura Cient\u00edfica), la <a href=\"https:\/\/www.cic.gba.gob.ar\/\" target=\"_blank\" rel=\"noreferrer noopener\">Comisi\u00f3n de Investigaciones Cient\u00edficas<\/a> (CIC) de la Provincia de Buenos Aires, el medio de periodismo cient\u00edfico <a href=\"https:\/\/entretantaciencia.com.ar\/\" target=\"_blank\" rel=\"noreferrer noopener\">Entre Tanta Ciencia<\/a> (Etc), el blog de dise\u00f1o uruguayo <a href=\"http:\/\/miramama.com.uy\/\" target=\"_blank\" rel=\"noreferrer noopener\">Mir\u00e1 Mam\u00e1<\/a> y el colectivo Uruguay Cartel.<\/p>\n\n\n\n<p><\/p>\n\n\n\n<hr class=\"wp-block-separator has-text-color has-background is-style-wide\" style=\"background-color:#fea50e;color:#fea50e\"\/>\n\n\n\n<p>* Docente e investigadora de la UNQ, coordinadora de Saberes en Territorio.<\/p>\n\n\n\n<div style=\"height:40px\" aria-hidden=\"true\" class=\"wp-block-spacer\"><\/div>\n\n\n\n<h4 class=\"wp-block-heading\" id=\"publicaciones-relacionadas\">M\u00e1s noticias de la secci\u00f3n Territorio:<\/h4>\n\n\n<style id=\"sp_pcp_dynamic_style3320\">#pcp_wrapper-3320:not(.sps-glossary-layout) .sp-pcp-row,#pcp_wrapper-3320 .sps-glossary-items-group .sps-glossary-items-content {margin-right: -10px;margin-left: -10px;}#pcp_wrapper-3320 .sp-pcp-row [class*='sp-pcp-col-']{padding-right: 10px;padding-left: 10px; padding-bottom:20px;}.pcp-wrapper-3320 .sp-pcp-title a {color: #ac162c;display: inherit;} .pcp-wrapper-3320 .sp-pcp-title a:hover {color: #fea50e;}#pcp_wrapper-3320 .dots .swiper-pagination-bullet{ background: #ac162c; } #pcp_wrapper-3320 .dots .swiper-pagination-bullet-active { background: #fea50e; }#pcp_wrapper-3320 .pcp-button-prev,#pcp_wrapper-3320 .pcp-button-next{ background-image: none; background-size: auto; background-color: #fff; height: 33px; width: 33px; margin-top: 8px; border: 1px solid #aaa; text-align: center; line-height: 30px; -webkit-transition: 0.3s; border-radius: 3px; }#pcp_wrapper-3320 .pcp-button-prev:hover, #pcp_wrapper-3320 .pcp-button-next:hover{ background-color: #fea50e; border-color: #ac162c; } #pcp_wrapper-3320 .pcp-button-prev .fa, #pcp_wrapper-3320 .pcp-button-next .fa { color: #000000; } #pcp_wrapper-3320 .pcp-button-prev:hover .fa, #pcp_wrapper-3320 .pcp-button-next:hover .fa { color: #fff; } #pcp_wrapper-3320.pcp-carousel-wrapper .sp-pcp-post{ margin-top: 0; }#pcp_wrapper-3320 .sp-pcp-post {padding: 0 0 0 0;}#pcp_wrapper-3320.sp-slider_layout .sp-pcp-post .sp-pcp-post-details {top: 0; right:0; bottom:0; left:0;}#pcp_wrapper-3320 .sp-pcp-post {border: 0px solid #e2e2e2; border-radius: 0px }#pcp_wrapper-3320 .sp-pcp-post{background-color: transparent;}#pcp_wrapper-3320 .pcp-post-thumb-wrapper{border: 0px solid #dddddd;border-radius:0px;}.pcp-wrapper-3320 .sp-pcp-post-meta li,.pcp-wrapper-3320 .sp-pcp-post-meta ul,.pcp-wrapper-3320 .sp-pcp-post-meta li a{color: #888;}.pcp-wrapper-3320 .sp-pcp-post-meta li a:hover{color: #e1624b;}#pcp_wrapper-3320 .pcp-post-pagination .page-numbers.current, #pcp_wrapper-3320 .pcp-post-pagination a.active , #pcp_wrapper-3320 .pcp-post-pagination a:hover{ color: #ffffff; background: #e1624b; border-color: #e1624b; }#pcp_wrapper-3320 .pcp-post-pagination .page-numbers, .pcp-post-pagination a{ background: #ffffff; color:#5e5e5e; border: 2px solid #bbbbbb;border-radius: 2px; }#pcp_wrapper-3320 .pcp-post-pagination{text-align: left;}@media (min-width: 1200px) {.sp-pcp-row .sp-pcp-col-xl-1 {flex: 0 0 100%;}.sp-pcp-row .sp-pcp-col-xl-2 {flex: 1 1 calc( 50% - 20px);}.sp-pcp-row .sp-pcp-col-xl-3 {flex: 1 1 calc( 33.333% - 20px);}.sp-pcp-row .sp-pcp-col-xl-4 {flex: 1 1 calc( 25% - 20px);}.sp-pcp-row .sp-pcp-col-xl-5 { flex: 1 1 calc( 20% - 20px);}.sp-pcp-row .sp-pcp-col-xl-6 {flex: 1 1 calc( 16.66666666666667% - 20px);}.sp-pcp-row .sp-pcp-col-xl-7 {flex: 1 1 calc( 14.28571428% - 20px);}.sp-pcp-row .sp-pcp-col-xl-8 {flex: 1 1 calc( 12.5% - 20px);}}@media (max-width: 1200px) {.sp-pcp-row .sp-pcp-col-lg-1 {flex: 0 0 100%;}.sp-pcp-row .sp-pcp-col-lg-2 {flex: 1 1 calc( 50% - 20px);}.sp-pcp-row .sp-pcp-col-lg-3 {flex: 1 1 calc( 33.333% - 20px);}.sp-pcp-row .sp-pcp-col-lg-4 {flex: 1 1 calc( 25% - 20px);}.sp-pcp-row .sp-pcp-col-lg-5 { flex: 1 1 calc( 20% - 20px);}.sp-pcp-row .sp-pcp-col-lg-6 {flex: 1 1 calc( 16.66666666666667% - 20px);}.sp-pcp-row .sp-pcp-col-lg-7 {flex: 1 1 calc( 14.28571428% - 20px);}.sp-pcp-row .sp-pcp-col-lg-8 {flex: 1 1 calc( 12.5% - 20px);}}@media (max-width: 992px) {.sp-pcp-row .sp-pcp-col-md-1 {flex: 0 0 100%;}.sp-pcp-row .sp-pcp-col-md-2 {flex: 1 1 calc( 50% - 20px);}.sp-pcp-row .sp-pcp-col-md-2-5 {flex: 0 0 75%;}.sp-pcp-row .sp-pcp-col-md-3 {flex: 1 1 calc( 33.333% - 20px);}.sp-pcp-row .sp-pcp-col-md-4 {flex: 1 1 calc( 25% - 20px);}.sp-pcp-row .sp-pcp-col-md-5 { flex: 1 1 calc( 20% - 20px);}.sp-pcp-row .sp-pcp-col-md-6 {flex: 1 1 calc( 16.66666666666667% - 20px);}.sp-pcp-row .sp-pcp-col-md-7 {flex: 1 1 calc( 14.28571428% - 20px);}.sp-pcp-row .sp-pcp-col-md-8 {flex: 1 1 calc( 12.5% - 20px);}}@media (max-width: 768px) {.sp-pcp-row .sp-pcp-col-sm-1 {flex: 0 0 100%;}.sp-pcp-row .sp-pcp-col-sm-2 {flex: 1 1 calc( 50% - 20px);}.sp-pcp-row .sp-pcp-col-sm-2-5 {flex: 0 0 75%;}.sp-pcp-row .sp-pcp-col-sm-3 {flex: 1 1 calc( 33.333% - 20px);}.sp-pcp-row .sp-pcp-col-sm-4 {flex: 1 1 calc( 25% - 20px);}.sp-pcp-row .sp-pcp-col-sm-5 { flex: 1 1 calc( 20% - 20px);}.sp-pcp-row .sp-pcp-col-sm-6 {flex: 1 1 calc( 16.66666666666667% - 20px);}.sp-pcp-row .sp-pcp-col-sm-7 {flex: 1 1 calc( 14.28571428% - 20px);}.sp-pcp-row .sp-pcp-col-sm-8 {flex: 1 1 calc( 12.5% - 20px);}}@media (max-width: 420px) {.sp-pcp-row .sp-pcp-col-xs-1 {flex: 0 0 100%;}.sp-pcp-row .sp-pcp-col-xs-2 {flex: 1 1 calc( 50% - 20px);}.sp-pcp-row .sp-pcp-col-xs-3 {flex: 1 1 calc( 33.333% - 20px);}.sp-pcp-row .sp-pcp-col-xs-4 {flex: 1 1 calc( 25% - 20px);}.sp-pcp-row .sp-pcp-col-xs-5 { flex: 1 1 calc( 20% - 20px);}.sp-pcp-row .sp-pcp-col-xs-6 {flex: 1 1 calc( 16.66666666666667% - 20px);}.sp-pcp-row .sp-pcp-col-xs-7 {flex: 1 1 calc( 14.28571428% - 20px);}.sp-pcp-row .sp-pcp-col-xs-8 {flex: 1 1 calc( 12.5% - 20px);}}<\/style><!-- Markup Starts -->\n<div id=\"pcp_wrapper-3320\" class=\"sp-pcp-section sp-pcp-container pcp-wrapper-3320 pcp-carousel-wrapper standard sp-carousel_layout\" data-sid=\"3320\">\n\t<div id=\"sp-pcp-id-3320\" class=\"swiper-container sp-pcp-carousel top_right\" dir=\"ltr\" data-carousel='{ \"speed\":600, \"items\":3, \"spaceBetween\":20, \"dynamicBullets\": false, \"navigation\":true, \"pagination\": true, \"autoplay\": true, \"autoplay_speed\": 2000, \"loop\": true, \"autoHeight\": false, \"lazy\":  true, \"simulateTouch\": true, \"freeMode\": false, \"slider_mouse_wheel\": false,\"allowTouchMove\": true, \"slidesPerView\": {\"lg_desktop\": 3, \"desktop\": 3, \"tablet\": 2, \"mobile_landscape\": 1, \"mobile\": 1}, \"navigation_mobile\": true, \"pagination_mobile\": true, \"stop_onHover\": true, \"enabled\": true, \"prevSlideMessage\": \"Previous slide\", \"nextSlideMessage\": \"Next slide\", \"firstSlideMessage\": \"This is the first slide\", \"lastSlideMessage\": \"This is the last slide\", \"keyboard\": \"true\", \"paginationBulletMessage\": \"Go to slide {{index}}\" }'>\n\t\t\t<div class=\"swiper-wrapper\">\n\t\t\t\t\t\t<div class=\" swiper-slide swiper-lazy\">\n\t\t\t<div class=\"sp-pcp-post default pcp-item-35042\" data-id=\"35042\">\n\t\t\t\t\t\t\t\t<div class=\"pcp-post-thumb-wrapper\">\n\t\t\t\t\t<div class=\"sp-pcp-post-thumb-area\">\n\t\t\t\t\t\t\t\t\t\t\t\t<a class=\"sp-pcp-thumb\" href=\"https:\/\/agencia.unq.edu.ar\/?p=35042\" target=\"_self\" >\n\t\t\t\t\t\t\t\t\t\t\t\t\t<img loading=\"lazy\" decoding=\"async\" src=\"https:\/\/agencia.unq.edu.ar\/wp-content\/uploads\/2026\/03\/Juicio-Brigadas.jpg\" width=\"1040\" height=\"420\" alt=\"El Juicio de las Brigadas conden\u00f3 a diez represores por los delitos de lesa humanidad cometidos durante la \u00faltima dictadura c\u00edvico militar en perjuicio de 607 v\u00edctimas. Cr\u00e9ditos: 0221.\">\n\t\t\t\t\t\t<\/a>\n\t\t\t\t\t<\/div>\n\t\t\t\t<\/div>\n\t\t\t\t\t\t\t\t<div class=\"sp-pcp-post-details\">\n\t\t\t\t\t<div class=\"sp-pcp-post-details-content\">\n\t\t\t\t\t\t\t\t<h4 class=\"sp-pcp-title\">\n\t\t\t\t\t\t\t\t\t<a href=\"https:\/\/agencia.unq.edu.ar\/?p=35042\"  target=\"_self\">\u201cFragmentos de justicia\u201d, el libro de la UNQ que recupera testimonios del Juicio de las Brigadas<\/a>\t\t\t\t\t\t\t<\/h4>\n\t\t\t\t\t\t\t\t\t<\/div>\n\t\t\t\t<\/div>\n\t\t\t<\/div>\n\t\t<\/div>\n\t\t\t\t<div class=\" swiper-slide swiper-lazy\">\n\t\t\t<div class=\"sp-pcp-post default pcp-item-32770\" data-id=\"32770\">\n\t\t\t\t\t\t\t\t<div class=\"pcp-post-thumb-wrapper\">\n\t\t\t\t\t<div class=\"sp-pcp-post-thumb-area\">\n\t\t\t\t\t\t\t\t\t\t\t\t<a class=\"sp-pcp-thumb\" href=\"https:\/\/agencia.unq.edu.ar\/?p=32770\" target=\"_self\" >\n\t\t\t\t\t\t\t\t\t\t\t\t\t<img loading=\"lazy\" decoding=\"async\" src=\"https:\/\/agencia.unq.edu.ar\/wp-content\/uploads\/2025\/11\/54157559201_6357771277_k-1.jpg\" width=\"1040\" height=\"420\" alt=\"En la primera edici\u00f3n de la Noche de las Universidades, se realizaron torneos de ajedrez, entre otras actividades. Cr\u00e9ditos: Prensa UNQ.\">\n\t\t\t\t\t\t<\/a>\n\t\t\t\t\t<\/div>\n\t\t\t\t<\/div>\n\t\t\t\t\t\t\t\t<div class=\"sp-pcp-post-details\">\n\t\t\t\t\t<div class=\"sp-pcp-post-details-content\">\n\t\t\t\t\t\t\t\t<h4 class=\"sp-pcp-title\">\n\t\t\t\t\t\t\t\t\t<a href=\"https:\/\/agencia.unq.edu.ar\/?p=32770\"  target=\"_self\">La UNQ abre sus puertas en la \u201cNoche de las universidades\u201d con actividades cient\u00edficas y culturales<\/a>\t\t\t\t\t\t\t<\/h4>\n\t\t\t\t\t\t\t\t\t<\/div>\n\t\t\t\t<\/div>\n\t\t\t<\/div>\n\t\t<\/div>\n\t\t\t\t<div class=\" swiper-slide swiper-lazy\">\n\t\t\t<div class=\"sp-pcp-post default pcp-item-32700\" data-id=\"32700\">\n\t\t\t\t\t\t\t\t<div class=\"pcp-post-thumb-wrapper\">\n\t\t\t\t\t<div class=\"sp-pcp-post-thumb-area\">\n\t\t\t\t\t\t\t\t\t\t\t\t<a class=\"sp-pcp-thumb\" href=\"https:\/\/agencia.unq.edu.ar\/?p=32700\" target=\"_self\" >\n\t\t\t\t\t\t\t\t\t\t\t\t\t<img loading=\"lazy\" decoding=\"async\" src=\"https:\/\/agencia.unq.edu.ar\/wp-content\/uploads\/2025\/11\/ipiccy_image-8.jpg\" width=\"1040\" height=\"420\" alt=\"Cr\u00e9ditos: Maria Vit\u00f3ria de Moura.\">\n\t\t\t\t\t\t<\/a>\n\t\t\t\t\t<\/div>\n\t\t\t\t<\/div>\n\t\t\t\t\t\t\t\t<div class=\"sp-pcp-post-details\">\n\t\t\t\t\t<div class=\"sp-pcp-post-details-content\">\n\t\t\t\t\t\t\t\t<h4 class=\"sp-pcp-title\">\n\t\t\t\t\t\t\t\t\t<a href=\"https:\/\/agencia.unq.edu.ar\/?p=32700\"  target=\"_self\">Siempre la misma cr\u00f3nica: \u201cUn plato de comida no resuelve el problema del hambre\u201d<\/a>\t\t\t\t\t\t\t<\/h4>\n\t\t\t\t\t\t\t\t\t<\/div>\n\t\t\t\t<\/div>\n\t\t\t<\/div>\n\t\t<\/div>\n\t\t\t\t<div class=\" swiper-slide swiper-lazy\">\n\t\t\t<div class=\"sp-pcp-post default pcp-item-31418\" data-id=\"31418\">\n\t\t\t\t\t\t\t\t<div class=\"pcp-post-thumb-wrapper\">\n\t\t\t\t\t<div class=\"sp-pcp-post-thumb-area\">\n\t\t\t\t\t\t\t\t\t\t\t\t<a class=\"sp-pcp-thumb\" href=\"https:\/\/agencia.unq.edu.ar\/?p=31418\" target=\"_self\" >\n\t\t\t\t\t\t\t\t\t\t\t\t\t<img loading=\"lazy\" decoding=\"async\" src=\"https:\/\/agencia.unq.edu.ar\/wp-content\/uploads\/2025\/10\/0919Lo-Que-vendra.jpg\" width=\"504\" height=\"204\" alt=\"Ganadores de Lo que vendr\u00e1 2024. Cr\u00e9ditos: LQV.\">\n\t\t\t\t\t\t<\/a>\n\t\t\t\t\t<\/div>\n\t\t\t\t<\/div>\n\t\t\t\t\t\t\t\t<div class=\"sp-pcp-post-details\">\n\t\t\t\t\t<div class=\"sp-pcp-post-details-content\">\n\t\t\t\t\t\t\t\t<h4 class=\"sp-pcp-title\">\n\t\t\t\t\t\t\t\t\t<a href=\"https:\/\/agencia.unq.edu.ar\/?p=31418\"  target=\"_self\">Llega una nueva edici\u00f3n de \u201cLo que vendr\u00e1\u201d, el premio que destaca las obras de los estudiantes<\/a>\t\t\t\t\t\t\t<\/h4>\n\t\t\t\t\t\t\t\t\t<\/div>\n\t\t\t\t<\/div>\n\t\t\t<\/div>\n\t\t<\/div>\n\t\t\t\t<div class=\" swiper-slide swiper-lazy\">\n\t\t\t<div class=\"sp-pcp-post default pcp-item-31406\" data-id=\"31406\">\n\t\t\t\t\t\t\t\t<div class=\"pcp-post-thumb-wrapper\">\n\t\t\t\t\t<div class=\"sp-pcp-post-thumb-area\">\n\t\t\t\t\t\t\t\t\t\t\t\t<a class=\"sp-pcp-thumb\" href=\"https:\/\/agencia.unq.edu.ar\/?p=31406\" target=\"_self\" >\n\t\t\t\t\t\t\t\t\t\t\t\t\t<img loading=\"lazy\" decoding=\"async\" src=\"https:\/\/agencia.unq.edu.ar\/wp-content\/uploads\/2025\/09\/Contar-la-Ciencia.jpg\" width=\"1040\" height=\"420\" alt=\"La Agencia de Noticias Cient\u00edficas de la Universidad Nacional de Quilmes impulsa el proyecto de extensi\u00f3n \u201cContar la Ciencia\u201d (imagen: Agencia de Noticias de la UNQ)\">\n\t\t\t\t\t\t<\/a>\n\t\t\t\t\t<\/div>\n\t\t\t\t<\/div>\n\t\t\t\t\t\t\t\t<div class=\"sp-pcp-post-details\">\n\t\t\t\t\t<div class=\"sp-pcp-post-details-content\">\n\t\t\t\t\t\t\t\t<h4 class=\"sp-pcp-title\">\n\t\t\t\t\t\t\t\t\t<a href=\"https:\/\/agencia.unq.edu.ar\/?p=31406\"  target=\"_self\">El desaf\u00edo de contar la ciencia: j\u00f3venes de Quilmes exploran el periodismo cient\u00edfico<\/a>\t\t\t\t\t\t\t<\/h4>\n\t\t\t\t\t\t\t\t\t<\/div>\n\t\t\t\t<\/div>\n\t\t\t<\/div>\n\t\t<\/div>\n\t\t\t\t<div class=\" swiper-slide swiper-lazy\">\n\t\t\t<div class=\"sp-pcp-post default pcp-item-31286\" data-id=\"31286\">\n\t\t\t\t\t\t\t\t<div class=\"pcp-post-thumb-wrapper\">\n\t\t\t\t\t<div class=\"sp-pcp-post-thumb-area\">\n\t\t\t\t\t\t\t\t\t\t\t\t<a class=\"sp-pcp-thumb\" href=\"https:\/\/agencia.unq.edu.ar\/?p=31286\" target=\"_self\" >\n\t\t\t\t\t\t\t\t\t\t\t\t\t<img loading=\"lazy\" decoding=\"async\" src=\"https:\/\/agencia.unq.edu.ar\/wp-content\/uploads\/2025\/09\/Bolsas-en-un-cesto-de-basura.jpg\" width=\"1040\" height=\"420\" alt=\"Cr\u00e9ditos: C\u00f3rdoba Interior Informa.\">\n\t\t\t\t\t\t<\/a>\n\t\t\t\t\t<\/div>\n\t\t\t\t<\/div>\n\t\t\t\t\t\t\t\t<div class=\"sp-pcp-post-details\">\n\t\t\t\t\t<div class=\"sp-pcp-post-details-content\">\n\t\t\t\t\t\t\t\t<h4 class=\"sp-pcp-title\">\n\t\t\t\t\t\t\t\t\t<a href=\"https:\/\/agencia.unq.edu.ar\/?p=31286\"  target=\"_self\">Investigadores bonaerenses dise\u00f1aron un sistema para optimizar la recolecci\u00f3n de residuos<\/a>\t\t\t\t\t\t\t<\/h4>\n\t\t\t\t\t\t\t\t\t<\/div>\n\t\t\t\t<\/div>\n\t\t\t<\/div>\n\t\t<\/div>\n\t\t\t\t<div class=\" swiper-slide swiper-lazy\">\n\t\t\t<div class=\"sp-pcp-post default pcp-item-29853\" data-id=\"29853\">\n\t\t\t\t\t\t\t\t<div class=\"pcp-post-thumb-wrapper\">\n\t\t\t\t\t<div class=\"sp-pcp-post-thumb-area\">\n\t\t\t\t\t\t\t\t\t\t\t\t<a class=\"sp-pcp-thumb\" href=\"https:\/\/agencia.unq.edu.ar\/?p=29853\" target=\"_self\" >\n\t\t\t\t\t\t\t\t\t\t\t\t\t<img loading=\"lazy\" decoding=\"async\" src=\"https:\/\/agencia.unq.edu.ar\/wp-content\/uploads\/2025\/07\/Estudiantes-UNDAV.jpg\" width=\"1040\" height=\"420\" alt=\"Estudiantes de la Universidad Nacional de Avellaneda. Cr\u00e9ditos: UNDAV.\">\n\t\t\t\t\t\t<\/a>\n\t\t\t\t\t<\/div>\n\t\t\t\t<\/div>\n\t\t\t\t\t\t\t\t<div class=\"sp-pcp-post-details\">\n\t\t\t\t\t<div class=\"sp-pcp-post-details-content\">\n\t\t\t\t\t\t\t\t<h4 class=\"sp-pcp-title\">\n\t\t\t\t\t\t\t\t\t<a href=\"https:\/\/agencia.unq.edu.ar\/?p=29853\"  target=\"_self\">&#8220;Presentes&#8221;: la iniciativa para acompa\u00f1ar a los estudiantes y evitar la deserci\u00f3n universitaria<\/a>\t\t\t\t\t\t\t<\/h4>\n\t\t\t\t\t\t\t\t\t<\/div>\n\t\t\t\t<\/div>\n\t\t\t<\/div>\n\t\t<\/div>\n\t\t\t\t<div class=\" swiper-slide swiper-lazy\">\n\t\t\t<div class=\"sp-pcp-post default pcp-item-28667\" data-id=\"28667\">\n\t\t\t\t\t\t\t\t<div class=\"pcp-post-thumb-wrapper\">\n\t\t\t\t\t<div class=\"sp-pcp-post-thumb-area\">\n\t\t\t\t\t\t\t\t\t\t\t\t<a class=\"sp-pcp-thumb\" href=\"https:\/\/agencia.unq.edu.ar\/?p=28667\" target=\"_self\" >\n\t\t\t\t\t\t\t\t\t\t\t\t\t<img loading=\"lazy\" decoding=\"async\" src=\"https:\/\/agencia.unq.edu.ar\/wp-content\/uploads\/2025\/05\/Arroyo-Las-Conchitas.jpg\" width=\"1040\" height=\"420\" alt=\"Arroyo Las Conchitas. Cr\u00e9ditos: Universidad Nacional Arturo Jauretche.\">\n\t\t\t\t\t\t<\/a>\n\t\t\t\t\t<\/div>\n\t\t\t\t<\/div>\n\t\t\t\t\t\t\t\t<div class=\"sp-pcp-post-details\">\n\t\t\t\t\t<div class=\"sp-pcp-post-details-content\">\n\t\t\t\t\t\t\t\t<h4 class=\"sp-pcp-title\">\n\t\t\t\t\t\t\t\t\t<a href=\"https:\/\/agencia.unq.edu.ar\/?p=28667\"  target=\"_self\">Especialistas de la UNAJ crearon un sistema para medir la cantidad y la calidad de los arroyos<\/a>\t\t\t\t\t\t\t<\/h4>\n\t\t\t\t\t\t\t\t\t<\/div>\n\t\t\t\t<\/div>\n\t\t\t<\/div>\n\t\t<\/div>\n\t\t\t\t<div class=\" swiper-slide swiper-lazy\">\n\t\t\t<div class=\"sp-pcp-post default pcp-item-28282\" data-id=\"28282\">\n\t\t\t\t\t\t\t\t<div class=\"pcp-post-thumb-wrapper\">\n\t\t\t\t\t<div class=\"sp-pcp-post-thumb-area\">\n\t\t\t\t\t\t\t\t\t\t\t\t<a class=\"sp-pcp-thumb\" href=\"https:\/\/agencia.unq.edu.ar\/?p=28282\" target=\"_self\" >\n\t\t\t\t\t\t\t\t\t\t\t\t\t<img loading=\"lazy\" decoding=\"async\" src=\"https:\/\/agencia.unq.edu.ar\/wp-content\/uploads\/2025\/05\/UNaB-Club-Robotica.jpg\" width=\"1040\" height=\"420\" alt=\"M\u00e1s de 300 estudiantes participaron de la apertura. Cr\u00e9ditos: @CienciaPBA.\">\n\t\t\t\t\t\t<\/a>\n\t\t\t\t\t<\/div>\n\t\t\t\t<\/div>\n\t\t\t\t\t\t\t\t<div class=\"sp-pcp-post-details\">\n\t\t\t\t\t<div class=\"sp-pcp-post-details-content\">\n\t\t\t\t\t\t\t\t<h4 class=\"sp-pcp-title\">\n\t\t\t\t\t\t\t\t\t<a href=\"https:\/\/agencia.unq.edu.ar\/?p=28282\"  target=\"_self\">Una universidad del conurbano lanz\u00f3 su Club de Rob\u00f3tica para adolescentes<\/a>\t\t\t\t\t\t\t<\/h4>\n\t\t\t\t\t\t\t\t\t<\/div>\n\t\t\t\t<\/div>\n\t\t\t<\/div>\n\t\t<\/div>\n\t\t\t\t<div class=\" swiper-slide swiper-lazy\">\n\t\t\t<div class=\"sp-pcp-post default pcp-item-27501\" data-id=\"27501\">\n\t\t\t\t\t\t\t\t<div class=\"pcp-post-thumb-wrapper\">\n\t\t\t\t\t<div class=\"sp-pcp-post-thumb-area\">\n\t\t\t\t\t\t\t\t\t\t\t\t<a class=\"sp-pcp-thumb\" href=\"https:\/\/agencia.unq.edu.ar\/?p=27501\" target=\"_self\" >\n\t\t\t\t\t\t\t\t\t\t\t\t\t<img loading=\"lazy\" decoding=\"async\" src=\"https:\/\/agencia.unq.edu.ar\/wp-content\/uploads\/2025\/04\/fotos-Hasemberg-12.jpg\" width=\"1040\" height=\"420\" alt=\"Esta foto, tomada por Monica Hasenberg e intervenida por Paula Doberti, retrata la lucha de las Abuelas y Madres de Plaza de Mayo. Cr\u00e9ditos: Mujeres en lucha.\">\n\t\t\t\t\t\t<\/a>\n\t\t\t\t\t<\/div>\n\t\t\t\t<\/div>\n\t\t\t\t\t\t\t\t<div class=\"sp-pcp-post-details\">\n\t\t\t\t\t<div class=\"sp-pcp-post-details-content\">\n\t\t\t\t\t\t\t\t<h4 class=\"sp-pcp-title\">\n\t\t\t\t\t\t\t\t\t<a href=\"https:\/\/agencia.unq.edu.ar\/?p=27501\"  target=\"_self\">La UNQ presenta \u201cMujeres en lucha\u201d, una serie de fotograf\u00edas art\u00edsticas sobre Madres, Abuelas y feminismos<\/a>\t\t\t\t\t\t\t<\/h4>\n\t\t\t\t\t\t\t\t\t<\/div>\n\t\t\t\t<\/div>\n\t\t\t<\/div>\n\t\t<\/div>\n\t\t\t\t<div class=\" swiper-slide swiper-lazy\">\n\t\t\t<div class=\"sp-pcp-post default pcp-item-27328\" data-id=\"27328\">\n\t\t\t\t\t\t\t\t<div class=\"pcp-post-thumb-wrapper\">\n\t\t\t\t\t<div class=\"sp-pcp-post-thumb-area\">\n\t\t\t\t\t\t\t\t\t\t\t\t<a class=\"sp-pcp-thumb\" href=\"https:\/\/agencia.unq.edu.ar\/?p=27328\" target=\"_self\" >\n\t\t\t\t\t\t\t\t\t\t\t\t\t<img loading=\"lazy\" decoding=\"async\" src=\"https:\/\/agencia.unq.edu.ar\/wp-content\/uploads\/2025\/04\/53239456544_c4cbd1c7f1_o-1.jpg\" width=\"1040\" height=\"420\" alt=\"En la edici\u00f3n pasada, investigadoras del equipo &quot;\u00bfDe qu\u00e9 hablamos cuando hablamos de Chagas?&quot;, el cineasta Juan Bautista Stagnaro y la Agencia de Noticias Cient\u00edficas se unieron para visibilizar la enfermedad. Cr\u00e9ditos: Prensa UNQ.\">\n\t\t\t\t\t\t<\/a>\n\t\t\t\t\t<\/div>\n\t\t\t\t<\/div>\n\t\t\t\t\t\t\t\t<div class=\"sp-pcp-post-details\">\n\t\t\t\t\t<div class=\"sp-pcp-post-details-content\">\n\t\t\t\t\t\t\t\t<h4 class=\"sp-pcp-title\">\n\t\t\t\t\t\t\t\t\t<a href=\"https:\/\/agencia.unq.edu.ar\/?p=27328\"  target=\"_self\">La UNQ inicia la Semana Nacional de la Ciencia a plena divulgaci\u00f3n<\/a>\t\t\t\t\t\t\t<\/h4>\n\t\t\t\t\t\t\t\t\t<\/div>\n\t\t\t\t<\/div>\n\t\t\t<\/div>\n\t\t<\/div>\n\t\t\t\t<div class=\" swiper-slide swiper-lazy\">\n\t\t\t<div class=\"sp-pcp-post default pcp-item-27217\" data-id=\"27217\">\n\t\t\t\t\t\t\t\t<div class=\"pcp-post-thumb-wrapper\">\n\t\t\t\t\t<div class=\"sp-pcp-post-thumb-area\">\n\t\t\t\t\t\t\t\t\t\t\t\t<a class=\"sp-pcp-thumb\" href=\"https:\/\/agencia.unq.edu.ar\/?p=27217\" target=\"_self\" >\n\t\t\t\t\t\t\t\t\t\t\t\t\t<img loading=\"lazy\" decoding=\"async\" src=\"https:\/\/agencia.unq.edu.ar\/wp-content\/uploads\/2025\/04\/vlcsnap-2025-03-07-11h27m40s238.jpg\" width=\"1040\" height=\"420\" alt=\"Cr\u00e9ditos: UNQtv.\">\n\t\t\t\t\t\t<\/a>\n\t\t\t\t\t<\/div>\n\t\t\t\t<\/div>\n\t\t\t\t\t\t\t\t<div class=\"sp-pcp-post-details\">\n\t\t\t\t\t<div class=\"sp-pcp-post-details-content\">\n\t\t\t\t\t\t\t\t<h4 class=\"sp-pcp-title\">\n\t\t\t\t\t\t\t\t\t<a href=\"https:\/\/agencia.unq.edu.ar\/?p=27217\"  target=\"_self\">La UNQ lanza una serie sobre el espionaje a j\u00f3venes y bandas de rock durante los 80 y 90<\/a>\t\t\t\t\t\t\t<\/h4>\n\t\t\t\t\t\t\t\t\t<\/div>\n\t\t\t\t<\/div>\n\t\t\t<\/div>\n\t\t<\/div>\n\t\t\t\t<div class=\" swiper-slide swiper-lazy\">\n\t\t\t<div class=\"sp-pcp-post default pcp-item-26819\" data-id=\"26819\">\n\t\t\t\t\t\t\t\t<div class=\"pcp-post-thumb-wrapper\">\n\t\t\t\t\t<div class=\"sp-pcp-post-thumb-area\">\n\t\t\t\t\t\t\t\t\t\t\t\t<a class=\"sp-pcp-thumb\" href=\"https:\/\/agencia.unq.edu.ar\/?p=26819\" target=\"_self\" >\n\t\t\t\t\t\t\t\t\t\t\t\t\t<img loading=\"lazy\" decoding=\"async\" src=\"https:\/\/agencia.unq.edu.ar\/wp-content\/uploads\/2025\/03\/Super-mil-mama-destacada.jpg\" width=\"1040\" height=\"420\" alt=\"Super mil mam\u00e1 viene en dos presentaciones: l\u00edquida y en polvo. Cr\u00e9ditos: Comisi\u00f3n de Investigaciones Cient\u00edficas.\">\n\t\t\t\t\t\t<\/a>\n\t\t\t\t\t<\/div>\n\t\t\t\t<\/div>\n\t\t\t\t\t\t\t\t<div class=\"sp-pcp-post-details\">\n\t\t\t\t\t<div class=\"sp-pcp-post-details-content\">\n\t\t\t\t\t\t\t\t<h4 class=\"sp-pcp-title\">\n\t\t\t\t\t\t\t\t\t<a href=\"https:\/\/agencia.unq.edu.ar\/?p=26819\"  target=\"_self\">Cient\u00edficas bonaerenses crearon una leche super nutritiva para embarazadas y mujeres lactantes<\/a>\t\t\t\t\t\t\t<\/h4>\n\t\t\t\t\t\t\t\t\t<\/div>\n\t\t\t\t<\/div>\n\t\t\t<\/div>\n\t\t<\/div>\n\t\t\t\t<div class=\" swiper-slide swiper-lazy\">\n\t\t\t<div class=\"sp-pcp-post default pcp-item-26616\" data-id=\"26616\">\n\t\t\t\t\t\t\t\t<div class=\"pcp-post-thumb-wrapper\">\n\t\t\t\t\t<div class=\"sp-pcp-post-thumb-area\">\n\t\t\t\t\t\t\t\t\t\t\t\t<a class=\"sp-pcp-thumb\" href=\"https:\/\/agencia.unq.edu.ar\/?p=26616\" target=\"_self\" >\n\t\t\t\t\t\t\t\t\t\t\t\t\t<img loading=\"lazy\" decoding=\"async\" src=\"https:\/\/agencia.unq.edu.ar\/wp-content\/uploads\/2023\/07\/super-sopa.jpg\" width=\"1040\" height=\"420\" alt=\"El Programa Supersopa funciona en la Universidad Nacional de Quilmes desde 2002. Cr\u00e9ditos: Supersopa.\">\n\t\t\t\t\t\t<\/a>\n\t\t\t\t\t<\/div>\n\t\t\t\t<\/div>\n\t\t\t\t\t\t\t\t<div class=\"sp-pcp-post-details\">\n\t\t\t\t\t<div class=\"sp-pcp-post-details-content\">\n\t\t\t\t\t\t\t\t<h4 class=\"sp-pcp-title\">\n\t\t\t\t\t\t\t\t\t<a href=\"https:\/\/agencia.unq.edu.ar\/?p=26616\"  target=\"_self\">Bah\u00eda Blanca: la UNQ y la provincia de Buenos Aires donan m\u00e1s de una tonelada de Supersopa<\/a>\t\t\t\t\t\t\t<\/h4>\n\t\t\t\t\t\t\t\t\t<\/div>\n\t\t\t\t<\/div>\n\t\t\t<\/div>\n\t\t<\/div>\n\t\t\t\t<div class=\" swiper-slide swiper-lazy\">\n\t\t\t<div class=\"sp-pcp-post default pcp-item-26515\" data-id=\"26515\">\n\t\t\t\t\t\t\t\t<div class=\"pcp-post-thumb-wrapper\">\n\t\t\t\t\t<div class=\"sp-pcp-post-thumb-area\">\n\t\t\t\t\t\t\t\t\t\t\t\t<a class=\"sp-pcp-thumb\" href=\"https:\/\/agencia.unq.edu.ar\/?p=26515\" target=\"_self\" >\n\t\t\t\t\t\t\t\t\t\t\t\t\t<img loading=\"lazy\" decoding=\"async\" src=\"https:\/\/agencia.unq.edu.ar\/wp-content\/uploads\/2025\/03\/ciencia-unq.jpg\" width=\"1040\" height=\"420\" alt=\"Cr\u00e9ditos: Universidad Nacional de Quilmes.\">\n\t\t\t\t\t\t<\/a>\n\t\t\t\t\t<\/div>\n\t\t\t\t<\/div>\n\t\t\t\t\t\t\t\t<div class=\"sp-pcp-post-details\">\n\t\t\t\t\t<div class=\"sp-pcp-post-details-content\">\n\t\t\t\t\t\t\t\t<h4 class=\"sp-pcp-title\">\n\t\t\t\t\t\t\t\t\t<a href=\"https:\/\/agencia.unq.edu.ar\/?p=26515\"  target=\"_self\">Gracias al aporte bonaerense, la UNQ desarrollar\u00e1 proyectos en salud y agricultura<\/a>\t\t\t\t\t\t\t<\/h4>\n\t\t\t\t\t\t\t\t\t<\/div>\n\t\t\t\t<\/div>\n\t\t\t<\/div>\n\t\t<\/div>\n\t\t\t\t<div class=\" swiper-slide swiper-lazy\">\n\t\t\t<div class=\"sp-pcp-post default pcp-item-26374\" data-id=\"26374\">\n\t\t\t\t\t\t\t\t<div class=\"pcp-post-thumb-wrapper\">\n\t\t\t\t\t<div class=\"sp-pcp-post-thumb-area\">\n\t\t\t\t\t\t\t\t\t\t\t\t<a class=\"sp-pcp-thumb\" href=\"https:\/\/agencia.unq.edu.ar\/?p=26374\" target=\"_self\" >\n\t\t\t\t\t\t\t\t\t\t\t\t\t<img loading=\"lazy\" decoding=\"async\" src=\"https:\/\/agencia.unq.edu.ar\/wp-content\/uploads\/2025\/02\/Cruce-Cadena-Conurbana.jpg\" width=\"1040\" height=\"420\" alt=\"Pablo Mart\u00ednez ser\u00e1 el encargado de abrir la programaci\u00f3n a partir de las 8 de la ma\u00f1ana desde Radio Ahijuna. Cr\u00e9ditos: Cruce.\">\n\t\t\t\t\t\t<\/a>\n\t\t\t\t\t<\/div>\n\t\t\t\t<\/div>\n\t\t\t\t\t\t\t\t<div class=\"sp-pcp-post-details\">\n\t\t\t\t\t<div class=\"sp-pcp-post-details-content\">\n\t\t\t\t\t\t\t\t<h4 class=\"sp-pcp-title\">\n\t\t\t\t\t\t\t\t\t<a href=\"https:\/\/agencia.unq.edu.ar\/?p=26374\"  target=\"_self\">Las radios universitarias y comunitarias del conurbano regresan juntas en 2025<\/a>\t\t\t\t\t\t\t<\/h4>\n\t\t\t\t\t\t\t\t\t<\/div>\n\t\t\t\t<\/div>\n\t\t\t<\/div>\n\t\t<\/div>\n\t\t\t\t\t<\/div>\n\t\t\t\t\t\t<div class=\"pcp-pagination swiper-pagination dots\"><\/div>\n\t\t\t\t\t\t\t\t\t\t<div class=\"pcp-button-next swiper-button-next top_right\"><i class=\"fa fa-angle-right\"><\/i><\/div>\n\t\t\t\t<div class=\"pcp-button-prev swiper-button-prev top_right\"><i class=\"fa fa-angle-left\"><\/i><\/div>\t<\/div>\n<\/div>\n\n\n\n\n<hr class=\"wp-block-separator has-text-color has-background is-style-wide\" style=\"background-color:#fea50e;color:#fea50e\"\/>\n","protected":false},"excerpt":{"rendered":"<p>Se trata de una exhibici\u00f3n itinerante de piezas gr\u00e1ficas, que incluye temas como la equidad de g\u00e9nero, y la educaci\u00f3n y la comunicaci\u00f3n cient\u00edficas. <\/p>\n","protected":false},"author":9,"featured_media":4218,"comment_status":"closed","ping_status":"closed","sticky":false,"template":"","format":"standard","meta":{"_uag_custom_page_level_css":"","_monsterinsights_skip_tracking":false,"_monsterinsights_sitenote_active":false,"_monsterinsights_sitenote_note":"","_monsterinsights_sitenote_category":0,"site-sidebar-layout":"default","site-content-layout":"","ast-site-content-layout":"default","site-content-style":"default","site-sidebar-style":"default","ast-global-header-display":"","ast-banner-title-visibility":"","ast-main-header-display":"","ast-hfb-above-header-display":"","ast-hfb-below-header-display":"","ast-hfb-mobile-header-display":"","site-post-title":"","ast-breadcrumbs-content":"","ast-featured-img":"","footer-sml-layout":"","ast-disable-related-posts":"","theme-transparent-header-meta":"","adv-header-id-meta":"","stick-header-meta":"","header-above-stick-meta":"","header-main-stick-meta":"","header-below-stick-meta":"","astra-migrate-meta-layouts":"default","ast-page-background-enabled":"default","ast-page-background-meta":{"desktop":{"background-color":"var(--ast-global-color-4)","background-image":"","background-repeat":"repeat","background-position":"center center","background-size":"auto","background-attachment":"scroll","background-type":"","background-media":"","overlay-type":"","overlay-color":"","overlay-opacity":"","overlay-gradient":""},"tablet":{"background-color":"","background-image":"","background-repeat":"repeat","background-position":"center center","background-size":"auto","background-attachment":"scroll","background-type":"","background-media":"","overlay-type":"","overlay-color":"","overlay-opacity":"","overlay-gradient":""},"mobile":{"background-color":"","background-image":"","background-repeat":"repeat","background-position":"center center","background-size":"auto","background-attachment":"scroll","background-type":"","background-media":"","overlay-type":"","overlay-color":"","overlay-opacity":"","overlay-gradient":""}},"ast-content-background-meta":{"desktop":{"background-color":"var(--ast-global-color-5)","background-image":"","background-repeat":"repeat","background-position":"center center","background-size":"auto","background-attachment":"scroll","background-type":"","background-media":"","overlay-type":"","overlay-color":"","overlay-opacity":"","overlay-gradient":""},"tablet":{"background-color":"var(--ast-global-color-5)","background-image":"","background-repeat":"repeat","background-position":"center center","background-size":"auto","background-attachment":"scroll","background-type":"","background-media":"","overlay-type":"","overlay-color":"","overlay-opacity":"","overlay-gradient":""},"mobile":{"background-color":"var(--ast-global-color-5)","background-image":"","background-repeat":"repeat","background-position":"center center","background-size":"auto","background-attachment":"scroll","background-type":"","background-media":"","overlay-type":"","overlay-color":"","overlay-opacity":"","overlay-gradient":""}},"footnotes":""},"categories":[16,10],"tags":[86],"class_list":["post-4211","post","type-post","status-publish","format-standard","has-post-thumbnail","hentry","category-noticia-destacada","category-territorio","tag-divulgacion"],"aioseo_notices":[],"uagb_featured_image_src":{"full":["https:\/\/agencia.unq.edu.ar\/wp-content\/uploads\/2022\/05\/derecho-a-la-ciencia.png",1040,420,false],"thumbnail":["https:\/\/agencia.unq.edu.ar\/wp-content\/uploads\/2022\/05\/derecho-a-la-ciencia.png",150,61,false],"medium":["https:\/\/agencia.unq.edu.ar\/wp-content\/uploads\/2022\/05\/derecho-a-la-ciencia.png",960,388,false],"medium_large":["https:\/\/agencia.unq.edu.ar\/wp-content\/uploads\/2022\/05\/derecho-a-la-ciencia.png",768,310,false],"large":["https:\/\/agencia.unq.edu.ar\/wp-content\/uploads\/2022\/05\/derecho-a-la-ciencia.png",1040,420,false],"1536x1536":["https:\/\/agencia.unq.edu.ar\/wp-content\/uploads\/2022\/05\/derecho-a-la-ciencia.png",1040,420,false],"2048x2048":["https:\/\/agencia.unq.edu.ar\/wp-content\/uploads\/2022\/05\/derecho-a-la-ciencia.png",1040,420,false]},"uagb_author_info":{"display_name":"Agencia de Noticias Cient\u00edficas UNQ","author_link":"https:\/\/agencia.unq.edu.ar\/?author=9"},"uagb_comment_info":0,"uagb_excerpt":"Se trata de una exhibici\u00f3n itinerante de piezas gr\u00e1ficas, que incluye temas como la equidad de g\u00e9nero, y la educaci\u00f3n y la comunicaci\u00f3n cient\u00edficas.","blog_post_layout_featured_media_urls":{"thumbnail":["https:\/\/agencia.unq.edu.ar\/wp-content\/uploads\/2022\/05\/derecho-a-la-ciencia.png",150,61,false],"full":["https:\/\/agencia.unq.edu.ar\/wp-content\/uploads\/2022\/05\/derecho-a-la-ciencia.png",1040,420,false]},"categories_names":{"16":{"name":"Noticia destacada","link":"https:\/\/agencia.unq.edu.ar\/?cat=16"},"10":{"name":"Territorio","link":"https:\/\/agencia.unq.edu.ar\/?cat=10"}},"tags_names":{"86":{"name":"Divulgaci\u00f3n","link":"https:\/\/agencia.unq.edu.ar\/?tag=divulgacion"}},"comments_number":"0","_links":{"self":[{"href":"https:\/\/agencia.unq.edu.ar\/index.php?rest_route=\/wp\/v2\/posts\/4211","targetHints":{"allow":["GET"]}}],"collection":[{"href":"https:\/\/agencia.unq.edu.ar\/index.php?rest_route=\/wp\/v2\/posts"}],"about":[{"href":"https:\/\/agencia.unq.edu.ar\/index.php?rest_route=\/wp\/v2\/types\/post"}],"author":[{"embeddable":true,"href":"https:\/\/agencia.unq.edu.ar\/index.php?rest_route=\/wp\/v2\/users\/9"}],"replies":[{"embeddable":true,"href":"https:\/\/agencia.unq.edu.ar\/index.php?rest_route=%2Fwp%2Fv2%2Fcomments&post=4211"}],"version-history":[{"count":9,"href":"https:\/\/agencia.unq.edu.ar\/index.php?rest_route=\/wp\/v2\/posts\/4211\/revisions"}],"predecessor-version":[{"id":4241,"href":"https:\/\/agencia.unq.edu.ar\/index.php?rest_route=\/wp\/v2\/posts\/4211\/revisions\/4241"}],"wp:featuredmedia":[{"embeddable":true,"href":"https:\/\/agencia.unq.edu.ar\/index.php?rest_route=\/wp\/v2\/media\/4218"}],"wp:attachment":[{"href":"https:\/\/agencia.unq.edu.ar\/index.php?rest_route=%2Fwp%2Fv2%2Fmedia&parent=4211"}],"wp:term":[{"taxonomy":"category","embeddable":true,"href":"https:\/\/agencia.unq.edu.ar\/index.php?rest_route=%2Fwp%2Fv2%2Fcategories&post=4211"},{"taxonomy":"post_tag","embeddable":true,"href":"https:\/\/agencia.unq.edu.ar\/index.php?rest_route=%2Fwp%2Fv2%2Ftags&post=4211"}],"curies":[{"name":"wp","href":"https:\/\/api.w.org\/{rel}","templated":true}]}}