{"id":5034,"date":"2022-06-15T09:07:44","date_gmt":"2022-06-15T12:07:44","guid":{"rendered":"https:\/\/agencia.unq.edu.ar\/?p=5034"},"modified":"2022-07-08T12:17:11","modified_gmt":"2022-07-08T15:17:11","slug":"sandra-goni-la-salud-ambiental-es-un-campo-en-constante-crecimiento","status":"publish","type":"post","link":"https:\/\/agencia.unq.edu.ar\/?p=5034","title":{"rendered":"Sandra Go\u00f1i: &#8220;Hoy estamos mejor preparados frente a cualquier conflicto sanitario global&#8221;"},"content":{"rendered":"\n<p>La  directora de la flamante Unidad de Aplicaciones Biotecnol\u00f3gicas para la Salud explica c\u00f3mo surgi\u00f3 la idea de crearla y hacia d\u00f3nde apunta esta iniciativa de transferencia tecnol\u00f3gica, que tambi\u00e9n pone el acento en la salud ambiental.<\/p>\n\n\n\n<figure class=\"wp-block-image size-full\"><img loading=\"lazy\" decoding=\"async\" width=\"1040\" height=\"420\" src=\"https:\/\/agencia.unq.edu.ar\/wp-content\/uploads\/2022\/07\/sandra-reemplazo-2.jpg\" alt=\"La nueva unidad abarca distintas problem\u00e1ticas vinculadas con la salud ambiental y con la salud de los alimentos. Cr\u00e9dito: Magal\u00ed S\u00e1nchez\/ Agencia de Noticias Cient\u00edficas de la UNQ.\" class=\"wp-image-5598\"\/><figcaption>La nueva unidad abarca distintas problem\u00e1ticas vinculadas con la salud ambiental y con la salud de los alimentos. Cr\u00e9dito: Magal\u00ed S\u00e1nchez\/ Agencia de Noticias Cient\u00edficas de la UNQ.<\/figcaption><\/figure>\n\n\n\n<p>Durante la pandemia y&nbsp; por disposici\u00f3n del Ministerio de Salud bonaerense, la Universidad Nacional de Quilmes (UNQ) se constituy\u00f3 en uno de los 19 centros encargados de realizar pruebas para el diagn\u00f3stico de coronavirus. Y lo hizo desde la Unidad Covid, en los laboratorios de la Plataforma de Servicios Biotecnol\u00f3gicos (PSB) de esta instituci\u00f3n, donde la infraestructura, la tecnolog\u00eda y los recursos humanos constituyeron un valor esencial y determinante. A m\u00e1s de dos a\u00f1os de aquel entonces, y con la capacidad de revisar los conocimientos que dej\u00f3 el haber trabajado en la detecci\u00f3n del SARS-CoV-2, la Unidad Covid se transforma para brindar respuestas a las distintas problem\u00e1ticas de salud que demanda el territorio. <\/p>\n\n\n\n<p>As\u00ed es que nace la Unidad de Aplicaciones Biotecnol\u00f3gicas para la Salud. Su directora, Sandra Go\u00f1i,&nbsp; doctora en Ciencias B\u00e1sicas y Aplicadas y docente e investigadora en la UNQ, dialoga con la<a href=\"http:\/\/agencia.unq.edu.ar\/\"> Agencia de Noticias Cient\u00edficas de la UNQ<\/a>, y lo cuenta en primera persona: &#8220;Vamos a continuar trabajando de manera articulada con distintos organismos de salud para desarrollar m\u00e9todos que permitan identificar genotipos de alto riesgo para la salud de la poblaci\u00f3n&#8221;.<\/p>\n\n\n\n<p>&#8211;<strong>Durante la pandemia, la Universidad Nacional de Quilmes abri\u00f3 sus puertas para el diagn\u00f3stico de casos en la Unidad Covid. \u00bfC\u00f3mo se realiz\u00f3 este trabajo y qu\u00e9 aprendizaje deja la experiencia?<\/strong><\/p>\n\n\n\n<p>-En el marco de la pandemia se form\u00f3 la <strong>Unidad Covid, en la Plataforma de Servicios Biotecnol\u00f3gicos (PSB) de la Universidad Nacional de Quilmes<\/strong>, ya que ah\u00ed cont\u00e1bamos con la infraestructura necesaria para llevar a cabo los diagn\u00f3sticos. Inicialmente se hizo a trav\u00e9s de equipamientos provistos por distintos grupos de investigaci\u00f3n, tanto del departamento de Ciencia y Tecnolog\u00eda (CyT) como de la PSB. Pero a mediados de 2020, desde el <strong>Ministerio de Ciencia y Tecnolog\u00eda y de la Agencia Nacional de Promoci\u00f3n de la Investigaci\u00f3n, el Desarrollo Tecnol\u00f3gico y la Innovaci\u00f3n, se idearon distintas estrategias para fortalecer sectores de ciencia y tecnolog\u00eda que estaban dando respuesta a la pandemia. <\/strong>En ese marco, el ministerio decidi\u00f3 financiar&nbsp;a la Unidad para adquirir equipamientos. <\/p>\n\n\n\n<p><strong>-\u00bfY qu\u00e9 implic\u00f3 ello?<\/strong><\/p>\n\n\n\n<p>-Signific\u00f3 un salto cualitativo muy importante. En ese momento, tambi\u00e9n asumimos el compromiso de, una vez pasada la pandemia, continuar trabajando para establecer un espacio que brinde respuesta a las distintas problem\u00e1ticas de salud que tengan demandan desde el territorio. <strong>En ese sentido, comenzamos a darle forma a la creaci\u00f3n la Unidad de Aplicaciones Biotecnol\u00f3gicas para la Salud.<\/strong><\/p>\n\n\n\n<p><strong>&#8211;<\/strong><strong>\u00bfEn qu\u00e9 consiste?<\/strong><\/p>\n\n\n\n<p>-Definimos lineamientos que est\u00e1n centrados, pr\u00e1cticamente, <strong>en el diagn\u00f3stico y en el desarrollo<\/strong>. En el diagn\u00f3stico, seguimos teniendo el compromiso con el ministerio de Salud de la provincia de Buenos Aires de continuar atendiendo a las demandas en torno a la covid, y tambi\u00e9n cualquier otra demanda que pudiese surgir. Si ma\u00f1ana resulta necesario diagnosticar otro tipo de virosis u enfermedad infecciosa de importancia sanitaria, tenemos las capacidades para hacerlo. <strong>Hoy estamos mejor preparados frente a cualquier conflicto sanitario global<\/strong>.<\/p>\n\n\n\n<p><strong>&#8211;<\/strong><strong>\u00bfQu\u00e9 har\u00e1n en relaci\u00f3n al desarrollo?<\/strong><\/p>\n\n\n\n<p>-Con todo el equipamiento conseguido y el grupo conformado, vimos la oportunidad de, en el marco de la PSB, ofrecer el servicio de desarrollo&nbsp;de distintas tecnolog\u00edas o metodolog\u00edas, tanto moleculares como serol\u00f3gicas para la detecci\u00f3n de enfermedades.&nbsp;<\/p>\n\n\n\n<p><strong>&#8211;<\/strong><strong>El nuevo proyecto ampl\u00eda, por lo tanto, los servicios que brinda la UNQ y complementa un \u00e1rea que se ven\u00eda desarrollando<\/strong>&#8230;<\/p>\n\n\n\n<p>-Claro, la creaci\u00f3n de esta Unidad en la plataforma buscar\u00e1 <strong>mejorar la capacidad de transferencia tecnol\u00f3gica ya existente en los grupos de investigaci\u00f3n.<\/strong> Por otro lado, se consolida un espacio relacionado con la b\u00fasqueda de financiamiento destinado al desarrollo de soluciones metodol\u00f3gicas y tecnol\u00f3gicas para distintas enfermedades y el abordaje a diferentes tem\u00e1ticas de inter\u00e9s para la salud de la poblaci\u00f3n.&nbsp;<\/p>\n\n\n\n<p><strong>&#8211;<\/strong><strong>\u00bfEn qu\u00e9 est\u00e1n trabajando actualmente?<\/strong><\/p>\n\n\n\n<p>-En articulaci\u00f3n con distintos organismos de salud, estamos trabajando para captar fondos que nos permitan trabajar en el desarrollo de un m\u00e9todo molecular que permita identificar genotipos de alto riesgo del Virus del Papiloma Humano (HPV). Si bien no es una enfermedad ni emergente ni con picos estacionales, resulta un marcador en la salud de las personas con \u00fatero. Por eso es importante poder trabajar con la&nbsp; identificaci\u00f3n de genotipos de alto riesgo del HPV.<\/p>\n\n\n\n<p><strong>&#8211;<\/strong><strong>La salud pas\u00f3 de relacionarse con causas naturales, como las enfermedades infecciosas, a verse afectada por la dimensi\u00f3n ambiental producida por el ser humano. \u00bfTrabajar\u00e1n desde la Unidad en esa direcci\u00f3n?<\/strong><\/p>\n\n\n\n<p>-Abordaremos distintas problem\u00e1ticas: tanto enfermedades infecciosas, como enfermedades vinculadas con la salud ambiental y de los alimentos. Es un campo amplio que resulta a\u00fan m\u00e1s interesante si se aprovechan los lazos y di\u00e1logos que se formaron con los actores territoriales en el \u00e1rea de la salud durante la pandemia. <strong>La salud ambiental es un campo en constante crecimiento donde, en vinculaci\u00f3n con los objetivos de desarrollo sostenible a nivel nacional, hay un monitoreo que cada vez ser\u00e1 m\u00e1s fino<\/strong>. En ese sentido, hay m\u00e1s conocimiento y herramientas, pero para seguir trabajando en la formulaci\u00f3n de indicadores se van a tener que implementar distintas tecnolog\u00edas. Apuntamos hacia ese norte.<\/p>\n\n\n\n<hr class=\"wp-block-separator has-text-color has-css-opacity has-background is-style-wide\" style=\"background-color:#fea50e;color:#fea50e\"\/>\n\n\n\n<h4 class=\"wp-block-heading\" id=\"publicaciones-relacionadas\">\u00daltimas noticias de la secci\u00f3n Salud:<\/h4>\n\n\n<style id=\"sp_pcp_dynamic_style3314\">#pcp_wrapper-3314:not(.sps-glossary-layout) .sp-pcp-row,#pcp_wrapper-3314 .sps-glossary-items-group .sps-glossary-items-content {margin-right: -10px;margin-left: -10px;}#pcp_wrapper-3314 .sp-pcp-row [class*='sp-pcp-col-']{padding-right: 10px;padding-left: 10px; padding-bottom:20px;}.pcp-wrapper-3314 .sp-pcp-title a {color: #ac162c;display: inherit;} .pcp-wrapper-3314 .sp-pcp-title a:hover {color: #fea50e;}#pcp_wrapper-3314 .dots .swiper-pagination-bullet{ background: #ac162c; } #pcp_wrapper-3314 .dots .swiper-pagination-bullet-active { background: #fea50e; }#pcp_wrapper-3314 .pcp-button-prev,#pcp_wrapper-3314 .pcp-button-next{ background-image: none; background-size: auto; background-color: #fff; height: 33px; width: 33px; margin-top: 8px; border: 1px solid #aaa; text-align: center; line-height: 30px; -webkit-transition: 0.3s; border-radius: 3px; }#pcp_wrapper-3314 .pcp-button-prev:hover, #pcp_wrapper-3314 .pcp-button-next:hover{ background-color: #fea50e; border-color: #ac162c; } #pcp_wrapper-3314 .pcp-button-prev .fa, #pcp_wrapper-3314 .pcp-button-next .fa { color: #000; } #pcp_wrapper-3314 .pcp-button-prev:hover .fa, #pcp_wrapper-3314 .pcp-button-next:hover .fa { color: #fff; } #pcp_wrapper-3314.pcp-carousel-wrapper .sp-pcp-post{ margin-top: 0; }#pcp_wrapper-3314 .sp-pcp-post {padding: 0 0 0 0;}#pcp_wrapper-3314.sp-slider_layout .sp-pcp-post .sp-pcp-post-details {top: 0; right:0; bottom:0; left:0;}#pcp_wrapper-3314 .sp-pcp-post {border: 0px solid #e2e2e2; border-radius: 0px }#pcp_wrapper-3314 .sp-pcp-post{background-color: transparent;}#pcp_wrapper-3314 .pcp-post-thumb-wrapper{border: 0px solid #dddddd;border-radius:0px;}.pcp-wrapper-3314 .sp-pcp-post-meta li,.pcp-wrapper-3314 .sp-pcp-post-meta ul,.pcp-wrapper-3314 .sp-pcp-post-meta li a{color: #888;}.pcp-wrapper-3314 .sp-pcp-post-meta li a:hover{color: #e1624b;}#pcp_wrapper-3314 .pcp-post-pagination .page-numbers.current, #pcp_wrapper-3314 .pcp-post-pagination a.active , #pcp_wrapper-3314 .pcp-post-pagination a:hover{ color: #ffffff; background: #e1624b; border-color: #e1624b; }#pcp_wrapper-3314 .pcp-post-pagination .page-numbers, .pcp-post-pagination a{ background: #ffffff; color:#5e5e5e; border: 2px solid #bbbbbb;border-radius: 2px; }#pcp_wrapper-3314 .pcp-post-pagination{text-align: left;}@media (min-width: 1200px) {.sp-pcp-row .sp-pcp-col-xl-1 {flex: 0 0 100%;}.sp-pcp-row .sp-pcp-col-xl-2 {flex: 1 1 calc( 50% - 20px);}.sp-pcp-row .sp-pcp-col-xl-3 {flex: 1 1 calc( 33.333% - 20px);}.sp-pcp-row .sp-pcp-col-xl-4 {flex: 1 1 calc( 25% - 20px);}.sp-pcp-row .sp-pcp-col-xl-5 { flex: 1 1 calc( 20% - 20px);}.sp-pcp-row .sp-pcp-col-xl-6 {flex: 1 1 calc( 16.66666666666667% - 20px);}.sp-pcp-row .sp-pcp-col-xl-7 {flex: 1 1 calc( 14.28571428% - 20px);}.sp-pcp-row .sp-pcp-col-xl-8 {flex: 1 1 calc( 12.5% - 20px);}}@media (max-width: 1200px) {.sp-pcp-row .sp-pcp-col-lg-1 {flex: 0 0 100%;}.sp-pcp-row .sp-pcp-col-lg-2 {flex: 1 1 calc( 50% - 20px);}.sp-pcp-row .sp-pcp-col-lg-3 {flex: 1 1 calc( 33.333% - 20px);}.sp-pcp-row .sp-pcp-col-lg-4 {flex: 1 1 calc( 25% - 20px);}.sp-pcp-row .sp-pcp-col-lg-5 { flex: 1 1 calc( 20% - 20px);}.sp-pcp-row .sp-pcp-col-lg-6 {flex: 1 1 calc( 16.66666666666667% - 20px);}.sp-pcp-row .sp-pcp-col-lg-7 {flex: 1 1 calc( 14.28571428% - 20px);}.sp-pcp-row .sp-pcp-col-lg-8 {flex: 1 1 calc( 12.5% - 20px);}}@media (max-width: 992px) {.sp-pcp-row .sp-pcp-col-md-1 {flex: 0 0 100%;}.sp-pcp-row .sp-pcp-col-md-2 {flex: 1 1 calc( 50% - 20px);}.sp-pcp-row .sp-pcp-col-md-2-5 {flex: 0 0 75%;}.sp-pcp-row .sp-pcp-col-md-3 {flex: 1 1 calc( 33.333% - 20px);}.sp-pcp-row .sp-pcp-col-md-4 {flex: 1 1 calc( 25% - 20px);}.sp-pcp-row .sp-pcp-col-md-5 { flex: 1 1 calc( 20% - 20px);}.sp-pcp-row .sp-pcp-col-md-6 {flex: 1 1 calc( 16.66666666666667% - 20px);}.sp-pcp-row .sp-pcp-col-md-7 {flex: 1 1 calc( 14.28571428% - 20px);}.sp-pcp-row .sp-pcp-col-md-8 {flex: 1 1 calc( 12.5% - 20px);}}@media (max-width: 768px) {.sp-pcp-row .sp-pcp-col-sm-1 {flex: 0 0 100%;}.sp-pcp-row .sp-pcp-col-sm-2 {flex: 1 1 calc( 50% - 20px);}.sp-pcp-row .sp-pcp-col-sm-2-5 {flex: 0 0 75%;}.sp-pcp-row .sp-pcp-col-sm-3 {flex: 1 1 calc( 33.333% - 20px);}.sp-pcp-row .sp-pcp-col-sm-4 {flex: 1 1 calc( 25% - 20px);}.sp-pcp-row .sp-pcp-col-sm-5 { flex: 1 1 calc( 20% - 20px);}.sp-pcp-row .sp-pcp-col-sm-6 {flex: 1 1 calc( 16.66666666666667% - 20px);}.sp-pcp-row .sp-pcp-col-sm-7 {flex: 1 1 calc( 14.28571428% - 20px);}.sp-pcp-row .sp-pcp-col-sm-8 {flex: 1 1 calc( 12.5% - 20px);}}@media (max-width: 420px) {.sp-pcp-row .sp-pcp-col-xs-1 {flex: 0 0 100%;}.sp-pcp-row .sp-pcp-col-xs-2 {flex: 1 1 calc( 50% - 20px);}.sp-pcp-row .sp-pcp-col-xs-3 {flex: 1 1 calc( 33.333% - 20px);}.sp-pcp-row .sp-pcp-col-xs-4 {flex: 1 1 calc( 25% - 20px);}.sp-pcp-row .sp-pcp-col-xs-5 { flex: 1 1 calc( 20% - 20px);}.sp-pcp-row .sp-pcp-col-xs-6 {flex: 1 1 calc( 16.66666666666667% - 20px);}.sp-pcp-row .sp-pcp-col-xs-7 {flex: 1 1 calc( 14.28571428% - 20px);}.sp-pcp-row .sp-pcp-col-xs-8 {flex: 1 1 calc( 12.5% - 20px);}}<\/style><!-- Markup Starts -->\n<div id=\"pcp_wrapper-3314\" class=\"sp-pcp-section sp-pcp-container pcp-wrapper-3314 pcp-carousel-wrapper standard sp-carousel_layout\" data-sid=\"3314\">\n\t<div id=\"sp-pcp-id-3314\" class=\"swiper-container sp-pcp-carousel top_right\" dir=\"ltr\" data-carousel='{ \"speed\":600, \"items\":3, \"spaceBetween\":20, \"dynamicBullets\": false, \"navigation\":true, \"pagination\": true, \"autoplay\": true, \"autoplay_speed\": 2000, \"loop\": true, \"autoHeight\": false, \"lazy\":  true, \"simulateTouch\": true, \"freeMode\": false, \"slider_mouse_wheel\": false,\"allowTouchMove\": true, \"slidesPerView\": {\"lg_desktop\": 3, \"desktop\": 3, \"tablet\": 2, \"mobile_landscape\": 1, \"mobile\": 1}, \"navigation_mobile\": true, \"pagination_mobile\": true, \"stop_onHover\": true, \"enabled\": true, \"prevSlideMessage\": \"Previous slide\", \"nextSlideMessage\": \"Next slide\", \"firstSlideMessage\": \"This is the first slide\", \"lastSlideMessage\": \"This is the last slide\", \"keyboard\": \"true\", \"paginationBulletMessage\": \"Go to slide {{index}}\" }'>\n\t\t\t<div class=\"swiper-wrapper\">\n\t\t\t\t\t\t<div class=\" swiper-slide swiper-lazy\">\n\t\t\t<div class=\"sp-pcp-post default pcp-item-35918\" data-id=\"35918\">\n\t\t\t\t\t\t\t\t<div class=\"pcp-post-thumb-wrapper\">\n\t\t\t\t\t<div class=\"sp-pcp-post-thumb-area\">\n\t\t\t\t\t\t\t\t\t\t\t\t<a class=\"sp-pcp-thumb\" href=\"https:\/\/agencia.unq.edu.ar\/?p=35918\" target=\"_self\" >\n\t\t\t\t\t\t\t\t\t\t\t\t\t<img loading=\"lazy\" decoding=\"async\" src=\"https:\/\/agencia.unq.edu.ar\/wp-content\/uploads\/2026\/04\/salud-digital-principal.jpg\" width=\"1040\" height=\"420\" alt=\"La salud digital apareci\u00f3 durante la pandemia y lleg\u00f3 para quedarse (imagen: pro.campus.sanofi)\">\n\t\t\t\t\t\t<\/a>\n\t\t\t\t\t<\/div>\n\t\t\t\t<\/div>\n\t\t\t\t\t\t\t\t<div class=\"sp-pcp-post-details\">\n\t\t\t\t\t<div class=\"sp-pcp-post-details-content\">\n\t\t\t\t\t\t\t\t<h4 class=\"sp-pcp-title\">\n\t\t\t\t\t\t\t\t\t<a href=\"https:\/\/agencia.unq.edu.ar\/?p=35918\"  target=\"_self\">La medicina del futuro ya lleg\u00f3 y ser\u00e1 h\u00edbrida<\/a>\t\t\t\t\t\t\t<\/h4>\n\t\t\t\t\t\t\t\t\t<\/div>\n\t\t\t\t<\/div>\n\t\t\t<\/div>\n\t\t<\/div>\n\t\t\t\t<div class=\" swiper-slide swiper-lazy\">\n\t\t\t<div class=\"sp-pcp-post default pcp-item-35911\" data-id=\"35911\">\n\t\t\t\t\t\t\t\t<div class=\"pcp-post-thumb-wrapper\">\n\t\t\t\t\t<div class=\"sp-pcp-post-thumb-area\">\n\t\t\t\t\t\t\t\t\t\t\t\t<a class=\"sp-pcp-thumb\" href=\"https:\/\/agencia.unq.edu.ar\/?p=35911\" target=\"_self\" >\n\t\t\t\t\t\t\t\t\t\t\t\t\t<img loading=\"lazy\" decoding=\"async\" src=\"https:\/\/agencia.unq.edu.ar\/wp-content\/uploads\/2026\/04\/Infartos-unsam-escaner.jpg\" width=\"1040\" height=\"420\" alt=\"El esc\u00e1ner digitaliza el electrocardiograma y la IA da los resultados en segundos. Cr\u00e9ditos: UNSAM.\">\n\t\t\t\t\t\t<\/a>\n\t\t\t\t\t<\/div>\n\t\t\t\t<\/div>\n\t\t\t\t\t\t\t\t<div class=\"sp-pcp-post-details\">\n\t\t\t\t\t<div class=\"sp-pcp-post-details-content\">\n\t\t\t\t\t\t\t\t<h4 class=\"sp-pcp-title\">\n\t\t\t\t\t\t\t\t\t<a href=\"https:\/\/agencia.unq.edu.ar\/?p=35911\"  target=\"_self\">Cardiotrace: la UNSAM desarrolla un esc\u00e1ner con IA que ayuda a prevenir infartos<\/a>\t\t\t\t\t\t\t<\/h4>\n\t\t\t\t\t\t\t\t\t<\/div>\n\t\t\t\t<\/div>\n\t\t\t<\/div>\n\t\t<\/div>\n\t\t\t\t<div class=\" swiper-slide swiper-lazy\">\n\t\t\t<div class=\"sp-pcp-post default pcp-item-35885\" data-id=\"35885\">\n\t\t\t\t\t\t\t\t<div class=\"pcp-post-thumb-wrapper\">\n\t\t\t\t\t<div class=\"sp-pcp-post-thumb-area\">\n\t\t\t\t\t\t\t\t\t\t\t\t<a class=\"sp-pcp-thumb\" href=\"https:\/\/agencia.unq.edu.ar\/?p=35885\" target=\"_self\" >\n\t\t\t\t\t\t\t\t\t\t\t\t\t<img loading=\"lazy\" decoding=\"async\" src=\"https:\/\/agencia.unq.edu.ar\/wp-content\/uploads\/2026\/04\/andar-en-bici.jpg\" width=\"1040\" height=\"420\" alt=\"El equilibrio sobre dos ruedas no depende de los m\u00fasculos, sino de circuitos cerebrales que guardan movimientos practicados. Cr\u00e9ditos: Mayormente.\">\n\t\t\t\t\t\t<\/a>\n\t\t\t\t\t<\/div>\n\t\t\t\t<\/div>\n\t\t\t\t\t\t\t\t<div class=\"sp-pcp-post-details\">\n\t\t\t\t\t<div class=\"sp-pcp-post-details-content\">\n\t\t\t\t\t\t\t\t<h4 class=\"sp-pcp-title\">\n\t\t\t\t\t\t\t\t\t<a href=\"https:\/\/agencia.unq.edu.ar\/?p=35885\"  target=\"_self\">\u00bfPor qu\u00e9 nunca se olvida andar en bicicleta?<\/a>\t\t\t\t\t\t\t<\/h4>\n\t\t\t\t\t\t\t\t\t<\/div>\n\t\t\t\t<\/div>\n\t\t\t<\/div>\n\t\t<\/div>\n\t\t\t\t<div class=\" swiper-slide swiper-lazy\">\n\t\t\t<div class=\"sp-pcp-post default pcp-item-35843\" data-id=\"35843\">\n\t\t\t\t\t\t\t\t<div class=\"pcp-post-thumb-wrapper\">\n\t\t\t\t\t<div class=\"sp-pcp-post-thumb-area\">\n\t\t\t\t\t\t\t\t\t\t\t\t<a class=\"sp-pcp-thumb\" href=\"https:\/\/agencia.unq.edu.ar\/?p=35843\" target=\"_self\" >\n\t\t\t\t\t\t\t\t\t\t\t\t\t<img loading=\"lazy\" decoding=\"async\" src=\"https:\/\/agencia.unq.edu.ar\/wp-content\/uploads\/2026\/04\/Alzheimer-demencia.jpg\" width=\"1040\" height=\"420\" alt=\"La demencia es la s\u00e9ptima causa de defunci\u00f3n en todo el mundo. Cr\u00e9ditos: Centro M\u00e9dico ABC.\">\n\t\t\t\t\t\t<\/a>\n\t\t\t\t\t<\/div>\n\t\t\t\t<\/div>\n\t\t\t\t\t\t\t\t<div class=\"sp-pcp-post-details\">\n\t\t\t\t\t<div class=\"sp-pcp-post-details-content\">\n\t\t\t\t\t\t\t\t<h4 class=\"sp-pcp-title\">\n\t\t\t\t\t\t\t\t\t<a href=\"https:\/\/agencia.unq.edu.ar\/?p=35843\"  target=\"_self\">Hacer 150 minutos de actividad f\u00edsica y dormir ocho horas reduce el riesgo de demencia<\/a>\t\t\t\t\t\t\t<\/h4>\n\t\t\t\t\t\t\t\t\t<\/div>\n\t\t\t\t<\/div>\n\t\t\t<\/div>\n\t\t<\/div>\n\t\t\t\t<div class=\" swiper-slide swiper-lazy\">\n\t\t\t<div class=\"sp-pcp-post default pcp-item-35798\" data-id=\"35798\">\n\t\t\t\t\t\t\t\t<div class=\"pcp-post-thumb-wrapper\">\n\t\t\t\t\t<div class=\"sp-pcp-post-thumb-area\">\n\t\t\t\t\t\t\t\t\t\t\t\t<a class=\"sp-pcp-thumb\" href=\"https:\/\/agencia.unq.edu.ar\/?p=35798\" target=\"_self\" >\n\t\t\t\t\t\t\t\t\t\t\t\t\t<img loading=\"lazy\" decoding=\"async\" src=\"https:\/\/agencia.unq.edu.ar\/wp-content\/uploads\/2026\/04\/desconexion.jpg\" width=\"1040\" height=\"420\" alt=\"Algunos usuarios reportan alivio tras cerrar sus cuentas; otros sienten m\u00e1s soledad o reemplazan una app por otra igual de absorbente. Cr\u00e9dito: Unplash.\">\n\t\t\t\t\t\t<\/a>\n\t\t\t\t\t<\/div>\n\t\t\t\t<\/div>\n\t\t\t\t\t\t\t\t<div class=\"sp-pcp-post-details\">\n\t\t\t\t\t<div class=\"sp-pcp-post-details-content\">\n\t\t\t\t\t\t\t\t<h4 class=\"sp-pcp-title\">\n\t\t\t\t\t\t\t\t\t<a href=\"https:\/\/agencia.unq.edu.ar\/?p=35798\"  target=\"_self\">\u00bfDejar las redes sociales mejora la salud mental?<\/a>\t\t\t\t\t\t\t<\/h4>\n\t\t\t\t\t\t\t\t\t<\/div>\n\t\t\t\t<\/div>\n\t\t\t<\/div>\n\t\t<\/div>\n\t\t\t\t<div class=\" swiper-slide swiper-lazy\">\n\t\t\t<div class=\"sp-pcp-post default pcp-item-35761\" data-id=\"35761\">\n\t\t\t\t\t\t\t\t<div class=\"pcp-post-thumb-wrapper\">\n\t\t\t\t\t<div class=\"sp-pcp-post-thumb-area\">\n\t\t\t\t\t\t\t\t\t\t\t\t<a class=\"sp-pcp-thumb\" href=\"https:\/\/agencia.unq.edu.ar\/?p=35761\" target=\"_self\" >\n\t\t\t\t\t\t\t\t\t\t\t\t\t<img loading=\"lazy\" decoding=\"async\" src=\"https:\/\/agencia.unq.edu.ar\/wp-content\/uploads\/2026\/04\/Cigarrillo-Reino-Unido-Tabaco.jpg\" width=\"1040\" height=\"420\" alt=\"Mujer fumando un cigarrillo.\">\n\t\t\t\t\t\t<\/a>\n\t\t\t\t\t<\/div>\n\t\t\t\t<\/div>\n\t\t\t\t\t\t\t\t<div class=\"sp-pcp-post-details\">\n\t\t\t\t\t<div class=\"sp-pcp-post-details-content\">\n\t\t\t\t\t\t\t\t<h4 class=\"sp-pcp-title\">\n\t\t\t\t\t\t\t\t\t<a href=\"https:\/\/agencia.unq.edu.ar\/?p=35761\"  target=\"_self\">Hacia una generaci\u00f3n libre de humo: Reino Unido proh\u00edbe el tabaco a los nacidos a partir de 2009\u00a0<\/a>\t\t\t\t\t\t\t<\/h4>\n\t\t\t\t\t\t\t\t\t<\/div>\n\t\t\t\t<\/div>\n\t\t\t<\/div>\n\t\t<\/div>\n\t\t\t\t<div class=\" swiper-slide swiper-lazy\">\n\t\t\t<div class=\"sp-pcp-post default pcp-item-35734\" data-id=\"35734\">\n\t\t\t\t\t\t\t\t<div class=\"pcp-post-thumb-wrapper\">\n\t\t\t\t\t<div class=\"sp-pcp-post-thumb-area\">\n\t\t\t\t\t\t\t\t\t\t\t\t<a class=\"sp-pcp-thumb\" href=\"https:\/\/agencia.unq.edu.ar\/?p=35734\" target=\"_self\" >\n\t\t\t\t\t\t\t\t\t\t\t\t\t<img loading=\"lazy\" decoding=\"async\" src=\"https:\/\/agencia.unq.edu.ar\/wp-content\/uploads\/2026\/04\/Homepatia-principal.jpg\" width=\"1040\" height=\"420\" alt=\"El informe espa\u00f1ol revive la pol\u00e9mica respecto de la homeopat\u00eda (imagen: todoorl.net)\">\n\t\t\t\t\t\t<\/a>\n\t\t\t\t\t<\/div>\n\t\t\t\t<\/div>\n\t\t\t\t\t\t\t\t<div class=\"sp-pcp-post-details\">\n\t\t\t\t\t<div class=\"sp-pcp-post-details-content\">\n\t\t\t\t\t\t\t\t<h4 class=\"sp-pcp-title\">\n\t\t\t\t\t\t\t\t\t<a href=\"https:\/\/agencia.unq.edu.ar\/?p=35734\"  target=\"_self\">Homeopat\u00eda bajo la lupa: un informe en Espa\u00f1a descarta su eficacia y reabre el debate<\/a>\t\t\t\t\t\t\t<\/h4>\n\t\t\t\t\t\t\t\t\t<\/div>\n\t\t\t\t<\/div>\n\t\t\t<\/div>\n\t\t<\/div>\n\t\t\t\t<div class=\" swiper-slide swiper-lazy\">\n\t\t\t<div class=\"sp-pcp-post default pcp-item-35668\" data-id=\"35668\">\n\t\t\t\t\t\t\t\t<div class=\"pcp-post-thumb-wrapper\">\n\t\t\t\t\t<div class=\"sp-pcp-post-thumb-area\">\n\t\t\t\t\t\t\t\t\t\t\t\t<a class=\"sp-pcp-thumb\" href=\"https:\/\/agencia.unq.edu.ar\/?p=35668\" target=\"_self\" >\n\t\t\t\t\t\t\t\t\t\t\t\t\t<img loading=\"lazy\" decoding=\"async\" src=\"https:\/\/agencia.unq.edu.ar\/wp-content\/uploads\/2026\/04\/Higado-graso.jpg\" width=\"1040\" height=\"420\" alt=\"Cr\u00e9ditos: Actualidad m\u00e9dica.\">\n\t\t\t\t\t\t<\/a>\n\t\t\t\t\t<\/div>\n\t\t\t\t<\/div>\n\t\t\t\t\t\t\t\t<div class=\"sp-pcp-post-details\">\n\t\t\t\t\t<div class=\"sp-pcp-post-details-content\">\n\t\t\t\t\t\t\t\t<h4 class=\"sp-pcp-title\">\n\t\t\t\t\t\t\t\t\t<a href=\"https:\/\/agencia.unq.edu.ar\/?p=35668\"  target=\"_self\">H\u00edgado graso no alcoh\u00f3lico: el problema silencioso que desaf\u00eda a la salud p\u00fablica<\/a>\t\t\t\t\t\t\t<\/h4>\n\t\t\t\t\t\t\t\t\t<\/div>\n\t\t\t\t<\/div>\n\t\t\t<\/div>\n\t\t<\/div>\n\t\t\t\t<div class=\" swiper-slide swiper-lazy\">\n\t\t\t<div class=\"sp-pcp-post default pcp-item-35610\" data-id=\"35610\">\n\t\t\t\t\t\t\t\t<div class=\"pcp-post-thumb-wrapper\">\n\t\t\t\t\t<div class=\"sp-pcp-post-thumb-area\">\n\t\t\t\t\t\t\t\t\t\t\t\t<a class=\"sp-pcp-thumb\" href=\"https:\/\/agencia.unq.edu.ar\/?p=35610\" target=\"_self\" >\n\t\t\t\t\t\t\t\t\t\t\t\t\t<img loading=\"lazy\" decoding=\"async\" src=\"https:\/\/agencia.unq.edu.ar\/wp-content\/uploads\/2026\/04\/iPiccy-img-5.jpg\" width=\"1040\" height=\"420\" alt=\"Cr\u00e9ditos: Osten Clinic.\">\n\t\t\t\t\t\t<\/a>\n\t\t\t\t\t<\/div>\n\t\t\t\t<\/div>\n\t\t\t\t\t\t\t\t<div class=\"sp-pcp-post-details\">\n\t\t\t\t\t<div class=\"sp-pcp-post-details-content\">\n\t\t\t\t\t\t\t\t<h4 class=\"sp-pcp-title\">\n\t\t\t\t\t\t\t\t\t<a href=\"https:\/\/agencia.unq.edu.ar\/?p=35610\"  target=\"_self\">Un estudio sugiere que la contaminaci\u00f3n atmosf\u00e9rica puede aumentar las crisis de migra\u00f1a<\/a>\t\t\t\t\t\t\t<\/h4>\n\t\t\t\t\t\t\t\t\t<\/div>\n\t\t\t\t<\/div>\n\t\t\t<\/div>\n\t\t<\/div>\n\t\t\t\t<div class=\" swiper-slide swiper-lazy\">\n\t\t\t<div class=\"sp-pcp-post default pcp-item-35611\" data-id=\"35611\">\n\t\t\t\t\t\t\t\t<div class=\"pcp-post-thumb-wrapper\">\n\t\t\t\t\t<div class=\"sp-pcp-post-thumb-area\">\n\t\t\t\t\t\t\t\t\t\t\t\t<a class=\"sp-pcp-thumb\" href=\"https:\/\/agencia.unq.edu.ar\/?p=35611\" target=\"_self\" >\n\t\t\t\t\t\t\t\t\t\t\t\t\t<img loading=\"lazy\" decoding=\"async\" src=\"https:\/\/agencia.unq.edu.ar\/wp-content\/uploads\/2026\/04\/soledad-y-corazon.jpg\" width=\"1040\" height=\"420\" alt=\"\">\n\t\t\t\t\t\t<\/a>\n\t\t\t\t\t<\/div>\n\t\t\t\t<\/div>\n\t\t\t\t\t\t\t\t<div class=\"sp-pcp-post-details\">\n\t\t\t\t\t<div class=\"sp-pcp-post-details-content\">\n\t\t\t\t\t\t\t\t<h4 class=\"sp-pcp-title\">\n\t\t\t\t\t\t\t\t\t<a href=\"https:\/\/agencia.unq.edu.ar\/?p=35611\"  target=\"_self\">La soledad puede aumentar el riesgo de enfermedades del coraz\u00f3n<\/a>\t\t\t\t\t\t\t<\/h4>\n\t\t\t\t\t\t\t\t\t<\/div>\n\t\t\t\t<\/div>\n\t\t\t<\/div>\n\t\t<\/div>\n\t\t\t\t<div class=\" swiper-slide swiper-lazy\">\n\t\t\t<div class=\"sp-pcp-post default pcp-item-35399\" data-id=\"35399\">\n\t\t\t\t\t\t\t\t<div class=\"pcp-post-thumb-wrapper\">\n\t\t\t\t\t<div class=\"sp-pcp-post-thumb-area\">\n\t\t\t\t\t\t\t\t\t\t\t\t<a class=\"sp-pcp-thumb\" href=\"https:\/\/agencia.unq.edu.ar\/?p=35399\" target=\"_self\" >\n\t\t\t\t\t\t\t\t\t\t\t\t\t<img loading=\"lazy\" decoding=\"async\" src=\"https:\/\/agencia.unq.edu.ar\/wp-content\/uploads\/2026\/04\/2026-04-07-jarne.jpg\" width=\"504\" height=\"204\" alt=\"La investigadora Cecilia Jarne del Departamento de Ciencia y Tecnolog\u00eda de la Universidad Nacional de Quilmes\">\n\t\t\t\t\t\t<\/a>\n\t\t\t\t\t<\/div>\n\t\t\t\t<\/div>\n\t\t\t\t\t\t\t\t<div class=\"sp-pcp-post-details\">\n\t\t\t\t\t<div class=\"sp-pcp-post-details-content\">\n\t\t\t\t\t\t\t\t<h4 class=\"sp-pcp-title\">\n\t\t\t\t\t\t\t\t\t<a href=\"https:\/\/agencia.unq.edu.ar\/?p=35399\"  target=\"_self\">Cient\u00edfica de la UNQ revela c\u00f3mo el entorno influye en el envejecimiento cerebral<\/a>\t\t\t\t\t\t\t<\/h4>\n\t\t\t\t\t\t\t\t\t<\/div>\n\t\t\t\t<\/div>\n\t\t\t<\/div>\n\t\t<\/div>\n\t\t\t\t<div class=\" swiper-slide swiper-lazy\">\n\t\t\t<div class=\"sp-pcp-post default pcp-item-35378\" data-id=\"35378\">\n\t\t\t\t\t\t\t\t<div class=\"pcp-post-thumb-wrapper\">\n\t\t\t\t\t<div class=\"sp-pcp-post-thumb-area\">\n\t\t\t\t\t\t\t\t\t\t\t\t<a class=\"sp-pcp-thumb\" href=\"https:\/\/agencia.unq.edu.ar\/?p=35378\" target=\"_self\" >\n\t\t\t\t\t\t\t\t\t\t\t\t\t<img loading=\"lazy\" decoding=\"async\" src=\"https:\/\/agencia.unq.edu.ar\/wp-content\/uploads\/2026\/04\/iPiccy-img-3.jpg\" width=\"1040\" height=\"420\" alt=\"Cr\u00e9ditos: Instituto de Salud Global de Barcelona.\">\n\t\t\t\t\t\t<\/a>\n\t\t\t\t\t<\/div>\n\t\t\t\t<\/div>\n\t\t\t\t\t\t\t\t<div class=\"sp-pcp-post-details\">\n\t\t\t\t\t<div class=\"sp-pcp-post-details-content\">\n\t\t\t\t\t\t\t\t<h4 class=\"sp-pcp-title\">\n\t\t\t\t\t\t\t\t\t<a href=\"https:\/\/agencia.unq.edu.ar\/?p=35378\"  target=\"_self\">Antibi\u00f3ticos impactan en el microbioma intestinal hasta ocho a\u00f1os despu\u00e9s del tratamiento<\/a>\t\t\t\t\t\t\t<\/h4>\n\t\t\t\t\t\t\t\t\t<\/div>\n\t\t\t\t<\/div>\n\t\t\t<\/div>\n\t\t<\/div>\n\t\t\t\t<div class=\" swiper-slide swiper-lazy\">\n\t\t\t<div class=\"sp-pcp-post default pcp-item-35346\" data-id=\"35346\">\n\t\t\t\t\t\t\t\t<div class=\"pcp-post-thumb-wrapper\">\n\t\t\t\t\t<div class=\"sp-pcp-post-thumb-area\">\n\t\t\t\t\t\t\t\t\t\t\t\t<a class=\"sp-pcp-thumb\" href=\"https:\/\/agencia.unq.edu.ar\/?p=35346\" target=\"_self\" >\n\t\t\t\t\t\t\t\t\t\t\t\t\t<img loading=\"lazy\" decoding=\"async\" src=\"https:\/\/agencia.unq.edu.ar\/wp-content\/uploads\/2026\/04\/Torres-principal.jpg\" width=\"1040\" height=\"420\" alt=\"En el encuentro se sumaron representantes de diversas organizaciones (imagen cedida por German Torres)\">\n\t\t\t\t\t\t<\/a>\n\t\t\t\t\t<\/div>\n\t\t\t\t<\/div>\n\t\t\t\t\t\t\t\t<div class=\"sp-pcp-post-details\">\n\t\t\t\t\t<div class=\"sp-pcp-post-details-content\">\n\t\t\t\t\t\t\t\t<h4 class=\"sp-pcp-title\">\n\t\t\t\t\t\t\t\t\t<a href=\"https:\/\/agencia.unq.edu.ar\/?p=35346\"  target=\"_self\">Un investigador de la UNQ particip\u00f3 en el debate internacional sobre la ESI en tiempos de desinformaci\u00f3n<\/a>\t\t\t\t\t\t\t<\/h4>\n\t\t\t\t\t\t\t\t\t<\/div>\n\t\t\t\t<\/div>\n\t\t\t<\/div>\n\t\t<\/div>\n\t\t\t\t<div class=\" swiper-slide swiper-lazy\">\n\t\t\t<div class=\"sp-pcp-post default pcp-item-35237\" data-id=\"35237\">\n\t\t\t\t\t\t\t\t<div class=\"pcp-post-thumb-wrapper\">\n\t\t\t\t\t<div class=\"sp-pcp-post-thumb-area\">\n\t\t\t\t\t\t\t\t\t\t\t\t<a class=\"sp-pcp-thumb\" href=\"https:\/\/agencia.unq.edu.ar\/?p=35237\" target=\"_self\" >\n\t\t\t\t\t\t\t\t\t\t\t\t\t<img loading=\"lazy\" decoding=\"async\" src=\"https:\/\/agencia.unq.edu.ar\/wp-content\/uploads\/2026\/03\/Clitoris-1.jpg\" width=\"1040\" height=\"420\" alt=\"Mapa de nervios del cl\u00edtoris. Cr\u00e9ditos: Art\u00edculo de investigaci\u00f3n.\">\n\t\t\t\t\t\t<\/a>\n\t\t\t\t\t<\/div>\n\t\t\t\t<\/div>\n\t\t\t\t\t\t\t\t<div class=\"sp-pcp-post-details\">\n\t\t\t\t\t<div class=\"sp-pcp-post-details-content\">\n\t\t\t\t\t\t\t\t<h4 class=\"sp-pcp-title\">\n\t\t\t\t\t\t\t\t\t<a href=\"https:\/\/agencia.unq.edu.ar\/?p=35237\"  target=\"_self\">Anatom\u00eda oculta: cient\u00edficas logran construir el primer mapa 3D de los nervios del cl\u00edtoris<\/a>\t\t\t\t\t\t\t<\/h4>\n\t\t\t\t\t\t\t\t\t<\/div>\n\t\t\t\t<\/div>\n\t\t\t<\/div>\n\t\t<\/div>\n\t\t\t\t<div class=\" swiper-slide swiper-lazy\">\n\t\t\t<div class=\"sp-pcp-post default pcp-item-35066\" data-id=\"35066\">\n\t\t\t\t\t\t\t\t<div class=\"pcp-post-thumb-wrapper\">\n\t\t\t\t\t<div class=\"sp-pcp-post-thumb-area\">\n\t\t\t\t\t\t\t\t\t\t\t\t<a class=\"sp-pcp-thumb\" href=\"https:\/\/agencia.unq.edu.ar\/?p=35066\" target=\"_self\" >\n\t\t\t\t\t\t\t\t\t\t\t\t\t<img loading=\"lazy\" decoding=\"async\" src=\"https:\/\/agencia.unq.edu.ar\/wp-content\/uploads\/2026\/03\/pexels-1.jpg\" width=\"1040\" height=\"420\" alt=\"El h\u00e1bito de llevar el celular al ba\u00f1o queda bajo la lupa de la ciencia. Cr\u00e9ditos: Pexels.\">\n\t\t\t\t\t\t<\/a>\n\t\t\t\t\t<\/div>\n\t\t\t\t<\/div>\n\t\t\t\t\t\t\t\t<div class=\"sp-pcp-post-details\">\n\t\t\t\t\t<div class=\"sp-pcp-post-details-content\">\n\t\t\t\t\t\t\t\t<h4 class=\"sp-pcp-title\">\n\t\t\t\t\t\t\t\t\t<a href=\"https:\/\/agencia.unq.edu.ar\/?p=35066\"  target=\"_self\">Quedarse con el celular en el inodoro podr\u00eda aumentar el riesgo de hemorroides<\/a>\t\t\t\t\t\t\t<\/h4>\n\t\t\t\t\t\t\t\t\t<\/div>\n\t\t\t\t<\/div>\n\t\t\t<\/div>\n\t\t<\/div>\n\t\t\t\t<div class=\" swiper-slide swiper-lazy\">\n\t\t\t<div class=\"sp-pcp-post default pcp-item-34805\" data-id=\"34805\">\n\t\t\t\t\t\t\t\t<div class=\"pcp-post-thumb-wrapper\">\n\t\t\t\t\t<div class=\"sp-pcp-post-thumb-area\">\n\t\t\t\t\t\t\t\t\t\t\t\t<a class=\"sp-pcp-thumb\" href=\"https:\/\/agencia.unq.edu.ar\/?p=34805\" target=\"_self\" >\n\t\t\t\t\t\t\t\t\t\t\t\t\t<img loading=\"lazy\" decoding=\"async\" src=\"https:\/\/agencia.unq.edu.ar\/wp-content\/uploads\/2026\/03\/musica-y-ansiedad-pexels.jpg\" width=\"1040\" height=\"420\" alt=\"Cient\u00edficos compararon 12, 24 y 36 minutos de escucha; el efecto m\u00e1s fuerte apareci\u00f3 a los 24, con menos tensi\u00f3n y menor malestar emocional. Cr\u00e9dito: Pexels.\">\n\t\t\t\t\t\t<\/a>\n\t\t\t\t\t<\/div>\n\t\t\t\t<\/div>\n\t\t\t\t\t\t\t\t<div class=\"sp-pcp-post-details\">\n\t\t\t\t\t<div class=\"sp-pcp-post-details-content\">\n\t\t\t\t\t\t\t\t<h4 class=\"sp-pcp-title\">\n\t\t\t\t\t\t\t\t\t<a href=\"https:\/\/agencia.unq.edu.ar\/?p=34805\"  target=\"_self\">Cuando la cabeza no para, la m\u00fasica puede dar una mano<\/a>\t\t\t\t\t\t\t<\/h4>\n\t\t\t\t\t\t\t\t\t<\/div>\n\t\t\t\t<\/div>\n\t\t\t<\/div>\n\t\t<\/div>\n\t\t\t\t\t<\/div>\n\t\t\t\t\t\t<div class=\"pcp-pagination swiper-pagination dots\"><\/div>\n\t\t\t\t\t\t\t\t\t\t<div class=\"pcp-button-next swiper-button-next top_right\"><i class=\"fa fa-angle-right\"><\/i><\/div>\n\t\t\t\t<div class=\"pcp-button-prev swiper-button-prev top_right\"><i class=\"fa fa-angle-left\"><\/i><\/div>\t<\/div>\n<\/div>\n\n\n\n\n<hr class=\"wp-block-separator has-text-color has-css-opacity has-background is-style-wide\" style=\"background-color:#fea50e;color:#fea50e\"\/>\n\n\n\n<p class=\"has-vivid-green-cyan-color has-text-color\"><\/p>\n","protected":false},"excerpt":{"rendered":"<p>La directora de la flamante Unidad de Aplicaciones Biotecnol\u00f3gicas para la Salud, explica c\u00f3mo se origin\u00f3 el espacio y cu\u00e1les son sus objetivos.<\/p>\n","protected":false},"author":7,"featured_media":5598,"comment_status":"closed","ping_status":"closed","sticky":false,"template":"","format":"standard","meta":{"_uag_custom_page_level_css":"","_monsterinsights_skip_tracking":false,"_monsterinsights_sitenote_active":false,"_monsterinsights_sitenote_note":"","_monsterinsights_sitenote_category":0,"site-sidebar-layout":"default","site-content-layout":"","ast-site-content-layout":"default","site-content-style":"default","site-sidebar-style":"default","ast-global-header-display":"","ast-banner-title-visibility":"","ast-main-header-display":"","ast-hfb-above-header-display":"","ast-hfb-below-header-display":"","ast-hfb-mobile-header-display":"","site-post-title":"","ast-breadcrumbs-content":"","ast-featured-img":"","footer-sml-layout":"","ast-disable-related-posts":"","theme-transparent-header-meta":"","adv-header-id-meta":"","stick-header-meta":"","header-above-stick-meta":"","header-main-stick-meta":"","header-below-stick-meta":"","astra-migrate-meta-layouts":"default","ast-page-background-enabled":"default","ast-page-background-meta":{"desktop":{"background-color":"var(--ast-global-color-4)","background-image":"","background-repeat":"repeat","background-position":"center center","background-size":"auto","background-attachment":"scroll","background-type":"","background-media":"","overlay-type":"","overlay-color":"","overlay-opacity":"","overlay-gradient":""},"tablet":{"background-color":"","background-image":"","background-repeat":"repeat","background-position":"center center","background-size":"auto","background-attachment":"scroll","background-type":"","background-media":"","overlay-type":"","overlay-color":"","overlay-opacity":"","overlay-gradient":""},"mobile":{"background-color":"","background-image":"","background-repeat":"repeat","background-position":"center center","background-size":"auto","background-attachment":"scroll","background-type":"","background-media":"","overlay-type":"","overlay-color":"","overlay-opacity":"","overlay-gradient":""}},"ast-content-background-meta":{"desktop":{"background-color":"var(--ast-global-color-5)","background-image":"","background-repeat":"repeat","background-position":"center center","background-size":"auto","background-attachment":"scroll","background-type":"","background-media":"","overlay-type":"","overlay-color":"","overlay-opacity":"","overlay-gradient":""},"tablet":{"background-color":"var(--ast-global-color-5)","background-image":"","background-repeat":"repeat","background-position":"center center","background-size":"auto","background-attachment":"scroll","background-type":"","background-media":"","overlay-type":"","overlay-color":"","overlay-opacity":"","overlay-gradient":""},"mobile":{"background-color":"var(--ast-global-color-5)","background-image":"","background-repeat":"repeat","background-position":"center center","background-size":"auto","background-attachment":"scroll","background-type":"","background-media":"","overlay-type":"","overlay-color":"","overlay-opacity":"","overlay-gradient":""}},"footnotes":""},"categories":[16,9],"tags":[267],"class_list":["post-5034","post","type-post","status-publish","format-standard","has-post-thumbnail","hentry","category-noticia-destacada","category-salud","tag-psb"],"aioseo_notices":[],"uagb_featured_image_src":{"full":["https:\/\/agencia.unq.edu.ar\/wp-content\/uploads\/2022\/07\/sandra-reemplazo-2.jpg",1040,420,false],"thumbnail":["https:\/\/agencia.unq.edu.ar\/wp-content\/uploads\/2022\/07\/sandra-reemplazo-2.jpg",150,61,false],"medium":["https:\/\/agencia.unq.edu.ar\/wp-content\/uploads\/2022\/07\/sandra-reemplazo-2.jpg",960,388,false],"medium_large":["https:\/\/agencia.unq.edu.ar\/wp-content\/uploads\/2022\/07\/sandra-reemplazo-2.jpg",768,310,false],"large":["https:\/\/agencia.unq.edu.ar\/wp-content\/uploads\/2022\/07\/sandra-reemplazo-2.jpg",1040,420,false],"1536x1536":["https:\/\/agencia.unq.edu.ar\/wp-content\/uploads\/2022\/07\/sandra-reemplazo-2.jpg",1040,420,false],"2048x2048":["https:\/\/agencia.unq.edu.ar\/wp-content\/uploads\/2022\/07\/sandra-reemplazo-2.jpg",1040,420,false]},"uagb_author_info":{"display_name":"Mar\u00eda Ximena Perez","author_link":"https:\/\/agencia.unq.edu.ar\/?author=7"},"uagb_comment_info":0,"uagb_excerpt":"La directora de la flamante Unidad de Aplicaciones Biotecnol\u00f3gicas para la Salud, explica c\u00f3mo se origin\u00f3 el espacio y cu\u00e1les son sus objetivos.","blog_post_layout_featured_media_urls":{"thumbnail":["https:\/\/agencia.unq.edu.ar\/wp-content\/uploads\/2022\/07\/sandra-reemplazo-2.jpg",150,61,false],"full":["https:\/\/agencia.unq.edu.ar\/wp-content\/uploads\/2022\/07\/sandra-reemplazo-2.jpg",1040,420,false]},"categories_names":{"16":{"name":"Noticia destacada","link":"https:\/\/agencia.unq.edu.ar\/?cat=16"},"9":{"name":"Salud","link":"https:\/\/agencia.unq.edu.ar\/?cat=9"}},"tags_names":{"267":{"name":"PSB","link":"https:\/\/agencia.unq.edu.ar\/?tag=psb"}},"comments_number":"0","_links":{"self":[{"href":"https:\/\/agencia.unq.edu.ar\/index.php?rest_route=\/wp\/v2\/posts\/5034","targetHints":{"allow":["GET"]}}],"collection":[{"href":"https:\/\/agencia.unq.edu.ar\/index.php?rest_route=\/wp\/v2\/posts"}],"about":[{"href":"https:\/\/agencia.unq.edu.ar\/index.php?rest_route=\/wp\/v2\/types\/post"}],"author":[{"embeddable":true,"href":"https:\/\/agencia.unq.edu.ar\/index.php?rest_route=\/wp\/v2\/users\/7"}],"replies":[{"embeddable":true,"href":"https:\/\/agencia.unq.edu.ar\/index.php?rest_route=%2Fwp%2Fv2%2Fcomments&post=5034"}],"version-history":[{"count":22,"href":"https:\/\/agencia.unq.edu.ar\/index.php?rest_route=\/wp\/v2\/posts\/5034\/revisions"}],"predecessor-version":[{"id":5599,"href":"https:\/\/agencia.unq.edu.ar\/index.php?rest_route=\/wp\/v2\/posts\/5034\/revisions\/5599"}],"wp:featuredmedia":[{"embeddable":true,"href":"https:\/\/agencia.unq.edu.ar\/index.php?rest_route=\/wp\/v2\/media\/5598"}],"wp:attachment":[{"href":"https:\/\/agencia.unq.edu.ar\/index.php?rest_route=%2Fwp%2Fv2%2Fmedia&parent=5034"}],"wp:term":[{"taxonomy":"category","embeddable":true,"href":"https:\/\/agencia.unq.edu.ar\/index.php?rest_route=%2Fwp%2Fv2%2Fcategories&post=5034"},{"taxonomy":"post_tag","embeddable":true,"href":"https:\/\/agencia.unq.edu.ar\/index.php?rest_route=%2Fwp%2Fv2%2Ftags&post=5034"}],"curies":[{"name":"wp","href":"https:\/\/api.w.org\/{rel}","templated":true}]}}