{"id":5818,"date":"2022-07-19T14:54:51","date_gmt":"2022-07-19T17:54:51","guid":{"rendered":"https:\/\/agencia.unq.edu.ar\/?p=5818"},"modified":"2022-08-08T14:04:11","modified_gmt":"2022-08-08T17:04:11","slug":"albinismo-cuales-son-las-caracteristicas-de-estos-ejemplares-unicos-del-reino-animal","status":"publish","type":"post","link":"https:\/\/agencia.unq.edu.ar\/?p=5818","title":{"rendered":"Albinismo: \u00bfcu\u00e1les son las caracter\u00edsticas de estos ejemplares \u00fanicos del reino animal?"},"content":{"rendered":"\n<p class=\"has-medium-font-size\">Son escasos, muy poco vistos y, por su condici\u00f3n gen\u00e9tica, tienen m\u00e1s dificultades para sobrevivir en su h\u00e1bitat natural. C\u00f3mo cuidarlos para mejorar su calidad de vida. <\/p>\n\n\n\n<figure class=\"wp-block-image size-full\"><img loading=\"lazy\" decoding=\"async\" width=\"1040\" height=\"420\" src=\"https:\/\/agencia.unq.edu.ar\/wp-content\/uploads\/2022\/07\/leoncito.jpg\" alt=\"\" class=\"wp-image-5819\"\/><figcaption>El albinismo es una condici\u00f3n gen\u00e9tica que no debe confundirse con presentar pigmentaci\u00f3n blanca. Cr\u00e9dito: chrome web store.<\/figcaption><\/figure>\n\n\n\n<p>La extra\u00f1a naturaleza no deja de sorprender: animales con ojos rojos o celestes, la piel rosada y el pelaje blanco, \u00fanicos y especiales. Aunque con poca frecuencia, el albinismo <strong>es una condici\u00f3n que se presenta en muchas especies. <\/strong>Para muestra vale recordar, el caso de Copito de Nieve, el gorila albino capturado en 1966 por el doctor Jordi Sabater Pi en la Selva de Nko, Guinea Ecuatorial, y cuyo descubrimiento produjo un verdadero revuelo. Copito fue el animal m\u00e1s visitado en el zoo de Barcelona hasta su muerte, en 2003.<\/p>\n\n\n\n<p>\u00bfQu\u00e9 es el albinismo? En di\u00e1logo con la <a href=\"http:\/\/agencia.unq.edu.ar\/\">Agencia de noticias cient\u00edficas de la UNQ<\/a>, <strong>el divulgador cient\u00edfico, Sebasti\u00e1n Kamin,<\/strong> lo explica as\u00ed: \u201cHay varios genes en los animales que est\u00e1n involucrados en la producci\u00f3n de un pigmento que se llama melanina. Este pigmento est\u00e1 presente, principalmente, en la piel, el pelo y los ojos. En ese sentido, los animales albinos no producen melanina o, en caso de que lo hagan, lo hacen en cantidades muy bajas. Es decir, <strong>el albinismo se da cuando existe una p\u00e9rdida en la capacidad de producci\u00f3n de melanina\u201d<\/strong>.<\/p>\n\n\n\n<h2 class=\"wp-block-heading\">Gen\u00e9tica y consecuencias<\/h2>\n\n\n\n<p>Al igual que en los humanos, el albinismo viene dado por la gen\u00e9tica. En los genes se hallan las instrucciones que indican al organismo c\u00f3mo debe ser y de qu\u00e9 manera funcionar; unos son dominantes y otros, recesivos. Cuando se forma un embri\u00f3n, la mitad de la informaci\u00f3n gen\u00e9tica proviene de la madre y la otra mitad, del padre. Seg\u00fan detalla Kamin, los animales reciben una copia de cada uno de sus progenitores; y para que se presente el albinismo, <strong>\u201ctienen que tener ambas copias mutadas de alguna manera que pierdan su funcionalidad. Si tienen una sola copia mutada pueden cargar el gen pero no presentarlo<\/strong>\u201d.<\/p>\n\n\n\n<p>\u00bfQu\u00e9 consecuencias le trae a un animal el ser albino? Kamin responde que la melanina funciona como un protector contra la luz ultravioleta y que por eso \u201cson animales con muchos problemas de piel, justamente por el da\u00f1o que genera esta luz, al igual que ocurre en las personas\u201d. Y agrega que, como tambi\u00e9n est\u00e1 presente en los ojos, suelen tener problemas de visi\u00f3n: <strong>los animales albinos son, por tanto, \u201cmuy propensos a sufrir problemas oculares o de la piel\u201d.<\/strong><\/p>\n\n\n\n<p>En ese sentido,<strong> <\/strong>con frecuencia se observan alteraciones de la vista, como consecuencia de la ausencia de pigmento en el iris, que hace que el ojo sea m\u00e1s sensible a la luz. En ocasiones, para compensar esta hipersensibilidad, desarrollan estrabismo o incluso nistagmo (movimientos oculares hacia los lados). Tambi\u00e9n se puede observar con relativa frecuencia problemas dermatol\u00f3gicos, como dermatitis o incluso algunos tumores de piel, como el melanoma.<\/p>\n\n\n\n<h2 class=\"wp-block-heading\">M\u00e1s visibles para sus presas<\/h2>\n\n\n\n<p>A estas consecuencias, se suman otras: <strong>generalmente no viven en lugares de nieve o en lugares donde tengan algo blanco donde esconderse, entonces son mucho m\u00e1s visibles para sus presas y para sus predadores<\/strong>. \u201cLas presas los divisan m\u00e1s f\u00e1cil, por eso tienen una menor posibilidad de cazarlas y conseguir su alimento\u201d, dice Kamin. <\/p>\n\n\n\n<p>A su vez, los depredadores los divisan m\u00e1s f\u00e1cilmente porque son m\u00e1s distinguibles en el ambiente donde est\u00e1n, y entonces tambi\u00e9n tienen menos probabilidades de sobrevivir porque los cazan m\u00e1s r\u00e1pido. <strong>Les cuesta m\u00e1s conseguir su alimento y escapar de sus predadores<\/strong>. \u201cIncluso, en ciertos grupos animales, los individuos albinos son rechazados. Precisamente, al ser identificados con mayor facilidad, hacen que todo el grupo corra un mayor riesgo de ser depredado. Son observados de manera inmediata por sus predadores\u201d, asegura el divulgador cient\u00edfico.<\/p>\n\n\n\n<h2 class=\"wp-block-heading\">\u00bfGato blanco o albino?<\/h2>\n\n\n\n<p>Al igual que sucede en otras especies, en los animales dom\u00e9sticos, como perros y gatos de compa\u00f1\u00eda,  tambi\u00e9n pueden darse casos de albinismo. En estos casos, el pelo es de color blanco, aunque no debe confundirse ya que <strong>no todos los perros y gatos de pelo blanco son albinos<\/strong>. <\/p>\n\n\n\n<p>Para determinarlo no basta con fijarse en las caracter\u00edsticas f\u00edsicas <strong>(piel rosada, pelaje blanco y ojos rojos o celestes)<\/strong>; aunque, si las cumple todas, hay una alta probabilidad de que lo sea. <strong>Tambi\u00e9n es necesario realizar un an\u00e1lisis gen\u00e9tico por parte de un veterinario y un laboratorio especializado. <\/strong><\/p>\n\n\n\n<h2 class=\"wp-block-heading\">\u00bfC\u00f3mo cuidarlos para una mejor calidad de vida?<\/h2>\n\n\n\n<p>En el caso de los animales albinos, la piel queda menos protegida por lo que los cuidados principales ir\u00e1n enfocados a protegerla. Para ello es necesario <strong>evitar la exposici\u00f3n prolongada al sol,<\/strong> ya que se pueden producir quemaduras en zonas desprovistas de pelo, como el abdomen. Pero, adem\u00e1s, agentes como el polvo o algunas sustancias qu\u00edmicas, podr\u00edan ocasionar da\u00f1os.<\/p>\n\n\n\n<p>Otro factor a tener en cuenta es la calidad del pelo. Si el pelo est\u00e1 bien nutrido y fuerte, proporcionar\u00e1 mayor protecci\u00f3n a la piel, por lo que se debe procurar <strong>una alimentaci\u00f3n de calidad <\/strong>para evitar que el pelo se debilite y se caiga, y la piel se reseque.<\/p>\n\n\n\n<p>Con todo, la biodiversidad de la Tierra comprende la riqueza natural de un ecosistema conformado por la cantidad y variedad de especies que hacen vida en \u00e9l, donde todas son necesarias y ninguna es mejor que otra.<\/p>\n\n\n\n<p class=\"has-vivid-green-cyan-color has-text-color\"><\/p>\n\n\n\n<hr class=\"wp-block-separator has-text-color has-css-opacity has-background is-style-wide\" style=\"background-color:#fea50e;color:#fea50e\"\/>\n\n\n\n<div style=\"height:40px\" aria-hidden=\"true\" class=\"wp-block-spacer\"><\/div>\n\n\n\n<h4 class=\"wp-block-heading\" id=\"publicaciones-relacionadas\">\u00daltimas noticias de la secci\u00f3n Ciencias:<\/h4>\n\n\n<style id=\"sp_pcp_dynamic_style3313\">#pcp_wrapper-3313:not(.sps-glossary-layout) .sp-pcp-row,#pcp_wrapper-3313 .sps-glossary-items-group .sps-glossary-items-content {margin-right: -10px;margin-left: -10px;}#pcp_wrapper-3313 .sp-pcp-row [class*='sp-pcp-col-']{padding-right: 10px;padding-left: 10px; padding-bottom:20px;}.pcp-wrapper-3313 .sp-pcp-title a {color: #ac162c;display: inherit;} .pcp-wrapper-3313 .sp-pcp-title a:hover {color: #fea50e;}#pcp_wrapper-3313 .dots .swiper-pagination-bullet{ background: #ac162c; } #pcp_wrapper-3313 .dots .swiper-pagination-bullet-active { background: #fea50e; }#pcp_wrapper-3313 .pcp-button-prev,#pcp_wrapper-3313 .pcp-button-next{ background-image: none; background-size: auto; background-color: #fff; height: 33px; width: 33px; margin-top: 8px; border: 1px solid #898339; text-align: center; line-height: 30px; -webkit-transition: 0.3s; border-radius: 3px; }#pcp_wrapper-3313 .pcp-button-prev:hover, #pcp_wrapper-3313 .pcp-button-next:hover{ background-color: #fea50e; border-color: #ac162c; } #pcp_wrapper-3313 .pcp-button-prev .fa, #pcp_wrapper-3313 .pcp-button-next .fa { color: #000000; } #pcp_wrapper-3313 .pcp-button-prev:hover .fa, #pcp_wrapper-3313 .pcp-button-next:hover .fa { color: #fff; } #pcp_wrapper-3313.pcp-carousel-wrapper .sp-pcp-post{ margin-top: 0; }#pcp_wrapper-3313 .sp-pcp-post {padding: 0 0 0 0;}#pcp_wrapper-3313.sp-slider_layout .sp-pcp-post .sp-pcp-post-details {top: 0; right:0; bottom:0; left:0;}#pcp_wrapper-3313 .sp-pcp-post {border: 0px solid #e2e2e2; border-radius: 0px }#pcp_wrapper-3313 .sp-pcp-post{background-color: transparent;}#pcp_wrapper-3313 .pcp-post-thumb-wrapper{border: 0px solid #dddddd;border-radius:0px;}.pcp-wrapper-3313 .sp-pcp-post-meta li,.pcp-wrapper-3313 .sp-pcp-post-meta ul,.pcp-wrapper-3313 .sp-pcp-post-meta li a{color: #888;}.pcp-wrapper-3313 .sp-pcp-post-meta li a:hover{color: #e1624b;}#pcp_wrapper-3313 .pcp-post-pagination .page-numbers.current, #pcp_wrapper-3313 .pcp-post-pagination a.active , #pcp_wrapper-3313 .pcp-post-pagination a:hover{ color: #ffffff; background: #e1624b; border-color: #e1624b; }#pcp_wrapper-3313 .pcp-post-pagination .page-numbers, .pcp-post-pagination a{ background: #ffffff; color:#5e5e5e; border: 2px solid #bbbbbb;border-radius: 2px; }#pcp_wrapper-3313 .pcp-post-pagination{text-align: left;}@media (min-width: 1200px) {.sp-pcp-row .sp-pcp-col-xl-1 {flex: 0 0 100%;}.sp-pcp-row .sp-pcp-col-xl-2 {flex: 1 1 calc( 50% - 20px);}.sp-pcp-row .sp-pcp-col-xl-3 {flex: 1 1 calc( 33.333% - 20px);}.sp-pcp-row .sp-pcp-col-xl-4 {flex: 1 1 calc( 25% - 20px);}.sp-pcp-row .sp-pcp-col-xl-5 { flex: 1 1 calc( 20% - 20px);}.sp-pcp-row .sp-pcp-col-xl-6 {flex: 1 1 calc( 16.66666666666667% - 20px);}.sp-pcp-row .sp-pcp-col-xl-7 {flex: 1 1 calc( 14.28571428% - 20px);}.sp-pcp-row .sp-pcp-col-xl-8 {flex: 1 1 calc( 12.5% - 20px);}}@media (max-width: 1200px) {.sp-pcp-row .sp-pcp-col-lg-1 {flex: 0 0 100%;}.sp-pcp-row .sp-pcp-col-lg-2 {flex: 1 1 calc( 50% - 20px);}.sp-pcp-row .sp-pcp-col-lg-3 {flex: 1 1 calc( 33.333% - 20px);}.sp-pcp-row .sp-pcp-col-lg-4 {flex: 1 1 calc( 25% - 20px);}.sp-pcp-row .sp-pcp-col-lg-5 { flex: 1 1 calc( 20% - 20px);}.sp-pcp-row .sp-pcp-col-lg-6 {flex: 1 1 calc( 16.66666666666667% - 20px);}.sp-pcp-row .sp-pcp-col-lg-7 {flex: 1 1 calc( 14.28571428% - 20px);}.sp-pcp-row .sp-pcp-col-lg-8 {flex: 1 1 calc( 12.5% - 20px);}}@media (max-width: 992px) {.sp-pcp-row .sp-pcp-col-md-1 {flex: 0 0 100%;}.sp-pcp-row .sp-pcp-col-md-2 {flex: 1 1 calc( 50% - 20px);}.sp-pcp-row .sp-pcp-col-md-2-5 {flex: 0 0 75%;}.sp-pcp-row .sp-pcp-col-md-3 {flex: 1 1 calc( 33.333% - 20px);}.sp-pcp-row .sp-pcp-col-md-4 {flex: 1 1 calc( 25% - 20px);}.sp-pcp-row .sp-pcp-col-md-5 { flex: 1 1 calc( 20% - 20px);}.sp-pcp-row .sp-pcp-col-md-6 {flex: 1 1 calc( 16.66666666666667% - 20px);}.sp-pcp-row .sp-pcp-col-md-7 {flex: 1 1 calc( 14.28571428% - 20px);}.sp-pcp-row .sp-pcp-col-md-8 {flex: 1 1 calc( 12.5% - 20px);}}@media (max-width: 768px) {.sp-pcp-row .sp-pcp-col-sm-1 {flex: 0 0 100%;}.sp-pcp-row .sp-pcp-col-sm-2 {flex: 1 1 calc( 50% - 20px);}.sp-pcp-row .sp-pcp-col-sm-2-5 {flex: 0 0 75%;}.sp-pcp-row .sp-pcp-col-sm-3 {flex: 1 1 calc( 33.333% - 20px);}.sp-pcp-row .sp-pcp-col-sm-4 {flex: 1 1 calc( 25% - 20px);}.sp-pcp-row .sp-pcp-col-sm-5 { flex: 1 1 calc( 20% - 20px);}.sp-pcp-row .sp-pcp-col-sm-6 {flex: 1 1 calc( 16.66666666666667% - 20px);}.sp-pcp-row .sp-pcp-col-sm-7 {flex: 1 1 calc( 14.28571428% - 20px);}.sp-pcp-row .sp-pcp-col-sm-8 {flex: 1 1 calc( 12.5% - 20px);}}@media (max-width: 420px) {.sp-pcp-row .sp-pcp-col-xs-1 {flex: 0 0 100%;}.sp-pcp-row .sp-pcp-col-xs-2 {flex: 1 1 calc( 50% - 20px);}.sp-pcp-row .sp-pcp-col-xs-3 {flex: 1 1 calc( 33.333% - 20px);}.sp-pcp-row .sp-pcp-col-xs-4 {flex: 1 1 calc( 25% - 20px);}.sp-pcp-row .sp-pcp-col-xs-5 { flex: 1 1 calc( 20% - 20px);}.sp-pcp-row .sp-pcp-col-xs-6 {flex: 1 1 calc( 16.66666666666667% - 20px);}.sp-pcp-row .sp-pcp-col-xs-7 {flex: 1 1 calc( 14.28571428% - 20px);}.sp-pcp-row .sp-pcp-col-xs-8 {flex: 1 1 calc( 12.5% - 20px);}}<\/style><!-- Markup Starts -->\n<div id=\"pcp_wrapper-3313\" class=\"sp-pcp-section sp-pcp-container pcp-wrapper-3313 pcp-carousel-wrapper standard sp-carousel_layout\" data-sid=\"3313\">\n\t<div id=\"sp-pcp-id-3313\" class=\"swiper-container sp-pcp-carousel top_right\" dir=\"ltr\" data-carousel='{ \"speed\":600, \"items\":3, \"spaceBetween\":20, \"dynamicBullets\": false, \"navigation\":true, \"pagination\": true, \"autoplay\": true, \"autoplay_speed\": 2000, \"loop\": true, \"autoHeight\": false, \"lazy\":  true, \"simulateTouch\": true, \"freeMode\": false, \"slider_mouse_wheel\": false,\"allowTouchMove\": true, \"slidesPerView\": {\"lg_desktop\": 3, \"desktop\": 3, \"tablet\": 2, \"mobile_landscape\": 1, \"mobile\": 1}, \"navigation_mobile\": true, \"pagination_mobile\": true, \"stop_onHover\": true, \"enabled\": true, \"prevSlideMessage\": \"Previous slide\", \"nextSlideMessage\": \"Next slide\", \"firstSlideMessage\": \"This is the first slide\", \"lastSlideMessage\": \"This is the last slide\", \"keyboard\": \"true\", \"paginationBulletMessage\": \"Go to slide {{index}}\" }'>\n\t\t\t<div class=\"swiper-wrapper\">\n\t\t\t\t\t\t<div class=\" swiper-slide swiper-lazy\">\n\t\t\t<div class=\"sp-pcp-post default pcp-item-35826\" data-id=\"35826\">\n\t\t\t\t\t\t\t\t<div class=\"pcp-post-thumb-wrapper\">\n\t\t\t\t\t<div class=\"sp-pcp-post-thumb-area\">\n\t\t\t\t\t\t\t\t\t\t\t\t<a class=\"sp-pcp-thumb\" href=\"https:\/\/agencia.unq.edu.ar\/?p=35826\" target=\"_self\" >\n\t\t\t\t\t\t\t\t\t\t\t\t\t<img loading=\"lazy\" decoding=\"async\" src=\"https:\/\/agencia.unq.edu.ar\/wp-content\/uploads\/2026\/04\/Pulpo-gigante-principal.jpg\" width=\"1040\" height=\"420\" alt=\"Los pulpos gigantes del Cret\u00e1cico eran cazadores y ten\u00edan la capacidad de romper esqueletos y caparazones (imagen: muyinteresante.okdiario.com)\">\n\t\t\t\t\t\t<\/a>\n\t\t\t\t\t<\/div>\n\t\t\t\t<\/div>\n\t\t\t\t\t\t\t\t<div class=\"sp-pcp-post-details\">\n\t\t\t\t\t<div class=\"sp-pcp-post-details-content\">\n\t\t\t\t\t\t\t\t<h4 class=\"sp-pcp-title\">\n\t\t\t\t\t\t\t\t\t<a href=\"https:\/\/agencia.unq.edu.ar\/?p=35826\"  target=\"_self\">Monstruos prehist\u00f3ricos: \u00bfc\u00f3mo era el pulpo gigante que habit\u00f3 los oc\u00e9anos hace cien millones de a\u00f1os?<\/a>\t\t\t\t\t\t\t<\/h4>\n\t\t\t\t\t\t\t\t\t<\/div>\n\t\t\t\t<\/div>\n\t\t\t<\/div>\n\t\t<\/div>\n\t\t\t\t<div class=\" swiper-slide swiper-lazy\">\n\t\t\t<div class=\"sp-pcp-post default pcp-item-35742\" data-id=\"35742\">\n\t\t\t\t\t\t\t\t<div class=\"pcp-post-thumb-wrapper\">\n\t\t\t\t\t<div class=\"sp-pcp-post-thumb-area\">\n\t\t\t\t\t\t\t\t\t\t\t\t<a class=\"sp-pcp-thumb\" href=\"https:\/\/agencia.unq.edu.ar\/?p=35742\" target=\"_self\" >\n\t\t\t\t\t\t\t\t\t\t\t\t\t<img loading=\"lazy\" decoding=\"async\" src=\"https:\/\/agencia.unq.edu.ar\/wp-content\/uploads\/2026\/04\/estudiantes-inteligencia-artificial.jpg\" width=\"1040\" height=\"420\" alt=\"Cr\u00e9ditos: imagen ilustrativa Infobae.\">\n\t\t\t\t\t\t<\/a>\n\t\t\t\t\t<\/div>\n\t\t\t\t<\/div>\n\t\t\t\t\t\t\t\t<div class=\"sp-pcp-post-details\">\n\t\t\t\t\t<div class=\"sp-pcp-post-details-content\">\n\t\t\t\t\t\t\t\t<h4 class=\"sp-pcp-title\">\n\t\t\t\t\t\t\t\t\t<a href=\"https:\/\/agencia.unq.edu.ar\/?p=35742\"  target=\"_self\">Los estudiantes usan IA sin dimensionar su impacto cognitivo y creen que saben m\u00e1s que sus profesores<\/a>\t\t\t\t\t\t\t<\/h4>\n\t\t\t\t\t\t\t\t\t<\/div>\n\t\t\t\t<\/div>\n\t\t\t<\/div>\n\t\t<\/div>\n\t\t\t\t<div class=\" swiper-slide swiper-lazy\">\n\t\t\t<div class=\"sp-pcp-post default pcp-item-35716\" data-id=\"35716\">\n\t\t\t\t\t\t\t\t<div class=\"pcp-post-thumb-wrapper\">\n\t\t\t\t\t<div class=\"sp-pcp-post-thumb-area\">\n\t\t\t\t\t\t\t\t\t\t\t\t<a class=\"sp-pcp-thumb\" href=\"https:\/\/agencia.unq.edu.ar\/?p=35716\" target=\"_self\" >\n\t\t\t\t\t\t\t\t\t\t\t\t\t<img loading=\"lazy\" decoding=\"async\" src=\"https:\/\/agencia.unq.edu.ar\/wp-content\/uploads\/2026\/04\/Cancer-de-pancreas.jpg\" width=\"1040\" height=\"420\" alt=\"El c\u00e1ncer de p\u00e1ncreas es un tumor agresivo y a menudo asintom\u00e1tico en etapas tempranas, lo que dificulta su detecci\u00f3n precoz y conlleva una alta mortalidad. Cr\u00e9ditos: La voz de Galicia.\">\n\t\t\t\t\t\t<\/a>\n\t\t\t\t\t<\/div>\n\t\t\t\t<\/div>\n\t\t\t\t\t\t\t\t<div class=\"sp-pcp-post-details\">\n\t\t\t\t\t<div class=\"sp-pcp-post-details-content\">\n\t\t\t\t\t\t\t\t<h4 class=\"sp-pcp-title\">\n\t\t\t\t\t\t\t\t\t<a href=\"https:\/\/agencia.unq.edu.ar\/?p=35716\"  target=\"_self\">Avanza un nuevo tratamiento contra el c\u00e1ncer de p\u00e1ncreas metast\u00e1sico<\/a>\t\t\t\t\t\t\t<\/h4>\n\t\t\t\t\t\t\t\t\t<\/div>\n\t\t\t\t<\/div>\n\t\t\t<\/div>\n\t\t<\/div>\n\t\t\t\t<div class=\" swiper-slide swiper-lazy\">\n\t\t\t<div class=\"sp-pcp-post default pcp-item-35487\" data-id=\"35487\">\n\t\t\t\t\t\t\t\t<div class=\"pcp-post-thumb-wrapper\">\n\t\t\t\t\t<div class=\"sp-pcp-post-thumb-area\">\n\t\t\t\t\t\t\t\t\t\t\t\t<a class=\"sp-pcp-thumb\" href=\"https:\/\/agencia.unq.edu.ar\/?p=35487\" target=\"_self\" >\n\t\t\t\t\t\t\t\t\t\t\t\t\t<img loading=\"lazy\" decoding=\"async\" src=\"https:\/\/agencia.unq.edu.ar\/wp-content\/uploads\/2026\/04\/boca-river-en-familia.jpg\" width=\"1040\" height=\"420\" alt=\"\u00a0F\u00fatbol y cerebro: el v\u00ednculo que explica la pasi\u00f3n argentina. Cr\u00e9ditos: Midjourney.\">\n\t\t\t\t\t\t<\/a>\n\t\t\t\t\t<\/div>\n\t\t\t\t<\/div>\n\t\t\t\t\t\t\t\t<div class=\"sp-pcp-post-details\">\n\t\t\t\t\t<div class=\"sp-pcp-post-details-content\">\n\t\t\t\t\t\t\t\t<h4 class=\"sp-pcp-title\">\n\t\t\t\t\t\t\t\t\t<a href=\"https:\/\/agencia.unq.edu.ar\/?p=35487\"  target=\"_self\">River vs. Boca: \u00bfPor qu\u00e9 el partido tambi\u00e9n ocurre en el cerebro?<\/a>\t\t\t\t\t\t\t<\/h4>\n\t\t\t\t\t\t\t\t\t<\/div>\n\t\t\t\t<\/div>\n\t\t\t<\/div>\n\t\t<\/div>\n\t\t\t\t<div class=\" swiper-slide swiper-lazy\">\n\t\t\t<div class=\"sp-pcp-post default pcp-item-35436\" data-id=\"35436\">\n\t\t\t\t\t\t\t\t<div class=\"pcp-post-thumb-wrapper\">\n\t\t\t\t\t<div class=\"sp-pcp-post-thumb-area\">\n\t\t\t\t\t\t\t\t\t\t\t\t<a class=\"sp-pcp-thumb\" href=\"https:\/\/agencia.unq.edu.ar\/?p=35436\" target=\"_self\" >\n\t\t\t\t\t\t\t\t\t\t\t\t\t<img loading=\"lazy\" decoding=\"async\" src=\"https:\/\/agencia.unq.edu.ar\/wp-content\/uploads\/2026\/04\/Semaglutide-Tirzepatride-principal.jpg\" width=\"1040\" height=\"420\" alt=\"Tirzepatida y Semaglutida emergen como tratamientos prometedores para producir una p\u00e9rdida de peso sostenida en el tiempo (imagen: ivleaguehydrate.com)\">\n\t\t\t\t\t\t<\/a>\n\t\t\t\t\t<\/div>\n\t\t\t\t<\/div>\n\t\t\t\t\t\t\t\t<div class=\"sp-pcp-post-details\">\n\t\t\t\t\t<div class=\"sp-pcp-post-details-content\">\n\t\t\t\t\t\t\t\t<h4 class=\"sp-pcp-title\">\n\t\t\t\t\t\t\t\t\t<a href=\"https:\/\/agencia.unq.edu.ar\/?p=35436\"  target=\"_self\">Cient\u00edficos descubren que los genes pueden ser determinantes en el \u00e9xito de tratamientos contra la obesidad<\/a>\t\t\t\t\t\t\t<\/h4>\n\t\t\t\t\t\t\t\t\t<\/div>\n\t\t\t\t<\/div>\n\t\t\t<\/div>\n\t\t<\/div>\n\t\t\t\t<div class=\" swiper-slide swiper-lazy\">\n\t\t\t<div class=\"sp-pcp-post default pcp-item-35409\" data-id=\"35409\">\n\t\t\t\t\t\t\t\t<div class=\"pcp-post-thumb-wrapper\">\n\t\t\t\t\t<div class=\"sp-pcp-post-thumb-area\">\n\t\t\t\t\t\t\t\t\t\t\t\t<a class=\"sp-pcp-thumb\" href=\"https:\/\/agencia.unq.edu.ar\/?p=35409\" target=\"_self\" >\n\t\t\t\t\t\t\t\t\t\t\t\t\t<img loading=\"lazy\" decoding=\"async\" src=\"https:\/\/agencia.unq.edu.ar\/wp-content\/uploads\/2026\/04\/viejos-son-los-trapos.jpg\" width=\"1040\" height=\"420\" alt=\"Gracias a los avances de la ciencia y la inversi\u00f3n millonaria, la vejez saludable y extendida es cada vez m\u00e1s real (imagen: noticiastrabajo.huffingtonpost.es)\">\n\t\t\t\t\t\t<\/a>\n\t\t\t\t\t<\/div>\n\t\t\t\t<\/div>\n\t\t\t\t\t\t\t\t<div class=\"sp-pcp-post-details\">\n\t\t\t\t\t<div class=\"sp-pcp-post-details-content\">\n\t\t\t\t\t\t\t\t<h4 class=\"sp-pcp-title\">\n\t\t\t\t\t\t\t\t\t<a href=\"https:\/\/agencia.unq.edu.ar\/?p=35409\"  target=\"_self\">Cient\u00edficos estudian c\u00f3mo retroceder el reloj biol\u00f3gico para frenar el envejecimiento<\/a>\t\t\t\t\t\t\t<\/h4>\n\t\t\t\t\t\t\t\t\t<\/div>\n\t\t\t\t<\/div>\n\t\t\t<\/div>\n\t\t<\/div>\n\t\t\t\t<div class=\" swiper-slide swiper-lazy\">\n\t\t\t<div class=\"sp-pcp-post default pcp-item-35354\" data-id=\"35354\">\n\t\t\t\t\t\t\t\t<div class=\"pcp-post-thumb-wrapper\">\n\t\t\t\t\t<div class=\"sp-pcp-post-thumb-area\">\n\t\t\t\t\t\t\t\t\t\t\t\t<a class=\"sp-pcp-thumb\" href=\"https:\/\/agencia.unq.edu.ar\/?p=35354\" target=\"_self\" >\n\t\t\t\t\t\t\t\t\t\t\t\t\t<img loading=\"lazy\" decoding=\"async\" src=\"https:\/\/agencia.unq.edu.ar\/wp-content\/uploads\/2026\/04\/artemis-nasa.jpg\" width=\"1040\" height=\"420\" alt=\"Detr\u00e1s de la postal espacial aparece la vida real: horarios estrictos, higiene austera, dolor posible y un cuerpo que no negocia sus necesidades. Cr\u00e9ditos: Nasa.\">\n\t\t\t\t\t\t<\/a>\n\t\t\t\t\t<\/div>\n\t\t\t\t<\/div>\n\t\t\t\t\t\t\t\t<div class=\"sp-pcp-post-details\">\n\t\t\t\t\t<div class=\"sp-pcp-post-details-content\">\n\t\t\t\t\t\t\t\t<h4 class=\"sp-pcp-title\">\n\t\t\t\t\t\t\t\t\t<a href=\"https:\/\/agencia.unq.edu.ar\/?p=35354\"  target=\"_self\">Artemis II: volver a la Luna tambi\u00e9n significa aprender a vivir en una c\u00e1psula<\/a>\t\t\t\t\t\t\t<\/h4>\n\t\t\t\t\t\t\t\t\t<\/div>\n\t\t\t\t<\/div>\n\t\t\t<\/div>\n\t\t<\/div>\n\t\t\t\t<div class=\" swiper-slide swiper-lazy\">\n\t\t\t<div class=\"sp-pcp-post default pcp-item-35171\" data-id=\"35171\">\n\t\t\t\t\t\t\t\t<div class=\"pcp-post-thumb-wrapper\">\n\t\t\t\t\t<div class=\"sp-pcp-post-thumb-area\">\n\t\t\t\t\t\t\t\t\t\t\t\t<a class=\"sp-pcp-thumb\" href=\"https:\/\/agencia.unq.edu.ar\/?p=35171\" target=\"_self\" >\n\t\t\t\t\t\t\t\t\t\t\t\t\t<img loading=\"lazy\" decoding=\"async\" src=\"https:\/\/agencia.unq.edu.ar\/wp-content\/uploads\/2026\/03\/humor-y-ciencia.jpg\" width=\"1040\" height=\"420\" alt=\"Quienes se atreven al humor en una conferencia cient\u00edfica no son muchos y, en su mayor\u00eda, son hombres (imagen: iviglobaleducation.com)\">\n\t\t\t\t\t\t<\/a>\n\t\t\t\t\t<\/div>\n\t\t\t\t<\/div>\n\t\t\t\t\t\t\t\t<div class=\"sp-pcp-post-details\">\n\t\t\t\t\t<div class=\"sp-pcp-post-details-content\">\n\t\t\t\t\t\t\t\t<h4 class=\"sp-pcp-title\">\n\t\t\t\t\t\t\t\t\t<a href=\"https:\/\/agencia.unq.edu.ar\/?p=35171\"  target=\"_self\">Los cient\u00edficos tambi\u00e9n quieren divertirse, aunque el chiste no siempre garpa<\/a>\t\t\t\t\t\t\t<\/h4>\n\t\t\t\t\t\t\t\t\t<\/div>\n\t\t\t\t<\/div>\n\t\t\t<\/div>\n\t\t<\/div>\n\t\t\t\t<div class=\" swiper-slide swiper-lazy\">\n\t\t\t<div class=\"sp-pcp-post default pcp-item-15924\" data-id=\"15924\">\n\t\t\t\t\t\t\t\t<div class=\"pcp-post-thumb-wrapper\">\n\t\t\t\t\t<div class=\"sp-pcp-post-thumb-area\">\n\t\t\t\t\t\t\t\t\t\t\t\t<a class=\"sp-pcp-thumb\" href=\"https:\/\/agencia.unq.edu.ar\/?p=15924\" target=\"_self\" >\n\t\t\t\t\t\t\t\t\t\t\t\t\t<img loading=\"lazy\" decoding=\"async\" src=\"https:\/\/agencia.unq.edu.ar\/wp-content\/uploads\/2023\/12\/antropologia-forense-1.jpg\" width=\"504\" height=\"204\" alt=\"El trabajo del EAAF inspira a seguir luchando por los derechos humanos y a apoyar a organizaciones que buscan un mundo m\u00e1s justo y equitativo\">\n\t\t\t\t\t\t<\/a>\n\t\t\t\t\t<\/div>\n\t\t\t\t<\/div>\n\t\t\t\t\t\t\t\t<div class=\"sp-pcp-post-details\">\n\t\t\t\t\t<div class=\"sp-pcp-post-details-content\">\n\t\t\t\t\t\t\t\t<h4 class=\"sp-pcp-title\">\n\t\t\t\t\t\t\t\t\t<a href=\"https:\/\/agencia.unq.edu.ar\/?p=15924\"  target=\"_self\">El poder de la ciencia en la restituci\u00f3n de identidades<\/a>\t\t\t\t\t\t\t<\/h4>\n\t\t\t\t\t\t\t\t\t<\/div>\n\t\t\t\t<\/div>\n\t\t\t<\/div>\n\t\t<\/div>\n\t\t\t\t<div class=\" swiper-slide swiper-lazy\">\n\t\t\t<div class=\"sp-pcp-post default pcp-item-34985\" data-id=\"34985\">\n\t\t\t\t\t\t\t\t<div class=\"pcp-post-thumb-wrapper\">\n\t\t\t\t\t<div class=\"sp-pcp-post-thumb-area\">\n\t\t\t\t\t\t\t\t\t\t\t\t<a class=\"sp-pcp-thumb\" href=\"https:\/\/agencia.unq.edu.ar\/?p=34985\" target=\"_self\" >\n\t\t\t\t\t\t\t\t\t\t\t\t\t<img loading=\"lazy\" decoding=\"async\" src=\"https:\/\/agencia.unq.edu.ar\/wp-content\/uploads\/2026\/03\/Mary-Claire-King-Principal-Final.jpg\" width=\"1040\" height=\"420\" alt=\"Mary-Claire King, le genetista que trabaj\u00f3 junto a Abuelas de Plaza de Mayo (imagen: mujeresconciencia.com)\">\n\t\t\t\t\t\t<\/a>\n\t\t\t\t\t<\/div>\n\t\t\t\t<\/div>\n\t\t\t\t\t\t\t\t<div class=\"sp-pcp-post-details\">\n\t\t\t\t\t<div class=\"sp-pcp-post-details-content\">\n\t\t\t\t\t\t\t\t<h4 class=\"sp-pcp-title\">\n\t\t\t\t\t\t\t\t\t<a href=\"https:\/\/agencia.unq.edu.ar\/?p=34985\"  target=\"_self\">El legado de Mary-Claire King y el \u00edndice de abuelidad<\/a>\t\t\t\t\t\t\t<\/h4>\n\t\t\t\t\t\t\t\t\t<\/div>\n\t\t\t\t<\/div>\n\t\t\t<\/div>\n\t\t<\/div>\n\t\t\t\t<div class=\" swiper-slide swiper-lazy\">\n\t\t\t<div class=\"sp-pcp-post default pcp-item-2374\" data-id=\"2374\">\n\t\t\t\t\t\t\t\t<div class=\"pcp-post-thumb-wrapper\">\n\t\t\t\t\t<div class=\"sp-pcp-post-thumb-area\">\n\t\t\t\t\t\t\t\t\t\t\t\t<a class=\"sp-pcp-thumb\" href=\"https:\/\/agencia.unq.edu.ar\/?p=2374\" target=\"_self\" >\n\t\t\t\t\t\t\t\t\t\t\t\t\t<img loading=\"lazy\" decoding=\"async\" src=\"https:\/\/agencia.unq.edu.ar\/wp-content\/uploads\/2022\/03\/destacada_nadia16.03.jpg\" width=\"1040\" height=\"420\" alt=\"Las Abuelas junto a la genetista Mary-Claire King.\">\n\t\t\t\t\t\t<\/a>\n\t\t\t\t\t<\/div>\n\t\t\t\t<\/div>\n\t\t\t\t\t\t\t\t<div class=\"sp-pcp-post-details\">\n\t\t\t\t\t<div class=\"sp-pcp-post-details-content\">\n\t\t\t\t\t\t\t\t<h4 class=\"sp-pcp-title\">\n\t\t\t\t\t\t\t\t\t<a href=\"https:\/\/agencia.unq.edu.ar\/?p=2374\"  target=\"_self\">Gen\u00e9tica forense: la receta amorosa de las Abuelas<\/a>\t\t\t\t\t\t\t<\/h4>\n\t\t\t\t\t\t\t\t\t<\/div>\n\t\t\t\t<\/div>\n\t\t\t<\/div>\n\t\t<\/div>\n\t\t\t\t<div class=\" swiper-slide swiper-lazy\">\n\t\t\t<div class=\"sp-pcp-post default pcp-item-34872\" data-id=\"34872\">\n\t\t\t\t\t\t\t\t<div class=\"pcp-post-thumb-wrapper\">\n\t\t\t\t\t<div class=\"sp-pcp-post-thumb-area\">\n\t\t\t\t\t\t\t\t\t\t\t\t<a class=\"sp-pcp-thumb\" href=\"https:\/\/agencia.unq.edu.ar\/?p=34872\" target=\"_self\" >\n\t\t\t\t\t\t\t\t\t\t\t\t\t<img loading=\"lazy\" decoding=\"async\" src=\"https:\/\/agencia.unq.edu.ar\/wp-content\/uploads\/2026\/03\/canto-al-bebe-pexels.jpg\" width=\"1040\" height=\"420\" alt=\"Canci\u00f3n de cuna: el gesto cotidiano que impacta en reci\u00e9n nacidos. Cr\u00e9dito: Pexels.\">\n\t\t\t\t\t\t<\/a>\n\t\t\t\t\t<\/div>\n\t\t\t\t<\/div>\n\t\t\t\t\t\t\t\t<div class=\"sp-pcp-post-details\">\n\t\t\t\t\t<div class=\"sp-pcp-post-details-content\">\n\t\t\t\t\t\t\t\t<h4 class=\"sp-pcp-title\">\n\t\t\t\t\t\t\t\t\t<a href=\"https:\/\/agencia.unq.edu.ar\/?p=34872\"  target=\"_self\">La ciencia confirma que cantar a los beb\u00e9s les mejora el humor<\/a>\t\t\t\t\t\t\t<\/h4>\n\t\t\t\t\t\t\t\t\t<\/div>\n\t\t\t\t<\/div>\n\t\t\t<\/div>\n\t\t<\/div>\n\t\t\t\t<div class=\" swiper-slide swiper-lazy\">\n\t\t\t<div class=\"sp-pcp-post default pcp-item-34795\" data-id=\"34795\">\n\t\t\t\t\t\t\t\t<div class=\"pcp-post-thumb-wrapper\">\n\t\t\t\t\t<div class=\"sp-pcp-post-thumb-area\">\n\t\t\t\t\t\t\t\t\t\t\t\t<a class=\"sp-pcp-thumb\" href=\"https:\/\/agencia.unq.edu.ar\/?p=34795\" target=\"_self\" >\n\t\t\t\t\t\t\t\t\t\t\t\t\t<img loading=\"lazy\" decoding=\"async\" src=\"https:\/\/agencia.unq.edu.ar\/wp-content\/uploads\/2026\/03\/Jorge-Gonzalez-Premio-Leloir.jpg\" width=\"1040\" height=\"420\" alt=\"Jorge Gonz\u00e1lez junto a funcionarios de la Embajada Argentina en M\u00e9xico. Cr\u00e9ditos: Embajada Argentina en M\u00e9xico.\">\n\t\t\t\t\t\t<\/a>\n\t\t\t\t\t<\/div>\n\t\t\t\t<\/div>\n\t\t\t\t\t\t\t\t<div class=\"sp-pcp-post-details\">\n\t\t\t\t\t<div class=\"sp-pcp-post-details-content\">\n\t\t\t\t\t\t\t\t<h4 class=\"sp-pcp-title\">\n\t\t\t\t\t\t\t\t\t<a href=\"https:\/\/agencia.unq.edu.ar\/?p=34795\"  target=\"_self\">Por iniciativa de la UNQ, un cient\u00edfico mexicano fue reconocido con el Premio Leloir<\/a>\t\t\t\t\t\t\t<\/h4>\n\t\t\t\t\t\t\t\t\t<\/div>\n\t\t\t\t<\/div>\n\t\t\t<\/div>\n\t\t<\/div>\n\t\t\t\t<div class=\" swiper-slide swiper-lazy\">\n\t\t\t<div class=\"sp-pcp-post default pcp-item-34674\" data-id=\"34674\">\n\t\t\t\t\t\t\t\t<div class=\"pcp-post-thumb-wrapper\">\n\t\t\t\t\t<div class=\"sp-pcp-post-thumb-area\">\n\t\t\t\t\t\t\t\t\t\t\t\t<a class=\"sp-pcp-thumb\" href=\"https:\/\/agencia.unq.edu.ar\/?p=34674\" target=\"_self\" >\n\t\t\t\t\t\t\t\t\t\t\t\t\t<img loading=\"lazy\" decoding=\"async\" src=\"https:\/\/agencia.unq.edu.ar\/wp-content\/uploads\/2026\/03\/Tanyka-amnicola-d.jpg\" width=\"1040\" height=\"420\" alt=\"As\u00ed lucir\u00eda Tanyca amnicola de acuerdo a los f\u00f3siles hallados (imagen: muyinteresante.okdiario.com)\">\n\t\t\t\t\t\t<\/a>\n\t\t\t\t\t<\/div>\n\t\t\t\t<\/div>\n\t\t\t\t\t\t\t\t<div class=\"sp-pcp-post-details\">\n\t\t\t\t\t<div class=\"sp-pcp-post-details-content\">\n\t\t\t\t\t\t\t\t<h4 class=\"sp-pcp-title\">\n\t\t\t\t\t\t\t\t\t<a href=\"https:\/\/agencia.unq.edu.ar\/?p=34674\"  target=\"_self\">Una cient\u00edfica argentina particip\u00f3 del descubrimiento de una especie que habit\u00f3 el planeta hace 280 millones de a\u00f1os<\/a>\t\t\t\t\t\t\t<\/h4>\n\t\t\t\t\t\t\t\t\t<\/div>\n\t\t\t\t<\/div>\n\t\t\t<\/div>\n\t\t<\/div>\n\t\t\t\t<div class=\" swiper-slide swiper-lazy\">\n\t\t\t<div class=\"sp-pcp-post default pcp-item-34607\" data-id=\"34607\">\n\t\t\t\t\t\t\t\t<div class=\"pcp-post-thumb-wrapper\">\n\t\t\t\t\t<div class=\"sp-pcp-post-thumb-area\">\n\t\t\t\t\t\t\t\t\t\t\t\t<a class=\"sp-pcp-thumb\" href=\"https:\/\/agencia.unq.edu.ar\/?p=34607\" target=\"_self\" >\n\t\t\t\t\t\t\t\t\t\t\t\t\t<img loading=\"lazy\" decoding=\"async\" src=\"https:\/\/agencia.unq.edu.ar\/wp-content\/uploads\/2026\/03\/2026-03-09-PSB-UAA-Analisis-de-gluten.jpg\" width=\"504\" height=\"204\" alt=\"Valeria Segatori, Gustavo Bada, Lorena Caligiuri, Norailys Lorenzo, Vanesa Ludemann, Alfonsina Moavro, Antonella Vera y Carla Capobianco, integrantes de la UAA. Cr\u00e9ditos PSB UNQ.\">\n\t\t\t\t\t\t<\/a>\n\t\t\t\t\t<\/div>\n\t\t\t\t<\/div>\n\t\t\t\t\t\t\t\t<div class=\"sp-pcp-post-details\">\n\t\t\t\t\t<div class=\"sp-pcp-post-details-content\">\n\t\t\t\t\t\t\t\t<h4 class=\"sp-pcp-title\">\n\t\t\t\t\t\t\t\t\t<a href=\"https:\/\/agencia.unq.edu.ar\/?p=34607\"  target=\"_self\">El laboratorio de la UNQ que certifica alimentos libres de gluten duplic\u00f3 la cantidad de muestras analizadas en 2025<\/a>\t\t\t\t\t\t\t<\/h4>\n\t\t\t\t\t\t\t\t\t<\/div>\n\t\t\t\t<\/div>\n\t\t\t<\/div>\n\t\t<\/div>\n\t\t\t\t<div class=\" swiper-slide swiper-lazy\">\n\t\t\t<div class=\"sp-pcp-post default pcp-item-34477\" data-id=\"34477\">\n\t\t\t\t\t\t\t\t<div class=\"pcp-post-thumb-wrapper\">\n\t\t\t\t\t<div class=\"sp-pcp-post-thumb-area\">\n\t\t\t\t\t\t\t\t\t\t\t\t<a class=\"sp-pcp-thumb\" href=\"https:\/\/agencia.unq.edu.ar\/?p=34477\" target=\"_self\" >\n\t\t\t\t\t\t\t\t\t\t\t\t\t<img loading=\"lazy\" decoding=\"async\" src=\"https:\/\/agencia.unq.edu.ar\/wp-content\/uploads\/2026\/03\/bioproyectos-1.jpg\" width=\"1040\" height=\"420\" alt=\"Bioproyectos combina gesti\u00f3n, planificaci\u00f3n e impacto para potenciar desarrollos cient\u00edficos. Cr\u00e9ditos: IA.\">\n\t\t\t\t\t\t<\/a>\n\t\t\t\t\t<\/div>\n\t\t\t\t<\/div>\n\t\t\t\t\t\t\t\t<div class=\"sp-pcp-post-details\">\n\t\t\t\t\t<div class=\"sp-pcp-post-details-content\">\n\t\t\t\t\t\t\t\t<h4 class=\"sp-pcp-title\">\n\t\t\t\t\t\t\t\t\t<a href=\"https:\/\/agencia.unq.edu.ar\/?p=34477\"  target=\"_self\">Del laboratorio al mundo real: un libro para que la biotecnolog\u00eda no quede atrapada en el paper<\/a>\t\t\t\t\t\t\t<\/h4>\n\t\t\t\t\t\t\t\t\t<\/div>\n\t\t\t\t<\/div>\n\t\t\t<\/div>\n\t\t<\/div>\n\t\t\t\t\t<\/div>\n\t\t\t\t\t\t<div class=\"pcp-pagination swiper-pagination dots\"><\/div>\n\t\t\t\t\t\t\t\t\t\t<div class=\"pcp-button-next swiper-button-next top_right\"><i class=\"fa fa-angle-right\"><\/i><\/div>\n\t\t\t\t<div class=\"pcp-button-prev swiper-button-prev top_right\"><i class=\"fa fa-angle-left\"><\/i><\/div>\t<\/div>\n<\/div>\n\n\n\n\n<hr class=\"wp-block-separator has-text-color has-css-opacity has-background is-style-wide\" style=\"background-color:#fea50e;color:#fea50e\"\/>\n\n\n\n<p class=\"has-vivid-green-cyan-color has-text-color\"><\/p>\n","protected":false},"excerpt":{"rendered":"<p>Son escasos, poco vistos y, por su condici\u00f3n gen\u00e9tica, tienen m\u00e1s dificultades para sobrevivir en su h\u00e1bitat natural. C\u00f3mo cuidarlos para mejorar su calidad de vida. <\/p>\n","protected":false},"author":7,"featured_media":5819,"comment_status":"closed","ping_status":"closed","sticky":false,"template":"","format":"standard","meta":{"_uag_custom_page_level_css":"","_monsterinsights_skip_tracking":false,"_monsterinsights_sitenote_active":false,"_monsterinsights_sitenote_note":"","_monsterinsights_sitenote_category":0,"site-sidebar-layout":"default","site-content-layout":"","ast-site-content-layout":"default","site-content-style":"default","site-sidebar-style":"default","ast-global-header-display":"","ast-banner-title-visibility":"","ast-main-header-display":"","ast-hfb-above-header-display":"","ast-hfb-below-header-display":"","ast-hfb-mobile-header-display":"","site-post-title":"","ast-breadcrumbs-content":"","ast-featured-img":"","footer-sml-layout":"","ast-disable-related-posts":"","theme-transparent-header-meta":"","adv-header-id-meta":"","stick-header-meta":"","header-above-stick-meta":"","header-main-stick-meta":"","header-below-stick-meta":"","astra-migrate-meta-layouts":"default","ast-page-background-enabled":"default","ast-page-background-meta":{"desktop":{"background-color":"var(--ast-global-color-4)","background-image":"","background-repeat":"repeat","background-position":"center center","background-size":"auto","background-attachment":"scroll","background-type":"","background-media":"","overlay-type":"","overlay-color":"","overlay-opacity":"","overlay-gradient":""},"tablet":{"background-color":"","background-image":"","background-repeat":"repeat","background-position":"center center","background-size":"auto","background-attachment":"scroll","background-type":"","background-media":"","overlay-type":"","overlay-color":"","overlay-opacity":"","overlay-gradient":""},"mobile":{"background-color":"","background-image":"","background-repeat":"repeat","background-position":"center center","background-size":"auto","background-attachment":"scroll","background-type":"","background-media":"","overlay-type":"","overlay-color":"","overlay-opacity":"","overlay-gradient":""}},"ast-content-background-meta":{"desktop":{"background-color":"var(--ast-global-color-5)","background-image":"","background-repeat":"repeat","background-position":"center center","background-size":"auto","background-attachment":"scroll","background-type":"","background-media":"","overlay-type":"","overlay-color":"","overlay-opacity":"","overlay-gradient":""},"tablet":{"background-color":"var(--ast-global-color-5)","background-image":"","background-repeat":"repeat","background-position":"center center","background-size":"auto","background-attachment":"scroll","background-type":"","background-media":"","overlay-type":"","overlay-color":"","overlay-opacity":"","overlay-gradient":""},"mobile":{"background-color":"var(--ast-global-color-5)","background-image":"","background-repeat":"repeat","background-position":"center center","background-size":"auto","background-attachment":"scroll","background-type":"","background-media":"","overlay-type":"","overlay-color":"","overlay-opacity":"","overlay-gradient":""}},"footnotes":""},"categories":[8,16],"tags":[300],"class_list":["post-5818","post","type-post","status-publish","format-standard","has-post-thumbnail","hentry","category-ciencias","category-noticia-destacada","tag-albinismo"],"aioseo_notices":[],"uagb_featured_image_src":{"full":["https:\/\/agencia.unq.edu.ar\/wp-content\/uploads\/2022\/07\/leoncito.jpg",1040,420,false],"thumbnail":["https:\/\/agencia.unq.edu.ar\/wp-content\/uploads\/2022\/07\/leoncito.jpg",150,61,false],"medium":["https:\/\/agencia.unq.edu.ar\/wp-content\/uploads\/2022\/07\/leoncito.jpg",960,388,false],"medium_large":["https:\/\/agencia.unq.edu.ar\/wp-content\/uploads\/2022\/07\/leoncito.jpg",768,310,false],"large":["https:\/\/agencia.unq.edu.ar\/wp-content\/uploads\/2022\/07\/leoncito.jpg",1040,420,false],"1536x1536":["https:\/\/agencia.unq.edu.ar\/wp-content\/uploads\/2022\/07\/leoncito.jpg",1040,420,false],"2048x2048":["https:\/\/agencia.unq.edu.ar\/wp-content\/uploads\/2022\/07\/leoncito.jpg",1040,420,false]},"uagb_author_info":{"display_name":"Mar\u00eda Ximena Perez","author_link":"https:\/\/agencia.unq.edu.ar\/?author=7"},"uagb_comment_info":0,"uagb_excerpt":"Son escasos, poco vistos y, por su condici\u00f3n gen\u00e9tica, tienen m\u00e1s dificultades para sobrevivir en su h\u00e1bitat natural. C\u00f3mo cuidarlos para mejorar su calidad de vida.","blog_post_layout_featured_media_urls":{"thumbnail":["https:\/\/agencia.unq.edu.ar\/wp-content\/uploads\/2022\/07\/leoncito.jpg",150,61,false],"full":["https:\/\/agencia.unq.edu.ar\/wp-content\/uploads\/2022\/07\/leoncito.jpg",1040,420,false]},"categories_names":{"8":{"name":"Ciencias","link":"https:\/\/agencia.unq.edu.ar\/?cat=8"},"16":{"name":"Noticia destacada","link":"https:\/\/agencia.unq.edu.ar\/?cat=16"}},"tags_names":{"300":{"name":"Albinismo","link":"https:\/\/agencia.unq.edu.ar\/?tag=albinismo"}},"comments_number":"0","_links":{"self":[{"href":"https:\/\/agencia.unq.edu.ar\/index.php?rest_route=\/wp\/v2\/posts\/5818","targetHints":{"allow":["GET"]}}],"collection":[{"href":"https:\/\/agencia.unq.edu.ar\/index.php?rest_route=\/wp\/v2\/posts"}],"about":[{"href":"https:\/\/agencia.unq.edu.ar\/index.php?rest_route=\/wp\/v2\/types\/post"}],"author":[{"embeddable":true,"href":"https:\/\/agencia.unq.edu.ar\/index.php?rest_route=\/wp\/v2\/users\/7"}],"replies":[{"embeddable":true,"href":"https:\/\/agencia.unq.edu.ar\/index.php?rest_route=%2Fwp%2Fv2%2Fcomments&post=5818"}],"version-history":[{"count":14,"href":"https:\/\/agencia.unq.edu.ar\/index.php?rest_route=\/wp\/v2\/posts\/5818\/revisions"}],"predecessor-version":[{"id":6367,"href":"https:\/\/agencia.unq.edu.ar\/index.php?rest_route=\/wp\/v2\/posts\/5818\/revisions\/6367"}],"wp:featuredmedia":[{"embeddable":true,"href":"https:\/\/agencia.unq.edu.ar\/index.php?rest_route=\/wp\/v2\/media\/5819"}],"wp:attachment":[{"href":"https:\/\/agencia.unq.edu.ar\/index.php?rest_route=%2Fwp%2Fv2%2Fmedia&parent=5818"}],"wp:term":[{"taxonomy":"category","embeddable":true,"href":"https:\/\/agencia.unq.edu.ar\/index.php?rest_route=%2Fwp%2Fv2%2Fcategories&post=5818"},{"taxonomy":"post_tag","embeddable":true,"href":"https:\/\/agencia.unq.edu.ar\/index.php?rest_route=%2Fwp%2Fv2%2Ftags&post=5818"}],"curies":[{"name":"wp","href":"https:\/\/api.w.org\/{rel}","templated":true}]}}