{"id":5953,"date":"2022-07-25T12:23:51","date_gmt":"2022-07-25T15:23:51","guid":{"rendered":"https:\/\/agencia.unq.edu.ar\/?p=5953"},"modified":"2024-01-29T16:32:12","modified_gmt":"2024-01-29T19:32:12","slug":"en-busca-de-soberania-y-seguridad-alimentaria-desde-los-bordes-del-conurbano","status":"publish","type":"post","link":"https:\/\/agencia.unq.edu.ar\/?p=5953","title":{"rendered":"Desde los bordes del conurbano: \u00bfCu\u00e1les son los desaf\u00edos de la producci\u00f3n de alimentos?"},"content":{"rendered":"\n<p class=\"has-medium-font-size\">Especialistas de las universidades nacionales de Hurlingham y Arturo Jauretche aportan su conocimiento para mejorar la producci\u00f3n y la comercializaci\u00f3n en cercan\u00eda al consumidor. <\/p>\n\n\n\n<figure class=\"wp-block-image size-full\"><img loading=\"lazy\" decoding=\"async\" width=\"1040\" height=\"420\" src=\"https:\/\/agencia.unq.edu.ar\/wp-content\/uploads\/2022\/07\/destacada-Pablo.jpg\" alt=\"Expertas y expertos que desde las universidades del territorio aportan su conocimiento para mejorar la producci\u00f3n y la comercializaci\u00f3n en cercan\u00eda al consumidor.\" class=\"wp-image-5959\"\/><figcaption class=\"wp-element-caption\">Expertas y expertos que desde las universidades del territorio aportan su conocimiento para mejorar la producci\u00f3n y la comercializaci\u00f3n en cercan\u00eda al consumidor. Cr\u00e9ditos: Tazio Rosales. <\/figcaption><\/figure>\n\n\n\n<p>Por<em> Alejandro Armentia<\/em><\/p>\n\n\n\n<p>El periurbano bonaerense es una frontera en continua disputa y reconfiguraci\u00f3n entre la ruralidad y el crecimiento inmobiliario que acecha, y entre la producci\u00f3n de la agricultura familiar y un consumidor que demanda m\u00e1s y mejores productos. Desde estos m\u00e1rgenes se abastece a diario a los 39 municipios del AMBA y m\u00e1s all\u00e1 tambi\u00e9n. Esta es <strong>la mirada de expertas y expertos que desde las universidades del territorio aportan su conocimiento para mejorar la producci\u00f3n y la comercializaci\u00f3n en cercan\u00eda al consumidor<\/strong>, en claves de seguridad y soberan\u00eda alimentaria.<\/p>\n\n\n\n<p>\u201cEn el \u00c1rea Metropolitana de Buenos Aires est\u00e1 la mayor aglomeraci\u00f3n poblacional, con gran heterogeneidad social, que comprende 39 distritos de la provincia de Buenos Aires\u201d, dice <strong>Alejandra Ricca<\/strong>, doctora en ciencias biol\u00f3gicas y docente de la Universidad Nacional de Hurlingham (UNAHUR). Ricca lidera un proyecto financiado por el Ministerio de Ciencia, Tecnolog\u00eda e Innovaci\u00f3n Productiva, en el marco de la convocatoria \u201cCiencia y Tecnolog\u00eda contra el Hambre\u201d. La iniciativa -explica Ricca- busca \u201cdevelar las normativas jur\u00eddicas y las pol\u00edticas p\u00fablicas que fueron dise\u00f1adas para el sector de la agricultura familiar\u201d.<\/p>\n\n\n\n<p>\u201cEn general son familias, la mayor\u00eda son peque\u00f1os productores. Muchas veces son olas de migrantes que hist\u00f3ricamente se instalan, sobreviven, se reconfiguran y generan empleo y alimentos en cercan\u00eda al consumidor\u201d, dice <strong>Gustavo Tito<\/strong>, docente de la &nbsp;Universidad Nacional Arturo Jauretche (UNAJ) y t\u00e9cnico del Instituto Nacional de Tecnolog\u00eda Agropecuaria. Esto tiende a \u201cfavorecer la econom\u00eda social, solidaria y popular, ligada al cooperativismo y la agricultura familiar\u201d, agrega Ricca.<\/p>\n\n\n\n<p>Tito forma parte de la organizaci\u00f3n \u201cLa Periurbana\u201d, la primera feria universitaria originada en la UNAJ que surgi\u00f3 \u201ccon una fuerte vinculaci\u00f3n territorial con asistencia a los productores\u201d, explica. <strong>\u201cEstamos trabajando en Berazategui y Florencio Varela donde calculamos unos 1500 productores\u201d<\/strong>, dice. Y se\u00f1ala su alcance: <strong>\u201cEl 80 o el 90 por ciento de la producci\u00f3n le da de comer a la misma ciudad. Por eso la importancia de los periurbanos como unidades sustentables que, aunque aumente la urbanizaci\u00f3n, se reconfiguran, pero no desaparecen\u201d.<\/strong><\/p>\n\n\n\n<p>Alejandra Ricca, por su parte, acompa\u00f1a a las y los feriantes de Hurlingham, La Matanza y la \u201cFeria con Vos\u201d, un mercado virtual que naci\u00f3 en pandemia y que hoy contin\u00faa trabajando. La articulaci\u00f3n entre las y los productores del periurbano con las universidades es un hecho pero, \u00bfen qu\u00e9 reside ese \u201cacompa\u00f1amiento\u201d y qu\u00e9 implica generar productos frescos o elaborados desde el periurbano para abastecer a las ciudades?<\/p>\n\n\n\n<h2 class=\"wp-block-heading\">Del productor al consumidor<\/h2>\n\n\n\n<p>La producci\u00f3n periurbana tiene la gran ventaja de fomentar los canales de proximidad y los mercados de cercan\u00eda. \u201c<strong>Es una cercan\u00eda del productor, con pocos intermediarios, con el ciudadano; ah\u00ed bajamos los costos de log\u00edstica, los alimentos se hacen m\u00e1s frescos y fundamentalmente se generan bolsones de producci\u00f3n<\/strong>\u201d, destaca Tito.<\/p>\n\n\n\n<p>\u201cNosotros hablamos de circuitos cortos de comercializaci\u00f3n y de focalizar hacia alimentos m\u00e1s sanos\u201d, dice Ricca. Estos podr\u00edan ser bolsones o alimentos elaborados artesanalmente que se comercializan en mercados o ferias.<\/p>\n\n\n\n<h2 class=\"wp-block-heading\">Normativas (solo) para grandes productores<\/h2>\n\n\n\n<p>Seg\u00fan Ricca, la clave es vigorizar esas producciones locales y garantizar la calidad del producto. Esto es: \u201c<strong>Empoderar los saberes territoriales, rescatarlos y poder fortalecer los espacios de elaboraci\u00f3n y comercializaci\u00f3n directa.<\/strong> &nbsp;Esto -subraya la experta- se hace siempre desde el punto de vista de garantizar la calidad e inocuidad y generar confianza en el consumidor\u201d.<\/p>\n\n\n\n<p>Pero, \u00bfde qu\u00e9 manera? \u201c<strong>Acompa\u00f1amos desde el asesoramiento t\u00e9cnico en las etapas de elaboraci\u00f3n y comercializaci\u00f3n, con capacitaciones espec\u00edficas, monitoreo y an\u00e1lisis de rutinas, tomando acciones correctivas y verificando su implementaci\u00f3n<\/strong>\u201d, explica Ricca. En algunos casos, sujetarse a estos requisitos permite al productor comercializar en las ferias.<\/p>\n\n\n\n<p>\u00bfEs injusto que las actuales normativas de inocuidad de alimentos exijan lo mismo a una gran empresa y a un productor de la agricultura familiar? <strong>\u201cLas normativas fueron pensadas para grandes productores de alimentos\u201d<\/strong>, explica Ricca. Los peque\u00f1os productores tienen una baja escala de producci\u00f3n, uso intensivo de mano de obra familiar, poco uso de maquinaria y equipos, y una baja velocidad de cambio tecnol\u00f3gico. \u201cEsto es lo que, en parte, obstaculiza alcanzar los requisitos establecidos y quedan excluidos, con tendencia a la informalidad\u201d, advierte la investigadora de la UNAHUR. &nbsp;<\/p>\n\n\n\n<p>As\u00ed surgen las Peque\u00f1as Unidades Productivas de Alimentos (PUPAAS). Este \u00e1mbito, destaca Ricca, es \u201cequivalente en cuanto a riesgo sanitario y escala de producci\u00f3n a lo establecido por el art\u00edculo 152 del C\u00f3digo Alimentario Argentino\u201d, a partir del cual \u201cse implementan buenas pr\u00e1cticas de manufactura, se asegura la inocuidad de alimentos y se brinda el marco regulatorio y t\u00e9cnico necesarios para desempe\u00f1ar su actividad\u201d, asegura Ricca.<\/p>\n\n\n\n<h2 class=\"wp-block-heading\">Seguridad alimentaria: agroqu\u00edmicos vs. agroecolog\u00eda<\/h2>\n\n\n\n<p>\u201cCuando hablamos de inocuidad de alimentos es porque existen riesgos que pueden poner en peligro la salud\u201d, se\u00f1ala Ricca. <strong>La presencia de microorganismos pat\u00f3genos en los alimentos es habitual y esto puede generar intoxicaciones<\/strong>. Botulismo, listeria o <em>Escherichia coli<\/em> son algunos de los m\u00e1s conocidos relacionados con la temperatura de cocci\u00f3n de alimentos.<\/p>\n\n\n\n<p>Ricca advierte, sin embargo, que <strong>\u201cla cocci\u00f3n no mata todo. Eso es un mito\u201d<\/strong>. La temperatura de cocci\u00f3n degrada muchas mol\u00e9culas, pero no necesariamente elimina contaminantes. En ese sentido, adem\u00e1s de la biol\u00f3gica, la contaminaci\u00f3n de alimentos puede ser f\u00edsica o qu\u00edmica.<\/p>\n\n\n\n<p>La experta advierte que \u201c<strong>los agroqu\u00edmicos<\/strong> son otro factor a considerar en la inocuidad de los alimentos\u201d. Los productos de la agricultura convencional podr\u00edan tener residuos qu\u00edmicos a causa de la aplicaci\u00f3n de estos insumos.<\/p>\n\n\n\n<p>\u00bfEs compleja la transici\u00f3n hacia una agroecolog\u00eda? \u201cEs dificultosa en cuanto est\u00e1 instalado un modelo de producci\u00f3n que es hegem\u00f3nico\u201d, afirma Tito, y contin\u00faa: \u201cLa producci\u00f3n con agroqu\u00edmicos es mayoritaria. Hay toda una cadena de comercializaci\u00f3n adosada a ellos: insumos, <em>know-how<\/em> y una matriz para trabajar en eso\u201d.<\/p>\n\n\n\n<p>En la balanza hacia una transici\u00f3n agroecol\u00f3gica se juegan algunos puntos claves: acompa\u00f1amiento del Estado, reducci\u00f3n de costos de producci\u00f3n y un consumidor que reclama alimentos sanos. \u201cLo que ha sucedido es que el consumidor ha ido por delante de la demanda de un producto sin residuos de agroqu\u00edmicos\u201d, sostiene Tito.<\/p>\n\n\n\n<p>Por otro lado, el especialista asegura que \u201cla producci\u00f3n agroecol\u00f3gica permite estabilizar el sistema\u201d. Y agrega: \u201cTiene las respuestas t\u00e9cnicas que antes no ten\u00eda: empieza a resolver problemas como el control de plagas de forma efectiva. Esto baja los costos de insumos de agroqu\u00edmicos que son importados\u201d. Adem\u00e1s permite evitar los riesgos durante la producci\u00f3n: \u201cpuede ser que muchos productores hayan tenido una experiencia no agradable con el tema de los agroqu\u00edmicos, como intoxicaci\u00f3n en la familia\u201d, afirma Tito.<\/p>\n\n\n\n<p>La otra causa es que haya \u201cpersuasi\u00f3n\u201d desde lo institucional. \u201c<strong>Nosotros desde la feria dijimos \u2018si quer\u00e9s estar en la feria de la Universidad ten\u00e9s que estar al menos en transici\u00f3n agroecol\u00f3gica\u2019<\/strong>\u201d, explica el docente de la UNAJ. O el ejemplo claro de la provincia de Buenos Aires que ofrece financiamiento a tasa menor si se hace agroecolog\u00eda.<\/p>\n\n\n\n<h2 class=\"wp-block-heading\">Cuando el pueblo decide<\/h2>\n\n\n\n<p>\u201cLa palabra soberan\u00eda est\u00e1 en la disputa y es <strong>la capacidad que tiene un pueblo de tomar decisiones con respecto a la producci\u00f3n de alimentos<\/strong>\u201d, sostiene Tito. \u00bfQu\u00e9 decisiones? \u201cEn la medida en que producimos alimentos en el periurbano, pero hay una dependencia fuerte de insumos de agroqu\u00edmicos que son importados, en d\u00f3lares, esto nos quita soberan\u00eda\u201d.<\/p>\n\n\n\n<p>No es todo: \u201cSi la agricultura familiar comienza a tomar decisiones sobre el canal de comercializaci\u00f3n y el precio no lo impone un intermediario, se gana soberan\u00eda\u201d, afirma. \u201cSi esto sucede en todas las ferias locales, se garantiza el manejo de la producci\u00f3n local y ah\u00ed, como municipio, estamos ganando soberan\u00eda alimentaria\u201d.<\/p>\n\n\n\n<p>Tito concluye: \u201cLa producci\u00f3n periurbana es un ejemplo concreto de c\u00f3mo se disputa la soberan\u00eda alimentaria. Hay ciudades de la regi\u00f3n pampeana rodeadas de soja para exportaci\u00f3n, que no tienen la capacidad de decidir qu\u00e9 alimentos comen y lo tienen que comprar a varios kil\u00f3metros. Esas ciudades han perdido soberan\u00eda\u201d.<\/p>\n\n\n\n<figure class=\"wp-block-image size-full\"><img loading=\"lazy\" decoding=\"async\" width=\"1040\" height=\"346\" src=\"https:\/\/agencia.unq.edu.ar\/wp-content\/uploads\/2024\/01\/banner-saberes-en-territorio.jpg\" alt=\"banner Saberes en territorio\" class=\"wp-image-17572\"\/><\/figure>\n\n\n\n<div style=\"height:40px\" aria-hidden=\"true\" class=\"wp-block-spacer\"><\/div>\n\n\n\n<hr class=\"wp-block-separator has-text-color has-css-opacity has-background is-style-wide\" style=\"background-color:#fea50e;color:#fea50e\"\/>\n\n\n\n<h4 class=\"wp-block-heading\" id=\"publicaciones-relacionadas\">\u00daltimas noticias de la secci\u00f3n Ambiente:<\/h4>\n\n\n<style id=\"sp_pcp_dynamic_style3316\">#pcp_wrapper-3316:not(.sps-glossary-layout) .sp-pcp-row,#pcp_wrapper-3316 .sps-glossary-items-group .sps-glossary-items-content {margin-right: -10px;margin-left: -10px;}#pcp_wrapper-3316 .sp-pcp-row [class*='sp-pcp-col-']{padding-right: 10px;padding-left: 10px; padding-bottom:20px;}.pcp-wrapper-3316 .sp-pcp-title a {color: #ac162c;display: inherit;} .pcp-wrapper-3316 .sp-pcp-title a:hover {color: #fea50e;}#pcp_wrapper-3316 .dots .swiper-pagination-bullet{ background: #ac162c; } #pcp_wrapper-3316 .dots .swiper-pagination-bullet-active { background: #fea50e; }#pcp_wrapper-3316 .pcp-button-prev,#pcp_wrapper-3316 .pcp-button-next{ background-image: none; background-size: auto; background-color: #fff; height: 33px; width: 33px; margin-top: 8px; border: 1px solid #aaa; text-align: center; line-height: 30px; -webkit-transition: 0.3s; border-radius: 3px; }#pcp_wrapper-3316 .pcp-button-prev:hover, #pcp_wrapper-3316 .pcp-button-next:hover{ background-color: #fea50e; border-color: #ac162c; } #pcp_wrapper-3316 .pcp-button-prev .fa, #pcp_wrapper-3316 .pcp-button-next .fa { color: #000000; } #pcp_wrapper-3316 .pcp-button-prev:hover .fa, #pcp_wrapper-3316 .pcp-button-next:hover .fa { color: #fff; } #pcp_wrapper-3316.pcp-carousel-wrapper .sp-pcp-post{ margin-top: 0; }#pcp_wrapper-3316 .sp-pcp-post {padding: 0 0 0 0;}#pcp_wrapper-3316.sp-slider_layout .sp-pcp-post .sp-pcp-post-details {top: 0; right:0; bottom:0; left:0;}#pcp_wrapper-3316 .sp-pcp-post {border: 0px solid #e2e2e2; border-radius: 0px }#pcp_wrapper-3316 .sp-pcp-post{background-color: transparent;}#pcp_wrapper-3316 .pcp-post-thumb-wrapper{border: 0px solid #dddddd;border-radius:0px;}.pcp-wrapper-3316 .sp-pcp-post-meta li,.pcp-wrapper-3316 .sp-pcp-post-meta ul,.pcp-wrapper-3316 .sp-pcp-post-meta li a{color: #888;}.pcp-wrapper-3316 .sp-pcp-post-meta li a:hover{color: #e1624b;}#pcp_wrapper-3316 .pcp-post-pagination .page-numbers.current, #pcp_wrapper-3316 .pcp-post-pagination a.active , #pcp_wrapper-3316 .pcp-post-pagination a:hover{ color: #ffffff; background: #e1624b; border-color: #e1624b; }#pcp_wrapper-3316 .pcp-post-pagination .page-numbers, .pcp-post-pagination a{ background: #ffffff; color:#5e5e5e; border: 2px solid #bbbbbb;border-radius: 2px; }#pcp_wrapper-3316 .pcp-post-pagination{text-align: left;}@media (min-width: 1200px) {.sp-pcp-row .sp-pcp-col-xl-1 {flex: 0 0 100%;}.sp-pcp-row .sp-pcp-col-xl-2 {flex: 1 1 calc( 50% - 20px);}.sp-pcp-row .sp-pcp-col-xl-3 {flex: 1 1 calc( 33.333% - 20px);}.sp-pcp-row .sp-pcp-col-xl-4 {flex: 1 1 calc( 25% - 20px);}.sp-pcp-row .sp-pcp-col-xl-5 { flex: 1 1 calc( 20% - 20px);}.sp-pcp-row .sp-pcp-col-xl-6 {flex: 1 1 calc( 16.66666666666667% - 20px);}.sp-pcp-row .sp-pcp-col-xl-7 {flex: 1 1 calc( 14.28571428% - 20px);}.sp-pcp-row .sp-pcp-col-xl-8 {flex: 1 1 calc( 12.5% - 20px);}}@media (max-width: 1200px) {.sp-pcp-row .sp-pcp-col-lg-1 {flex: 0 0 100%;}.sp-pcp-row .sp-pcp-col-lg-2 {flex: 1 1 calc( 50% - 20px);}.sp-pcp-row .sp-pcp-col-lg-3 {flex: 1 1 calc( 33.333% - 20px);}.sp-pcp-row .sp-pcp-col-lg-4 {flex: 1 1 calc( 25% - 20px);}.sp-pcp-row .sp-pcp-col-lg-5 { flex: 1 1 calc( 20% - 20px);}.sp-pcp-row .sp-pcp-col-lg-6 {flex: 1 1 calc( 16.66666666666667% - 20px);}.sp-pcp-row .sp-pcp-col-lg-7 {flex: 1 1 calc( 14.28571428% - 20px);}.sp-pcp-row .sp-pcp-col-lg-8 {flex: 1 1 calc( 12.5% - 20px);}}@media (max-width: 992px) {.sp-pcp-row .sp-pcp-col-md-1 {flex: 0 0 100%;}.sp-pcp-row .sp-pcp-col-md-2 {flex: 1 1 calc( 50% - 20px);}.sp-pcp-row .sp-pcp-col-md-2-5 {flex: 0 0 75%;}.sp-pcp-row .sp-pcp-col-md-3 {flex: 1 1 calc( 33.333% - 20px);}.sp-pcp-row .sp-pcp-col-md-4 {flex: 1 1 calc( 25% - 20px);}.sp-pcp-row .sp-pcp-col-md-5 { flex: 1 1 calc( 20% - 20px);}.sp-pcp-row .sp-pcp-col-md-6 {flex: 1 1 calc( 16.66666666666667% - 20px);}.sp-pcp-row .sp-pcp-col-md-7 {flex: 1 1 calc( 14.28571428% - 20px);}.sp-pcp-row .sp-pcp-col-md-8 {flex: 1 1 calc( 12.5% - 20px);}}@media (max-width: 768px) {.sp-pcp-row .sp-pcp-col-sm-1 {flex: 0 0 100%;}.sp-pcp-row .sp-pcp-col-sm-2 {flex: 1 1 calc( 50% - 20px);}.sp-pcp-row .sp-pcp-col-sm-2-5 {flex: 0 0 75%;}.sp-pcp-row .sp-pcp-col-sm-3 {flex: 1 1 calc( 33.333% - 20px);}.sp-pcp-row .sp-pcp-col-sm-4 {flex: 1 1 calc( 25% - 20px);}.sp-pcp-row .sp-pcp-col-sm-5 { flex: 1 1 calc( 20% - 20px);}.sp-pcp-row .sp-pcp-col-sm-6 {flex: 1 1 calc( 16.66666666666667% - 20px);}.sp-pcp-row .sp-pcp-col-sm-7 {flex: 1 1 calc( 14.28571428% - 20px);}.sp-pcp-row .sp-pcp-col-sm-8 {flex: 1 1 calc( 12.5% - 20px);}}@media (max-width: 420px) {.sp-pcp-row .sp-pcp-col-xs-1 {flex: 0 0 100%;}.sp-pcp-row .sp-pcp-col-xs-2 {flex: 1 1 calc( 50% - 20px);}.sp-pcp-row .sp-pcp-col-xs-3 {flex: 1 1 calc( 33.333% - 20px);}.sp-pcp-row .sp-pcp-col-xs-4 {flex: 1 1 calc( 25% - 20px);}.sp-pcp-row .sp-pcp-col-xs-5 { flex: 1 1 calc( 20% - 20px);}.sp-pcp-row .sp-pcp-col-xs-6 {flex: 1 1 calc( 16.66666666666667% - 20px);}.sp-pcp-row .sp-pcp-col-xs-7 {flex: 1 1 calc( 14.28571428% - 20px);}.sp-pcp-row .sp-pcp-col-xs-8 {flex: 1 1 calc( 12.5% - 20px);}}<\/style><!-- Markup Starts -->\n<div id=\"pcp_wrapper-3316\" class=\"sp-pcp-section sp-pcp-container pcp-wrapper-3316 pcp-carousel-wrapper standard sp-carousel_layout\" data-sid=\"3316\">\n\t<div id=\"sp-pcp-id-3316\" class=\"swiper-container sp-pcp-carousel top_right\" dir=\"ltr\" data-carousel='{ \"speed\":600, \"items\":3, \"spaceBetween\":20, \"dynamicBullets\": false, \"navigation\":true, \"pagination\": true, \"autoplay\": true, \"autoplay_speed\": 2000, \"loop\": true, \"autoHeight\": false, \"lazy\":  true, \"simulateTouch\": true, \"freeMode\": false, \"slider_mouse_wheel\": false,\"allowTouchMove\": true, \"slidesPerView\": {\"lg_desktop\": 3, \"desktop\": 3, \"tablet\": 2, \"mobile_landscape\": 1, \"mobile\": 1}, \"navigation_mobile\": true, \"pagination_mobile\": true, \"stop_onHover\": true, \"enabled\": true, \"prevSlideMessage\": \"Previous slide\", \"nextSlideMessage\": \"Next slide\", \"firstSlideMessage\": \"This is the first slide\", \"lastSlideMessage\": \"This is the last slide\", \"keyboard\": \"true\", \"paginationBulletMessage\": \"Go to slide {{index}}\" }'>\n\t\t\t<div class=\"swiper-wrapper\">\n\t\t\t\t\t\t<div class=\" swiper-slide swiper-lazy\">\n\t\t\t<div class=\"sp-pcp-post default pcp-item-35518\" data-id=\"35518\">\n\t\t\t\t\t\t\t\t<div class=\"pcp-post-thumb-wrapper\">\n\t\t\t\t\t<div class=\"sp-pcp-post-thumb-area\">\n\t\t\t\t\t\t\t\t\t\t\t\t<a class=\"sp-pcp-thumb\" href=\"https:\/\/agencia.unq.edu.ar\/?p=35518\" target=\"_self\" >\n\t\t\t\t\t\t\t\t\t\t\t\t\t<img loading=\"lazy\" decoding=\"async\" src=\"https:\/\/agencia.unq.edu.ar\/wp-content\/uploads\/2026\/04\/Pinguino-emperador.jpg\" width=\"1040\" height=\"420\" alt=\"El ping\u00fcino emperador es una de las especies que cambi\u00f3 de categor\u00eda y ahora est\u00e1 en peligro de extinci\u00f3n. Cr\u00e9ditos: Philip Trathan.\">\n\t\t\t\t\t\t<\/a>\n\t\t\t\t\t<\/div>\n\t\t\t\t<\/div>\n\t\t\t\t\t\t\t\t<div class=\"sp-pcp-post-details\">\n\t\t\t\t\t<div class=\"sp-pcp-post-details-content\">\n\t\t\t\t\t\t\t\t<h4 class=\"sp-pcp-title\">\n\t\t\t\t\t\t\t\t\t<a href=\"https:\/\/agencia.unq.edu.ar\/?p=35518\"  target=\"_self\">Por culpa del cambio clim\u00e1tico, dos animales emblem\u00e1ticos de la Ant\u00e1rtida podr\u00edan extinguirse<\/a>\t\t\t\t\t\t\t<\/h4>\n\t\t\t\t\t\t\t\t\t<\/div>\n\t\t\t\t<\/div>\n\t\t\t<\/div>\n\t\t<\/div>\n\t\t\t\t<div class=\" swiper-slide swiper-lazy\">\n\t\t\t<div class=\"sp-pcp-post default pcp-item-34846\" data-id=\"34846\">\n\t\t\t\t\t\t\t\t<div class=\"pcp-post-thumb-wrapper\">\n\t\t\t\t\t<div class=\"sp-pcp-post-thumb-area\">\n\t\t\t\t\t\t\t\t\t\t\t\t<a class=\"sp-pcp-thumb\" href=\"https:\/\/agencia.unq.edu.ar\/?p=34846\" target=\"_self\" >\n\t\t\t\t\t\t\t\t\t\t\t\t\t<img loading=\"lazy\" decoding=\"async\" src=\"https:\/\/agencia.unq.edu.ar\/wp-content\/uploads\/2026\/03\/Mono-capuchino.jpg\" width=\"1040\" height=\"420\" alt=\"Los monos ca\u00ed buscan el interior de los \u00e1rboles como fuente de alimentaci\u00f3n (imagen: CONICET Nordeste).\">\n\t\t\t\t\t\t<\/a>\n\t\t\t\t\t<\/div>\n\t\t\t\t<\/div>\n\t\t\t\t\t\t\t\t<div class=\"sp-pcp-post-details\">\n\t\t\t\t\t<div class=\"sp-pcp-post-details-content\">\n\t\t\t\t\t\t\t\t<h4 class=\"sp-pcp-title\">\n\t\t\t\t\t\t\t\t\t<a href=\"https:\/\/agencia.unq.edu.ar\/?p=34846\"  target=\"_self\">Monos, pinos y una idea ingeniosa para que todos ganen<\/a>\t\t\t\t\t\t\t<\/h4>\n\t\t\t\t\t\t\t\t\t<\/div>\n\t\t\t\t<\/div>\n\t\t\t<\/div>\n\t\t<\/div>\n\t\t\t\t<div class=\" swiper-slide swiper-lazy\">\n\t\t\t<div class=\"sp-pcp-post default pcp-item-34711\" data-id=\"34711\">\n\t\t\t\t\t\t\t\t<div class=\"pcp-post-thumb-wrapper\">\n\t\t\t\t\t<div class=\"sp-pcp-post-thumb-area\">\n\t\t\t\t\t\t\t\t\t\t\t\t<a class=\"sp-pcp-thumb\" href=\"https:\/\/agencia.unq.edu.ar\/?p=34711\" target=\"_self\" >\n\t\t\t\t\t\t\t\t\t\t\t\t\t<img loading=\"lazy\" decoding=\"async\" src=\"https:\/\/agencia.unq.edu.ar\/wp-content\/uploads\/2026\/03\/nueve-claves.jpg\" width=\"1040\" height=\"420\" alt=\"Evaluar y proteger la biodiversidad se volvi\u00f3 imprescindible (imagen: estrategiasdeiversion.com)\">\n\t\t\t\t\t\t<\/a>\n\t\t\t\t\t<\/div>\n\t\t\t\t<\/div>\n\t\t\t\t\t\t\t\t<div class=\"sp-pcp-post-details\">\n\t\t\t\t\t<div class=\"sp-pcp-post-details-content\">\n\t\t\t\t\t\t\t\t<h4 class=\"sp-pcp-title\">\n\t\t\t\t\t\t\t\t\t<a href=\"https:\/\/agencia.unq.edu.ar\/?p=34711\"  target=\"_self\">Cient\u00edficos de todo el mundo acordaron los cambios fundamentales para proteger la biodiversidad<\/a>\t\t\t\t\t\t\t<\/h4>\n\t\t\t\t\t\t\t\t\t<\/div>\n\t\t\t\t<\/div>\n\t\t\t<\/div>\n\t\t<\/div>\n\t\t\t\t<div class=\" swiper-slide swiper-lazy\">\n\t\t\t<div class=\"sp-pcp-post default pcp-item-34358\" data-id=\"34358\">\n\t\t\t\t\t\t\t\t<div class=\"pcp-post-thumb-wrapper\">\n\t\t\t\t\t<div class=\"sp-pcp-post-thumb-area\">\n\t\t\t\t\t\t\t\t\t\t\t\t<a class=\"sp-pcp-thumb\" href=\"https:\/\/agencia.unq.edu.ar\/?p=34358\" target=\"_self\" >\n\t\t\t\t\t\t\t\t\t\t\t\t\t<img loading=\"lazy\" decoding=\"async\" src=\"https:\/\/agencia.unq.edu.ar\/wp-content\/uploads\/2026\/02\/Inundacion-Peru.jpg\" width=\"1040\" height=\"420\" alt=\"Una inundaci\u00f3n de 2017 en Per\u00fa que dej\u00f3 m\u00e1s de 100 muertos. Cr\u00e9ditos: Reuters.\">\n\t\t\t\t\t\t<\/a>\n\t\t\t\t\t<\/div>\n\t\t\t\t<\/div>\n\t\t\t\t\t\t\t\t<div class=\"sp-pcp-post-details\">\n\t\t\t\t\t<div class=\"sp-pcp-post-details-content\">\n\t\t\t\t\t\t\t\t<h4 class=\"sp-pcp-title\">\n\t\t\t\t\t\t\t\t\t<a href=\"https:\/\/agencia.unq.edu.ar\/?p=34358\"  target=\"_self\">Se duplicaron las inundaciones en Am\u00e9rica Latina y el Caribe durante los \u00faltimos 30 a\u00f1os<\/a>\t\t\t\t\t\t\t<\/h4>\n\t\t\t\t\t\t\t\t\t<\/div>\n\t\t\t\t<\/div>\n\t\t\t<\/div>\n\t\t<\/div>\n\t\t\t\t<div class=\" swiper-slide swiper-lazy\">\n\t\t\t<div class=\"sp-pcp-post default pcp-item-34203\" data-id=\"34203\">\n\t\t\t\t\t\t\t\t<div class=\"pcp-post-thumb-wrapper\">\n\t\t\t\t\t<div class=\"sp-pcp-post-thumb-area\">\n\t\t\t\t\t\t\t\t\t\t\t\t<a class=\"sp-pcp-thumb\" href=\"https:\/\/agencia.unq.edu.ar\/?p=34203\" target=\"_self\" >\n\t\t\t\t\t\t\t\t\t\t\t\t\t<img loading=\"lazy\" decoding=\"async\" src=\"https:\/\/agencia.unq.edu.ar\/wp-content\/uploads\/2026\/02\/La-tecnologia-economica-rapida-y-portatil-para-medir-fosfato.-Creditos_-Conicet.jpg\" width=\"1040\" height=\"420\" alt=\"La tecnolog\u00eda econ\u00f3mica, r\u00e1pida y port\u00e1til para medir fosfato. Cr\u00e9ditos: Conicet.\">\n\t\t\t\t\t\t<\/a>\n\t\t\t\t\t<\/div>\n\t\t\t\t<\/div>\n\t\t\t\t\t\t\t\t<div class=\"sp-pcp-post-details\">\n\t\t\t\t\t<div class=\"sp-pcp-post-details-content\">\n\t\t\t\t\t\t\t\t<h4 class=\"sp-pcp-title\">\n\t\t\t\t\t\t\t\t\t<a href=\"https:\/\/agencia.unq.edu.ar\/?p=34203\"  target=\"_self\">Investigadores del Conicet desarrollan un m\u00e9todo para medir el fosfato con el celular<\/a>\t\t\t\t\t\t\t<\/h4>\n\t\t\t\t\t\t\t\t\t<\/div>\n\t\t\t\t<\/div>\n\t\t\t<\/div>\n\t\t<\/div>\n\t\t\t\t<div class=\" swiper-slide swiper-lazy\">\n\t\t\t<div class=\"sp-pcp-post default pcp-item-34153\" data-id=\"34153\">\n\t\t\t\t\t\t\t\t<div class=\"pcp-post-thumb-wrapper\">\n\t\t\t\t\t<div class=\"sp-pcp-post-thumb-area\">\n\t\t\t\t\t\t\t\t\t\t\t\t<a class=\"sp-pcp-thumb\" href=\"https:\/\/agencia.unq.edu.ar\/?p=34153\" target=\"_self\" >\n\t\t\t\t\t\t\t\t\t\t\t\t\t<img loading=\"lazy\" decoding=\"async\" src=\"https:\/\/agencia.unq.edu.ar\/wp-content\/uploads\/2026\/02\/Arboles-IA.jpg\" width=\"1040\" height=\"420\" alt=\"Uno de los \u00e1rboles plantados en un suburbio en la isla Bribie es el Fresno. Cr\u00e9ditos: Huertox.\">\n\t\t\t\t\t\t<\/a>\n\t\t\t\t\t<\/div>\n\t\t\t\t<\/div>\n\t\t\t\t\t\t\t\t<div class=\"sp-pcp-post-details\">\n\t\t\t\t\t<div class=\"sp-pcp-post-details-content\">\n\t\t\t\t\t\t\t\t<h4 class=\"sp-pcp-title\">\n\t\t\t\t\t\t\t\t\t<a href=\"https:\/\/agencia.unq.edu.ar\/?p=34153\"  target=\"_self\">Desarrollan una herramienta con IA que podr\u00eda enfriar zonas urbanas hasta 3,5 grados<\/a>\t\t\t\t\t\t\t<\/h4>\n\t\t\t\t\t\t\t\t\t<\/div>\n\t\t\t\t<\/div>\n\t\t\t<\/div>\n\t\t<\/div>\n\t\t\t\t<div class=\" swiper-slide swiper-lazy\">\n\t\t\t<div class=\"sp-pcp-post default pcp-item-33935\" data-id=\"33935\">\n\t\t\t\t\t\t\t\t<div class=\"pcp-post-thumb-wrapper\">\n\t\t\t\t\t<div class=\"sp-pcp-post-thumb-area\">\n\t\t\t\t\t\t\t\t\t\t\t\t<a class=\"sp-pcp-thumb\" href=\"https:\/\/agencia.unq.edu.ar\/?p=33935\" target=\"_self\" >\n\t\t\t\t\t\t\t\t\t\t\t\t\t<img loading=\"lazy\" decoding=\"async\" src=\"https:\/\/agencia.unq.edu.ar\/wp-content\/uploads\/2026\/02\/biodiversidad.jpg\" width=\"1040\" height=\"420\" alt=\"La vida secreta del planeta: miles de especies nuevas por a\u00f1o y un reloj que corre. Cr\u00e9ditos: EcoCounter.\">\n\t\t\t\t\t\t<\/a>\n\t\t\t\t\t<\/div>\n\t\t\t\t<\/div>\n\t\t\t\t\t\t\t\t<div class=\"sp-pcp-post-details\">\n\t\t\t\t\t<div class=\"sp-pcp-post-details-content\">\n\t\t\t\t\t\t\t\t<h4 class=\"sp-pcp-title\">\n\t\t\t\t\t\t\t\t\t<a href=\"https:\/\/agencia.unq.edu.ar\/?p=33935\"  target=\"_self\">Media Tierra sin nombre: la biodiversidad que falta descubrir no se achica, crece<\/a>\t\t\t\t\t\t\t<\/h4>\n\t\t\t\t\t\t\t\t\t<\/div>\n\t\t\t\t<\/div>\n\t\t\t<\/div>\n\t\t<\/div>\n\t\t\t\t<div class=\" swiper-slide swiper-lazy\">\n\t\t\t<div class=\"sp-pcp-post default pcp-item-33883\" data-id=\"33883\">\n\t\t\t\t\t\t\t\t<div class=\"pcp-post-thumb-wrapper\">\n\t\t\t\t\t<div class=\"sp-pcp-post-thumb-area\">\n\t\t\t\t\t\t\t\t\t\t\t\t<a class=\"sp-pcp-thumb\" href=\"https:\/\/agencia.unq.edu.ar\/?p=33883\" target=\"_self\" >\n\t\t\t\t\t\t\t\t\t\t\t\t\t<img loading=\"lazy\" decoding=\"async\" src=\"https:\/\/agencia.unq.edu.ar\/wp-content\/uploads\/2026\/02\/pinguinos-el-extremo-sur.jpg\" width=\"1040\" height=\"420\" alt=\"La observaci\u00f3n es no invasiva ya que no hay iluminaci\u00f3n en nidos, los ingresos son perimetrales y el mantenimiento se realiza a intervalos amplios. Cr\u00e9ditos: El extremos sur.\">\n\t\t\t\t\t\t<\/a>\n\t\t\t\t\t<\/div>\n\t\t\t\t<\/div>\n\t\t\t\t\t\t\t\t<div class=\"sp-pcp-post-details\">\n\t\t\t\t\t<div class=\"sp-pcp-post-details-content\">\n\t\t\t\t\t\t\t\t<h4 class=\"sp-pcp-title\">\n\t\t\t\t\t\t\t\t\t<a href=\"https:\/\/agencia.unq.edu.ar\/?p=33883\"  target=\"_self\">El streaming del Conicet que convierte a la Patagonia en laboratorio a cielo abierto<\/a>\t\t\t\t\t\t\t<\/h4>\n\t\t\t\t\t\t\t\t\t<\/div>\n\t\t\t\t<\/div>\n\t\t\t<\/div>\n\t\t<\/div>\n\t\t\t\t<div class=\" swiper-slide swiper-lazy\">\n\t\t\t<div class=\"sp-pcp-post default pcp-item-33697\" data-id=\"33697\">\n\t\t\t\t\t\t\t\t<div class=\"pcp-post-thumb-wrapper\">\n\t\t\t\t\t<div class=\"sp-pcp-post-thumb-area\">\n\t\t\t\t\t\t\t\t\t\t\t\t<a class=\"sp-pcp-thumb\" href=\"https:\/\/agencia.unq.edu.ar\/?p=33697\" target=\"_self\" >\n\t\t\t\t\t\t\t\t\t\t\t\t\t<img loading=\"lazy\" decoding=\"async\" src=\"https:\/\/agencia.unq.edu.ar\/wp-content\/uploads\/2026\/01\/Playa-Pinamar.jpg\" width=\"1040\" height=\"420\" alt=\"&quot;La temperatura que alcanza la arena de la playa en un d\u00eda soleado depende de su reflectancia, es decir, de su capacidad para rechazar parte de la radiaci\u00f3n solar y, por lo tanto, para absorber menos calor&quot;, declara Bozzano. Cr\u00e9ditos: Aire digital.\">\n\t\t\t\t\t\t<\/a>\n\t\t\t\t\t<\/div>\n\t\t\t\t<\/div>\n\t\t\t\t\t\t\t\t<div class=\"sp-pcp-post-details\">\n\t\t\t\t\t<div class=\"sp-pcp-post-details-content\">\n\t\t\t\t\t\t\t\t<h4 class=\"sp-pcp-title\">\n\t\t\t\t\t\t\t\t\t<a href=\"https:\/\/agencia.unq.edu.ar\/?p=33697\"  target=\"_self\">\u00bfPor qu\u00e9 la arena de la Costa Atl\u00e1ntica argentina quema m\u00e1s que la del Caribe?<\/a>\t\t\t\t\t\t\t<\/h4>\n\t\t\t\t\t\t\t\t\t<\/div>\n\t\t\t\t<\/div>\n\t\t\t<\/div>\n\t\t<\/div>\n\t\t\t\t<div class=\" swiper-slide swiper-lazy\">\n\t\t\t<div class=\"sp-pcp-post default pcp-item-33674\" data-id=\"33674\">\n\t\t\t\t\t\t\t\t<div class=\"pcp-post-thumb-wrapper\">\n\t\t\t\t\t<div class=\"sp-pcp-post-thumb-area\">\n\t\t\t\t\t\t\t\t\t\t\t\t<a class=\"sp-pcp-thumb\" href=\"https:\/\/agencia.unq.edu.ar\/?p=33674\" target=\"_self\" >\n\t\t\t\t\t\t\t\t\t\t\t\t\t<img loading=\"lazy\" decoding=\"async\" src=\"https:\/\/agencia.unq.edu.ar\/wp-content\/uploads\/2026\/01\/Incendios-chubut.jpg\" width=\"1040\" height=\"420\" alt=\"El incendio comenz\u00f3 en Puerto Patriada, El Hoyo, y ya quem\u00f3 cerca de 12 mil hect\u00e1reas. Cr\u00e9ditos: InfoSantiago.\">\n\t\t\t\t\t\t<\/a>\n\t\t\t\t\t<\/div>\n\t\t\t\t<\/div>\n\t\t\t\t\t\t\t\t<div class=\"sp-pcp-post-details\">\n\t\t\t\t\t<div class=\"sp-pcp-post-details-content\">\n\t\t\t\t\t\t\t\t<h4 class=\"sp-pcp-title\">\n\t\t\t\t\t\t\t\t\t<a href=\"https:\/\/agencia.unq.edu.ar\/?p=33674\"  target=\"_self\">En primera l\u00ednea: la voz de una vecina que ayuda a combatir los incendios de Chubut<\/a>\t\t\t\t\t\t\t<\/h4>\n\t\t\t\t\t\t\t\t\t<\/div>\n\t\t\t\t<\/div>\n\t\t\t<\/div>\n\t\t<\/div>\n\t\t\t\t<div class=\" swiper-slide swiper-lazy\">\n\t\t\t<div class=\"sp-pcp-post default pcp-item-33632\" data-id=\"33632\">\n\t\t\t\t\t\t\t\t<div class=\"pcp-post-thumb-wrapper\">\n\t\t\t\t\t<div class=\"sp-pcp-post-thumb-area\">\n\t\t\t\t\t\t\t\t\t\t\t\t<a class=\"sp-pcp-thumb\" href=\"https:\/\/agencia.unq.edu.ar\/?p=33632\" target=\"_self\" >\n\t\t\t\t\t\t\t\t\t\t\t\t\t<img loading=\"lazy\" decoding=\"async\" src=\"https:\/\/agencia.unq.edu.ar\/wp-content\/uploads\/2026\/01\/risueno.jpg\" width=\"1040\" height=\"420\" alt=\"E\u00f3lica y solar al frente: las fuentes que empujaron la suba renovable. Cr\u00e9ditos: Risue\u00f1o.\">\n\t\t\t\t\t\t<\/a>\n\t\t\t\t\t<\/div>\n\t\t\t\t<\/div>\n\t\t\t\t\t\t\t\t<div class=\"sp-pcp-post-details\">\n\t\t\t\t\t<div class=\"sp-pcp-post-details-content\">\n\t\t\t\t\t\t\t\t<h4 class=\"sp-pcp-title\">\n\t\t\t\t\t\t\t\t\t<a href=\"https:\/\/agencia.unq.edu.ar\/?p=33632\"  target=\"_self\">El futuro de la energ\u00eda es renovable: r\u00e9cord global y situaci\u00f3n en Argentina<\/a>\t\t\t\t\t\t\t<\/h4>\n\t\t\t\t\t\t\t\t\t<\/div>\n\t\t\t\t<\/div>\n\t\t\t<\/div>\n\t\t<\/div>\n\t\t\t\t<div class=\" swiper-slide swiper-lazy\">\n\t\t\t<div class=\"sp-pcp-post default pcp-item-33531\" data-id=\"33531\">\n\t\t\t\t\t\t\t\t<div class=\"pcp-post-thumb-wrapper\">\n\t\t\t\t\t<div class=\"sp-pcp-post-thumb-area\">\n\t\t\t\t\t\t\t\t\t\t\t\t<a class=\"sp-pcp-thumb\" href=\"https:\/\/agencia.unq.edu.ar\/?p=33531\" target=\"_self\" >\n\t\t\t\t\t\t\t\t\t\t\t\t\t<img loading=\"lazy\" decoding=\"async\" src=\"https:\/\/agencia.unq.edu.ar\/wp-content\/uploads\/2025\/12\/Negacionismo-del-cambio-climatico.jpg\" width=\"1040\" height=\"420\" alt=\"El movimiento negacionista rechaza el consenso cient\u00edfico alrededor del cambio clim\u00e1tico de origen antropog\u00e9nico (imagen: elpais.com)\">\n\t\t\t\t\t\t<\/a>\n\t\t\t\t\t<\/div>\n\t\t\t\t<\/div>\n\t\t\t\t\t\t\t\t<div class=\"sp-pcp-post-details\">\n\t\t\t\t\t<div class=\"sp-pcp-post-details-content\">\n\t\t\t\t\t\t\t\t<h4 class=\"sp-pcp-title\">\n\t\t\t\t\t\t\t\t\t<a href=\"https:\/\/agencia.unq.edu.ar\/?p=33531\"  target=\"_self\">Treinta a\u00f1os sembrando dudas: la historia del negacionismo del cambio clim\u00e1tico<\/a>\t\t\t\t\t\t\t<\/h4>\n\t\t\t\t\t\t\t\t\t<\/div>\n\t\t\t\t<\/div>\n\t\t\t<\/div>\n\t\t<\/div>\n\t\t\t\t<div class=\" swiper-slide swiper-lazy\">\n\t\t\t<div class=\"sp-pcp-post default pcp-item-33083\" data-id=\"33083\">\n\t\t\t\t\t\t\t\t<div class=\"pcp-post-thumb-wrapper\">\n\t\t\t\t\t<div class=\"sp-pcp-post-thumb-area\">\n\t\t\t\t\t\t\t\t\t\t\t\t<a class=\"sp-pcp-thumb\" href=\"https:\/\/agencia.unq.edu.ar\/?p=33083\" target=\"_self\" >\n\t\t\t\t\t\t\t\t\t\t\t\t\t<img loading=\"lazy\" decoding=\"async\" src=\"https:\/\/agencia.unq.edu.ar\/wp-content\/uploads\/2025\/12\/Tiburon-gatopardo.jpg\" width=\"1040\" height=\"420\" alt=\"Un tibur\u00f3n gatopardo navegando por la costa argentina. Cr\u00e9ditos: Proyecto Arrecife \u2013 Laboratorio Ecolog\u00eda de Peces (Cesimar-Conicet)\">\n\t\t\t\t\t\t<\/a>\n\t\t\t\t\t<\/div>\n\t\t\t\t<\/div>\n\t\t\t\t\t\t\t\t<div class=\"sp-pcp-post-details\">\n\t\t\t\t\t<div class=\"sp-pcp-post-details-content\">\n\t\t\t\t\t\t\t\t<h4 class=\"sp-pcp-title\">\n\t\t\t\t\t\t\t\t\t<a href=\"https:\/\/agencia.unq.edu.ar\/?p=33083\"  target=\"_self\">Investigadores estudian la ruta del gatopardo, el tibur\u00f3n bonaerense<\/a>\t\t\t\t\t\t\t<\/h4>\n\t\t\t\t\t\t\t\t\t<\/div>\n\t\t\t\t<\/div>\n\t\t\t<\/div>\n\t\t<\/div>\n\t\t\t\t<div class=\" swiper-slide swiper-lazy\">\n\t\t\t<div class=\"sp-pcp-post default pcp-item-32956\" data-id=\"32956\">\n\t\t\t\t\t\t\t\t<div class=\"pcp-post-thumb-wrapper\">\n\t\t\t\t\t<div class=\"sp-pcp-post-thumb-area\">\n\t\t\t\t\t\t\t\t\t\t\t\t<a class=\"sp-pcp-thumb\" href=\"https:\/\/agencia.unq.edu.ar\/?p=32956\" target=\"_self\" >\n\t\t\t\t\t\t\t\t\t\t\t\t\t<img loading=\"lazy\" decoding=\"async\" src=\"https:\/\/agencia.unq.edu.ar\/wp-content\/uploads\/2025\/11\/Pinguinos-de-Magallanes.jpg\" width=\"1040\" height=\"420\" alt=\"Ping\u00fcino de Magallanes. Cr\u00e9ditos: Noticias ambientales.\">\n\t\t\t\t\t\t<\/a>\n\t\t\t\t\t<\/div>\n\t\t\t\t<\/div>\n\t\t\t\t\t\t\t\t<div class=\"sp-pcp-post-details\">\n\t\t\t\t\t<div class=\"sp-pcp-post-details-content\">\n\t\t\t\t\t\t\t\t<h4 class=\"sp-pcp-title\">\n\t\t\t\t\t\t\t\t\t<a href=\"https:\/\/agencia.unq.edu.ar\/?p=32956\"  target=\"_self\">Ping\u00fcinos de Magallanes, cormoranes y otras aves marinas: \u00bfde qu\u00e9 trata el nuevo streaming del Conicet?<\/a>\t\t\t\t\t\t\t<\/h4>\n\t\t\t\t\t\t\t\t\t<\/div>\n\t\t\t\t<\/div>\n\t\t\t<\/div>\n\t\t<\/div>\n\t\t\t\t<div class=\" swiper-slide swiper-lazy\">\n\t\t\t<div class=\"sp-pcp-post default pcp-item-32940\" data-id=\"32940\">\n\t\t\t\t\t\t\t\t<div class=\"pcp-post-thumb-wrapper\">\n\t\t\t\t\t<div class=\"sp-pcp-post-thumb-area\">\n\t\t\t\t\t\t\t\t\t\t\t\t<a class=\"sp-pcp-thumb\" href=\"https:\/\/agencia.unq.edu.ar\/?p=32940\" target=\"_self\" >\n\t\t\t\t\t\t\t\t\t\t\t\t\t<img loading=\"lazy\" decoding=\"async\" src=\"https:\/\/agencia.unq.edu.ar\/wp-content\/uploads\/2025\/11\/Incendio-cerro-otto.jpg\" width=\"1040\" height=\"420\" alt=\"Brigadistas combaten los incendios en Cerro Otto. Cr\u00e9ditos: Alfredo Leiva \/ R\u00edo Negro.\">\n\t\t\t\t\t\t<\/a>\n\t\t\t\t\t<\/div>\n\t\t\t\t<\/div>\n\t\t\t\t\t\t\t\t<div class=\"sp-pcp-post-details\">\n\t\t\t\t\t<div class=\"sp-pcp-post-details-content\">\n\t\t\t\t\t\t\t\t<h4 class=\"sp-pcp-title\">\n\t\t\t\t\t\t\t\t\t<a href=\"https:\/\/agencia.unq.edu.ar\/?p=32940\"  target=\"_self\">Incendios forestales en Bariloche: un vecino cuenta su experiencia en primera persona<\/a>\t\t\t\t\t\t\t<\/h4>\n\t\t\t\t\t\t\t\t\t<\/div>\n\t\t\t\t<\/div>\n\t\t\t<\/div>\n\t\t<\/div>\n\t\t\t\t<div class=\" swiper-slide swiper-lazy\">\n\t\t\t<div class=\"sp-pcp-post default pcp-item-32473\" data-id=\"32473\">\n\t\t\t\t\t\t\t\t<div class=\"pcp-post-thumb-wrapper\">\n\t\t\t\t\t<div class=\"sp-pcp-post-thumb-area\">\n\t\t\t\t\t\t\t\t\t\t\t\t<a class=\"sp-pcp-thumb\" href=\"https:\/\/agencia.unq.edu.ar\/?p=32473\" target=\"_self\" >\n\t\t\t\t\t\t\t\t\t\t\t\t\t<img loading=\"lazy\" decoding=\"async\" src=\"https:\/\/agencia.unq.edu.ar\/wp-content\/uploads\/2025\/11\/COP30-Brasil.jpg\" width=\"1040\" height=\"420\" alt=\"Reuni\u00f3n previa a la COP30. Cr\u00e9ditos: Rafa Neddermeyer \/ COP30 Brasil Amaz\u00f4nia \/ PR.\">\n\t\t\t\t\t\t<\/a>\n\t\t\t\t\t<\/div>\n\t\t\t\t<\/div>\n\t\t\t\t\t\t\t\t<div class=\"sp-pcp-post-details\">\n\t\t\t\t\t<div class=\"sp-pcp-post-details-content\">\n\t\t\t\t\t\t\t\t<h4 class=\"sp-pcp-title\">\n\t\t\t\t\t\t\t\t\t<a href=\"https:\/\/agencia.unq.edu.ar\/?p=32473\"  target=\"_self\">COP30: \u00bfQu\u00e9 se espera sobre la cumbre de cambio clim\u00e1tico y cu\u00e1l ser\u00e1 el rol de Argentina?<\/a>\t\t\t\t\t\t\t<\/h4>\n\t\t\t\t\t\t\t\t\t<\/div>\n\t\t\t\t<\/div>\n\t\t\t<\/div>\n\t\t<\/div>\n\t\t\t\t\t<\/div>\n\t\t\t\t\t\t<div class=\"pcp-pagination swiper-pagination dots\"><\/div>\n\t\t\t\t\t\t\t\t\t\t<div class=\"pcp-button-next swiper-button-next top_right\"><i class=\"fa fa-angle-right\"><\/i><\/div>\n\t\t\t\t<div class=\"pcp-button-prev swiper-button-prev top_right\"><i class=\"fa fa-angle-left\"><\/i><\/div>\t<\/div>\n<\/div>\n\n\n\n\n<hr class=\"wp-block-separator has-text-color has-css-opacity has-background is-style-wide\" style=\"background-color:#fea50e;color:#fea50e\"\/>\n","protected":false},"excerpt":{"rendered":"<p>Especialistas de las universidades nacionales de Hurlingham y Arturo Jauretche aportan su conocimiento para mejorar la producci\u00f3n y la comercializaci\u00f3n. <\/p>\n","protected":false},"author":9,"featured_media":5959,"comment_status":"closed","ping_status":"closed","sticky":false,"template":"","format":"standard","meta":{"_uag_custom_page_level_css":"","_monsterinsights_skip_tracking":false,"_monsterinsights_sitenote_active":false,"_monsterinsights_sitenote_note":"","_monsterinsights_sitenote_category":0,"site-sidebar-layout":"default","site-content-layout":"","ast-site-content-layout":"default","site-content-style":"default","site-sidebar-style":"default","ast-global-header-display":"","ast-banner-title-visibility":"","ast-main-header-display":"","ast-hfb-above-header-display":"","ast-hfb-below-header-display":"","ast-hfb-mobile-header-display":"","site-post-title":"","ast-breadcrumbs-content":"","ast-featured-img":"","footer-sml-layout":"","ast-disable-related-posts":"","theme-transparent-header-meta":"","adv-header-id-meta":"","stick-header-meta":"","header-above-stick-meta":"","header-main-stick-meta":"","header-below-stick-meta":"","astra-migrate-meta-layouts":"default","ast-page-background-enabled":"default","ast-page-background-meta":{"desktop":{"background-color":"var(--ast-global-color-4)","background-image":"","background-repeat":"repeat","background-position":"center center","background-size":"auto","background-attachment":"scroll","background-type":"","background-media":"","overlay-type":"","overlay-color":"","overlay-opacity":"","overlay-gradient":""},"tablet":{"background-color":"","background-image":"","background-repeat":"repeat","background-position":"center center","background-size":"auto","background-attachment":"scroll","background-type":"","background-media":"","overlay-type":"","overlay-color":"","overlay-opacity":"","overlay-gradient":""},"mobile":{"background-color":"","background-image":"","background-repeat":"repeat","background-position":"center center","background-size":"auto","background-attachment":"scroll","background-type":"","background-media":"","overlay-type":"","overlay-color":"","overlay-opacity":"","overlay-gradient":""}},"ast-content-background-meta":{"desktop":{"background-color":"var(--ast-global-color-5)","background-image":"","background-repeat":"repeat","background-position":"center center","background-size":"auto","background-attachment":"scroll","background-type":"","background-media":"","overlay-type":"","overlay-color":"","overlay-opacity":"","overlay-gradient":""},"tablet":{"background-color":"var(--ast-global-color-5)","background-image":"","background-repeat":"repeat","background-position":"center center","background-size":"auto","background-attachment":"scroll","background-type":"","background-media":"","overlay-type":"","overlay-color":"","overlay-opacity":"","overlay-gradient":""},"mobile":{"background-color":"var(--ast-global-color-5)","background-image":"","background-repeat":"repeat","background-position":"center center","background-size":"auto","background-attachment":"scroll","background-type":"","background-media":"","overlay-type":"","overlay-color":"","overlay-opacity":"","overlay-gradient":""}},"footnotes":""},"categories":[11,16],"tags":[230],"class_list":["post-5953","post","type-post","status-publish","format-standard","has-post-thumbnail","hentry","category-ambiente","category-noticia-destacada","tag-seguridad-alimentaria"],"aioseo_notices":[],"uagb_featured_image_src":{"full":["https:\/\/agencia.unq.edu.ar\/wp-content\/uploads\/2022\/07\/destacada-Pablo.jpg",1040,420,false],"thumbnail":["https:\/\/agencia.unq.edu.ar\/wp-content\/uploads\/2022\/07\/destacada-Pablo.jpg",150,61,false],"medium":["https:\/\/agencia.unq.edu.ar\/wp-content\/uploads\/2022\/07\/destacada-Pablo.jpg",960,388,false],"medium_large":["https:\/\/agencia.unq.edu.ar\/wp-content\/uploads\/2022\/07\/destacada-Pablo.jpg",768,310,false],"large":["https:\/\/agencia.unq.edu.ar\/wp-content\/uploads\/2022\/07\/destacada-Pablo.jpg",1040,420,false],"1536x1536":["https:\/\/agencia.unq.edu.ar\/wp-content\/uploads\/2022\/07\/destacada-Pablo.jpg",1040,420,false],"2048x2048":["https:\/\/agencia.unq.edu.ar\/wp-content\/uploads\/2022\/07\/destacada-Pablo.jpg",1040,420,false]},"uagb_author_info":{"display_name":"Agencia de Noticias Cient\u00edficas UNQ","author_link":"https:\/\/agencia.unq.edu.ar\/?author=9"},"uagb_comment_info":0,"uagb_excerpt":"Especialistas de las universidades nacionales de Hurlingham y Arturo Jauretche aportan su conocimiento para mejorar la producci\u00f3n y la comercializaci\u00f3n.","blog_post_layout_featured_media_urls":{"thumbnail":["https:\/\/agencia.unq.edu.ar\/wp-content\/uploads\/2022\/07\/destacada-Pablo.jpg",150,61,false],"full":["https:\/\/agencia.unq.edu.ar\/wp-content\/uploads\/2022\/07\/destacada-Pablo.jpg",1040,420,false]},"categories_names":{"11":{"name":"Ambiente","link":"https:\/\/agencia.unq.edu.ar\/?cat=11"},"16":{"name":"Noticia destacada","link":"https:\/\/agencia.unq.edu.ar\/?cat=16"}},"tags_names":{"230":{"name":"seguridad alimentaria","link":"https:\/\/agencia.unq.edu.ar\/?tag=seguridad-alimentaria"}},"comments_number":"0","_links":{"self":[{"href":"https:\/\/agencia.unq.edu.ar\/index.php?rest_route=\/wp\/v2\/posts\/5953","targetHints":{"allow":["GET"]}}],"collection":[{"href":"https:\/\/agencia.unq.edu.ar\/index.php?rest_route=\/wp\/v2\/posts"}],"about":[{"href":"https:\/\/agencia.unq.edu.ar\/index.php?rest_route=\/wp\/v2\/types\/post"}],"author":[{"embeddable":true,"href":"https:\/\/agencia.unq.edu.ar\/index.php?rest_route=\/wp\/v2\/users\/9"}],"replies":[{"embeddable":true,"href":"https:\/\/agencia.unq.edu.ar\/index.php?rest_route=%2Fwp%2Fv2%2Fcomments&post=5953"}],"version-history":[{"count":8,"href":"https:\/\/agencia.unq.edu.ar\/index.php?rest_route=\/wp\/v2\/posts\/5953\/revisions"}],"predecessor-version":[{"id":17574,"href":"https:\/\/agencia.unq.edu.ar\/index.php?rest_route=\/wp\/v2\/posts\/5953\/revisions\/17574"}],"wp:featuredmedia":[{"embeddable":true,"href":"https:\/\/agencia.unq.edu.ar\/index.php?rest_route=\/wp\/v2\/media\/5959"}],"wp:attachment":[{"href":"https:\/\/agencia.unq.edu.ar\/index.php?rest_route=%2Fwp%2Fv2%2Fmedia&parent=5953"}],"wp:term":[{"taxonomy":"category","embeddable":true,"href":"https:\/\/agencia.unq.edu.ar\/index.php?rest_route=%2Fwp%2Fv2%2Fcategories&post=5953"},{"taxonomy":"post_tag","embeddable":true,"href":"https:\/\/agencia.unq.edu.ar\/index.php?rest_route=%2Fwp%2Fv2%2Ftags&post=5953"}],"curies":[{"name":"wp","href":"https:\/\/api.w.org\/{rel}","templated":true}]}}