{"id":7658,"date":"2022-09-29T09:33:31","date_gmt":"2022-09-29T12:33:31","guid":{"rendered":"https:\/\/agencia.unq.edu.ar\/?p=7658"},"modified":"2022-09-29T09:34:45","modified_gmt":"2022-09-29T12:34:45","slug":"la-universidad-nacional-de-quilmes-celebra-su-33-aniversario","status":"publish","type":"post","link":"https:\/\/agencia.unq.edu.ar\/?p=7658","title":{"rendered":"La Universidad Nacional de Quilmes cumple 33 a\u00f1os: un repaso por su pasado, presente y futuro"},"content":{"rendered":"\n<p class=\"has-medium-font-size\">En este lapso, la UNQ se convirti\u00f3 en referencia nacional e internacional. La investigaci\u00f3n, el desarrollo y la transferencia constituyen algunos de sus pilares.<\/p>\n\n\n\n<figure class=\"wp-block-image size-full\"><img loading=\"lazy\" decoding=\"async\" width=\"1040\" height=\"420\" src=\"https:\/\/agencia.unq.edu.ar\/wp-content\/uploads\/2022\/09\/Rectorado-UNQ.jpg\" alt=\"Cada d\u00eda, miles de estudiantes recorren los pasillos y aulas de la UNQ. Cr\u00e9ditos: Nicol\u00e1s Retamar\" class=\"wp-image-7662\"\/><figcaption>Cada d\u00eda, miles de estudiantes recorren los pasillos y aulas de la UNQ. Cr\u00e9ditos: Nicol\u00e1s Retamar.<\/figcaption><\/figure>\n\n\n\n<p>El 29 de septiembre de 1989, el Congreso de la Naci\u00f3n sancion\u00f3 la Ley 23.749. As\u00ed, fue creada la Universidad Nacional de Quilmes. En poco m\u00e1s de tres d\u00e9cadas, la Universidad tuvo un crecimiento vertiginoso. Con su puesta en funcionamiento en 1991, cerca de mil estudiantes pudieron anotarse a 13 carreras de grado. Para ello, hubo solamente diez aulas a disposici\u00f3n. En la actualidad, <strong>alrededor de 48 mil estudiantes son parte de la UNQ entre carreras presenciales, virtuales, de grado, posgrado y extensi\u00f3n<\/strong>. En t\u00e9rminos edilicios, las instalaciones tambi\u00e9n fueron aumentando y crecieron al ritmo de la demanda. Adem\u00e1s, la Casa de Altos estudios se destaca a nivel local, nacional e internacional por sus <a href=\"https:\/\/agencia.unq.edu.ar\/?p=7045\" target=\"_blank\" rel=\"noreferrer noopener\" title=\"investigaciones\">investigaciones<\/a>, <a href=\"https:\/\/agencia.unq.edu.ar\/?p=5437\" target=\"_blank\" rel=\"noreferrer noopener\" title=\"desarrollos\">desarrollos<\/a> y <a href=\"https:\/\/agencia.unq.edu.ar\/?p=6530\" target=\"_blank\" rel=\"noreferrer noopener\" title=\"transferencias\">transferencias<\/a>.<\/p>\n\n\n\n<p>En di\u00e1logo con la <a href=\"https:\/\/agencia.unq.edu.ar\/\">Agencia de Noticias Cient\u00edficas de la UNQ<\/a>, el rector <strong>Alfredo Alfonso<\/strong> sostiene que, en este recorrido de 33 a\u00f1os la Universidad est\u00e1 de pie. \u201cAdem\u00e1s de ser reconocida no solo en su contexto social sino tambi\u00e9n en el pa\u00eds, Latinoam\u00e9rica y algunos lugares del mundo, <strong>ha constituido referencias indiscutibles como ser la primera carrera de biotecnolog\u00eda en el pa\u00eds o 23 a\u00f1os de educaci\u00f3n virtual<\/strong>\u201d, afirma.<\/p>\n\n\n\n<p>Por su parte, tambi\u00e9n en conversaci\u00f3n con la Agencia, la vicerrectora <strong>Alejandra Zinni<\/strong>, resalta que el balance de estos a\u00f1os es muy positivo. \u201c<strong>A principios de los 90, cuando entr\u00e9 a la Universidad, la puerta era una tranquera y el edificio de la f\u00e1brica reci\u00e9n estaba empezando a reciclarse<\/strong>. Hoy en d\u00eda, el volumen de oferta acad\u00e9mica, las actividades de investigaci\u00f3n y la cantidad de estudiantes que tenemos es destacable\u201d.&nbsp;<\/p>\n\n\n\n<h2 class=\"wp-block-heading\">Casa de Altos Estudios<\/h2>\n\n\n\n<p>Actualmente, <strong>entre grado y pregrado, la UNQ cuenta con 45 carreras que incluyen la modalidad presencial y virtual<\/strong>. Algunas de las m\u00e1s distinguidas son Ingenier\u00eda en Automatizaci\u00f3n y Control Industrial, Ingenier\u00eda en Alimentos, Terapia Ocupacional, Enfermer\u00eda, Comunicaci\u00f3n Social, Artes Digitales, Composici\u00f3n con Medios Electroac\u00fasticos, Comercio Internacional y Econom\u00eda Social y Solidaria. Entre estos hitos, se destaca la carrera virtual de Contador P\u00fablico Nacional, pionera en Argentina.<\/p>\n\n\n\n<p>Sin embargo, la producci\u00f3n de conocimiento no se agota ah\u00ed. A la fecha, <strong>la UNQ tiene 60 posgrados <\/strong>y es referencia en muchos lugares de la regi\u00f3n. Por eso, <strong>m\u00e1s de 4500 estudiantes la eligen para realizar sus diplomas, especializaciones, maestr\u00edas y doctorados<\/strong>. Por su parte, la extensi\u00f3n no se queda atr\u00e1s y cuenta, entre cursos y propuestas, con m\u00e1s de 4400 personas que realizan alguna actividad en este marco. Al respecto, Alfonso sentencia que \u201cla Universidad va creciendo d\u00eda a d\u00eda, siempre <strong>atenta a nuevas carreras que permitan a las y los estudiantes insertarse laboralmente para hacer crecer sus familias y contextos sociales<\/strong>\u201d.<\/p>\n\n\n\n<h2 class=\"wp-block-heading\">A escala humana<\/h2>\n\n\n\n<p>A pesar de las cifras crecientes en todos los aspectos, la Universidad conserva su esp\u00edritu humano donde cada integrante es miembro de una gran familia. En este sentido, Zinni destaca: \u201cComo dice Daniel Gonz\u00e1lez, director del Departamento de Ciencias Sociales, <strong>la nuestra es una Universidad a escala humana<\/strong>. La mayor\u00eda de los docentes conocemos a nuestros estudiantes con el nombre, tenemos una cercan\u00eda y familiaridad que no se da en otras instituciones\u201d.<\/p>\n\n\n\n<p>Por su lado, y en l\u00ednea con las palabras de la vicerrectora, Alfonso resalta: \u201cTenemos una Universidad que nos hace sentir orgullosos. Es una comunidad hermosa que siempre est\u00e1 bien predispuesta. En t\u00e9rminos laborales, el ambiente es muy lindo, el h\u00e1bitat es excelente y hay muy buen clima laboral. <strong>No dejamos a la deriva a nadie y el modelo UNQ nos llena de orgullo<\/strong>\u201d.&nbsp;<\/p>\n\n\n\n<h2 class=\"wp-block-heading\">Desaf\u00edos<\/h2>\n\n\n\n<p>Los avances tecnol\u00f3gicos, la irrupci\u00f3n de la pandemia y las nuevas formas que impone el siglo XXI obligan a repensar la Universidad. Por eso, <strong>cada vez hay m\u00e1s ofertas acad\u00e9micas virtuales y la bimodalidad se asoma en el horizonte<\/strong>. \u201cAl principio, los estudiantes necesitan presencialidad para empaparse de la vida universitaria, pero en la finalizaci\u00f3n de su formaci\u00f3n requieren mucha virtualidad porque ya necesitan o consiguieron trabajo, entonces les cuesta llegar a la UNQ y formarse en las aulas\u201d, se\u00f1ala el rector.<\/p>\n\n\n\n<p>Alejandra Zinni remarca que la bimodalidad es el desaf\u00edo m\u00e1s interesante y m\u00e1s complejo que tienen por delante. \u201c<strong>Hay una demanda creciente de la comunidad por trabajar mediados por tecnolog\u00eda, ense\u00f1ar y aprender mediados por tecnolog\u00eda<\/strong>\u201d, subraya. Tanto el rector como la vicerrectora coinciden en el desaf\u00edo de sostener los logros conquistados y mejorarlos d\u00eda a d\u00eda. En este aspecto, Alfonso cierra: \u201c<strong>Otro desaf\u00edo fuerte es lograr acuerdos internacionales para asegurar los recursos e ingresos<\/strong>, sobretodo en \u00e1reas de investigaci\u00f3n que son complejas que requieren mucha tecnolog\u00eda\u201d.<\/p>\n\n\n\n<div style=\"height:40px\" aria-hidden=\"true\" class=\"wp-block-spacer\"><\/div>\n\n\n\n<hr class=\"wp-block-separator has-text-color has-css-opacity has-background is-style-wide\" style=\"background-color:#fea50e;color:#fea50e\"\/>\n\n\n\n<h4 class=\"wp-block-heading\" id=\"publicaciones-relacionadas\">\u00daltimas noticias de la secci\u00f3n Territorio:<\/h4>\n\n\n<style id=\"sp_pcp_dynamic_style3320\">#pcp_wrapper-3320:not(.sps-glossary-layout) .sp-pcp-row,#pcp_wrapper-3320 .sps-glossary-items-group .sps-glossary-items-content {margin-right: -10px;margin-left: -10px;}#pcp_wrapper-3320 .sp-pcp-row [class*='sp-pcp-col-']{padding-right: 10px;padding-left: 10px; padding-bottom:20px;}.pcp-wrapper-3320 .sp-pcp-title a {color: #ac162c;display: inherit;} .pcp-wrapper-3320 .sp-pcp-title a:hover {color: #fea50e;}#pcp_wrapper-3320 .dots .swiper-pagination-bullet{ background: #ac162c; } #pcp_wrapper-3320 .dots .swiper-pagination-bullet-active { background: #fea50e; }#pcp_wrapper-3320 .pcp-button-prev,#pcp_wrapper-3320 .pcp-button-next{ background-image: none; background-size: auto; background-color: #fff; height: 33px; width: 33px; margin-top: 8px; border: 1px solid #aaa; text-align: center; line-height: 30px; -webkit-transition: 0.3s; border-radius: 3px; }#pcp_wrapper-3320 .pcp-button-prev:hover, #pcp_wrapper-3320 .pcp-button-next:hover{ background-color: #fea50e; border-color: #ac162c; } #pcp_wrapper-3320 .pcp-button-prev .fa, #pcp_wrapper-3320 .pcp-button-next .fa { color: #000000; } #pcp_wrapper-3320 .pcp-button-prev:hover .fa, #pcp_wrapper-3320 .pcp-button-next:hover .fa { color: #fff; } #pcp_wrapper-3320.pcp-carousel-wrapper .sp-pcp-post{ margin-top: 0; }#pcp_wrapper-3320 .sp-pcp-post {padding: 0 0 0 0;}#pcp_wrapper-3320.sp-slider_layout .sp-pcp-post .sp-pcp-post-details {top: 0; right:0; bottom:0; left:0;}#pcp_wrapper-3320 .sp-pcp-post {border: 0px solid #e2e2e2; border-radius: 0px }#pcp_wrapper-3320 .sp-pcp-post{background-color: transparent;}#pcp_wrapper-3320 .pcp-post-thumb-wrapper{border: 0px solid #dddddd;border-radius:0px;}.pcp-wrapper-3320 .sp-pcp-post-meta li,.pcp-wrapper-3320 .sp-pcp-post-meta ul,.pcp-wrapper-3320 .sp-pcp-post-meta li a{color: #888;}.pcp-wrapper-3320 .sp-pcp-post-meta li a:hover{color: #e1624b;}#pcp_wrapper-3320 .pcp-post-pagination .page-numbers.current, #pcp_wrapper-3320 .pcp-post-pagination a.active , #pcp_wrapper-3320 .pcp-post-pagination a:hover{ color: #ffffff; background: #e1624b; border-color: #e1624b; }#pcp_wrapper-3320 .pcp-post-pagination .page-numbers, .pcp-post-pagination a{ background: #ffffff; color:#5e5e5e; border: 2px solid #bbbbbb;border-radius: 2px; }#pcp_wrapper-3320 .pcp-post-pagination{text-align: left;}@media (min-width: 1200px) {.sp-pcp-row .sp-pcp-col-xl-1 {flex: 0 0 100%;}.sp-pcp-row .sp-pcp-col-xl-2 {flex: 1 1 calc( 50% - 20px);}.sp-pcp-row .sp-pcp-col-xl-3 {flex: 1 1 calc( 33.333% - 20px);}.sp-pcp-row .sp-pcp-col-xl-4 {flex: 1 1 calc( 25% - 20px);}.sp-pcp-row .sp-pcp-col-xl-5 { flex: 1 1 calc( 20% - 20px);}.sp-pcp-row .sp-pcp-col-xl-6 {flex: 1 1 calc( 16.66666666666667% - 20px);}.sp-pcp-row .sp-pcp-col-xl-7 {flex: 1 1 calc( 14.28571428% - 20px);}.sp-pcp-row .sp-pcp-col-xl-8 {flex: 1 1 calc( 12.5% - 20px);}}@media (max-width: 1200px) {.sp-pcp-row .sp-pcp-col-lg-1 {flex: 0 0 100%;}.sp-pcp-row .sp-pcp-col-lg-2 {flex: 1 1 calc( 50% - 20px);}.sp-pcp-row .sp-pcp-col-lg-3 {flex: 1 1 calc( 33.333% - 20px);}.sp-pcp-row .sp-pcp-col-lg-4 {flex: 1 1 calc( 25% - 20px);}.sp-pcp-row .sp-pcp-col-lg-5 { flex: 1 1 calc( 20% - 20px);}.sp-pcp-row .sp-pcp-col-lg-6 {flex: 1 1 calc( 16.66666666666667% - 20px);}.sp-pcp-row .sp-pcp-col-lg-7 {flex: 1 1 calc( 14.28571428% - 20px);}.sp-pcp-row .sp-pcp-col-lg-8 {flex: 1 1 calc( 12.5% - 20px);}}@media (max-width: 992px) {.sp-pcp-row .sp-pcp-col-md-1 {flex: 0 0 100%;}.sp-pcp-row .sp-pcp-col-md-2 {flex: 1 1 calc( 50% - 20px);}.sp-pcp-row .sp-pcp-col-md-2-5 {flex: 0 0 75%;}.sp-pcp-row .sp-pcp-col-md-3 {flex: 1 1 calc( 33.333% - 20px);}.sp-pcp-row .sp-pcp-col-md-4 {flex: 1 1 calc( 25% - 20px);}.sp-pcp-row .sp-pcp-col-md-5 { flex: 1 1 calc( 20% - 20px);}.sp-pcp-row .sp-pcp-col-md-6 {flex: 1 1 calc( 16.66666666666667% - 20px);}.sp-pcp-row .sp-pcp-col-md-7 {flex: 1 1 calc( 14.28571428% - 20px);}.sp-pcp-row .sp-pcp-col-md-8 {flex: 1 1 calc( 12.5% - 20px);}}@media (max-width: 768px) {.sp-pcp-row .sp-pcp-col-sm-1 {flex: 0 0 100%;}.sp-pcp-row .sp-pcp-col-sm-2 {flex: 1 1 calc( 50% - 20px);}.sp-pcp-row .sp-pcp-col-sm-2-5 {flex: 0 0 75%;}.sp-pcp-row .sp-pcp-col-sm-3 {flex: 1 1 calc( 33.333% - 20px);}.sp-pcp-row .sp-pcp-col-sm-4 {flex: 1 1 calc( 25% - 20px);}.sp-pcp-row .sp-pcp-col-sm-5 { flex: 1 1 calc( 20% - 20px);}.sp-pcp-row .sp-pcp-col-sm-6 {flex: 1 1 calc( 16.66666666666667% - 20px);}.sp-pcp-row .sp-pcp-col-sm-7 {flex: 1 1 calc( 14.28571428% - 20px);}.sp-pcp-row .sp-pcp-col-sm-8 {flex: 1 1 calc( 12.5% - 20px);}}@media (max-width: 420px) {.sp-pcp-row .sp-pcp-col-xs-1 {flex: 0 0 100%;}.sp-pcp-row .sp-pcp-col-xs-2 {flex: 1 1 calc( 50% - 20px);}.sp-pcp-row .sp-pcp-col-xs-3 {flex: 1 1 calc( 33.333% - 20px);}.sp-pcp-row .sp-pcp-col-xs-4 {flex: 1 1 calc( 25% - 20px);}.sp-pcp-row .sp-pcp-col-xs-5 { flex: 1 1 calc( 20% - 20px);}.sp-pcp-row .sp-pcp-col-xs-6 {flex: 1 1 calc( 16.66666666666667% - 20px);}.sp-pcp-row .sp-pcp-col-xs-7 {flex: 1 1 calc( 14.28571428% - 20px);}.sp-pcp-row .sp-pcp-col-xs-8 {flex: 1 1 calc( 12.5% - 20px);}}<\/style><!-- Markup Starts -->\n<div id=\"pcp_wrapper-3320\" class=\"sp-pcp-section sp-pcp-container pcp-wrapper-3320 pcp-carousel-wrapper standard sp-carousel_layout\" data-sid=\"3320\">\n\t<div id=\"sp-pcp-id-3320\" class=\"swiper-container sp-pcp-carousel top_right\" dir=\"ltr\" data-carousel='{ \"speed\":600, \"items\":3, \"spaceBetween\":20, \"dynamicBullets\": false, \"navigation\":true, \"pagination\": true, \"autoplay\": true, \"autoplay_speed\": 2000, \"loop\": true, \"autoHeight\": false, \"lazy\":  true, \"simulateTouch\": true, \"freeMode\": false, \"slider_mouse_wheel\": false,\"allowTouchMove\": true, \"slidesPerView\": {\"lg_desktop\": 3, \"desktop\": 3, \"tablet\": 2, \"mobile_landscape\": 1, \"mobile\": 1}, \"navigation_mobile\": true, \"pagination_mobile\": true, \"stop_onHover\": true, \"enabled\": true, \"prevSlideMessage\": \"Previous slide\", \"nextSlideMessage\": \"Next slide\", \"firstSlideMessage\": \"This is the first slide\", \"lastSlideMessage\": \"This is the last slide\", \"keyboard\": \"true\", \"paginationBulletMessage\": \"Go to slide {{index}}\" }'>\n\t\t\t<div class=\"swiper-wrapper\">\n\t\t\t\t\t\t<div class=\" swiper-slide swiper-lazy\">\n\t\t\t<div class=\"sp-pcp-post default pcp-item-35042\" data-id=\"35042\">\n\t\t\t\t\t\t\t\t<div class=\"pcp-post-thumb-wrapper\">\n\t\t\t\t\t<div class=\"sp-pcp-post-thumb-area\">\n\t\t\t\t\t\t\t\t\t\t\t\t<a class=\"sp-pcp-thumb\" href=\"https:\/\/agencia.unq.edu.ar\/?p=35042\" target=\"_self\" >\n\t\t\t\t\t\t\t\t\t\t\t\t\t<img loading=\"lazy\" decoding=\"async\" src=\"https:\/\/agencia.unq.edu.ar\/wp-content\/uploads\/2026\/03\/Juicio-Brigadas.jpg\" width=\"1040\" height=\"420\" alt=\"El Juicio de las Brigadas conden\u00f3 a diez represores por los delitos de lesa humanidad cometidos durante la \u00faltima dictadura c\u00edvico militar en perjuicio de 607 v\u00edctimas. Cr\u00e9ditos: 0221.\">\n\t\t\t\t\t\t<\/a>\n\t\t\t\t\t<\/div>\n\t\t\t\t<\/div>\n\t\t\t\t\t\t\t\t<div class=\"sp-pcp-post-details\">\n\t\t\t\t\t<div class=\"sp-pcp-post-details-content\">\n\t\t\t\t\t\t\t\t<h4 class=\"sp-pcp-title\">\n\t\t\t\t\t\t\t\t\t<a href=\"https:\/\/agencia.unq.edu.ar\/?p=35042\"  target=\"_self\">\u201cFragmentos de justicia\u201d, el libro de la UNQ que recupera testimonios del Juicio de las Brigadas<\/a>\t\t\t\t\t\t\t<\/h4>\n\t\t\t\t\t\t\t\t\t<\/div>\n\t\t\t\t<\/div>\n\t\t\t<\/div>\n\t\t<\/div>\n\t\t\t\t<div class=\" swiper-slide swiper-lazy\">\n\t\t\t<div class=\"sp-pcp-post default pcp-item-32770\" data-id=\"32770\">\n\t\t\t\t\t\t\t\t<div class=\"pcp-post-thumb-wrapper\">\n\t\t\t\t\t<div class=\"sp-pcp-post-thumb-area\">\n\t\t\t\t\t\t\t\t\t\t\t\t<a class=\"sp-pcp-thumb\" href=\"https:\/\/agencia.unq.edu.ar\/?p=32770\" target=\"_self\" >\n\t\t\t\t\t\t\t\t\t\t\t\t\t<img loading=\"lazy\" decoding=\"async\" src=\"https:\/\/agencia.unq.edu.ar\/wp-content\/uploads\/2025\/11\/54157559201_6357771277_k-1.jpg\" width=\"1040\" height=\"420\" alt=\"En la primera edici\u00f3n de la Noche de las Universidades, se realizaron torneos de ajedrez, entre otras actividades. Cr\u00e9ditos: Prensa UNQ.\">\n\t\t\t\t\t\t<\/a>\n\t\t\t\t\t<\/div>\n\t\t\t\t<\/div>\n\t\t\t\t\t\t\t\t<div class=\"sp-pcp-post-details\">\n\t\t\t\t\t<div class=\"sp-pcp-post-details-content\">\n\t\t\t\t\t\t\t\t<h4 class=\"sp-pcp-title\">\n\t\t\t\t\t\t\t\t\t<a href=\"https:\/\/agencia.unq.edu.ar\/?p=32770\"  target=\"_self\">La UNQ abre sus puertas en la \u201cNoche de las universidades\u201d con actividades cient\u00edficas y culturales<\/a>\t\t\t\t\t\t\t<\/h4>\n\t\t\t\t\t\t\t\t\t<\/div>\n\t\t\t\t<\/div>\n\t\t\t<\/div>\n\t\t<\/div>\n\t\t\t\t<div class=\" swiper-slide swiper-lazy\">\n\t\t\t<div class=\"sp-pcp-post default pcp-item-32700\" data-id=\"32700\">\n\t\t\t\t\t\t\t\t<div class=\"pcp-post-thumb-wrapper\">\n\t\t\t\t\t<div class=\"sp-pcp-post-thumb-area\">\n\t\t\t\t\t\t\t\t\t\t\t\t<a class=\"sp-pcp-thumb\" href=\"https:\/\/agencia.unq.edu.ar\/?p=32700\" target=\"_self\" >\n\t\t\t\t\t\t\t\t\t\t\t\t\t<img loading=\"lazy\" decoding=\"async\" src=\"https:\/\/agencia.unq.edu.ar\/wp-content\/uploads\/2025\/11\/ipiccy_image-8.jpg\" width=\"1040\" height=\"420\" alt=\"Cr\u00e9ditos: Maria Vit\u00f3ria de Moura.\">\n\t\t\t\t\t\t<\/a>\n\t\t\t\t\t<\/div>\n\t\t\t\t<\/div>\n\t\t\t\t\t\t\t\t<div class=\"sp-pcp-post-details\">\n\t\t\t\t\t<div class=\"sp-pcp-post-details-content\">\n\t\t\t\t\t\t\t\t<h4 class=\"sp-pcp-title\">\n\t\t\t\t\t\t\t\t\t<a href=\"https:\/\/agencia.unq.edu.ar\/?p=32700\"  target=\"_self\">Siempre la misma cr\u00f3nica: \u201cUn plato de comida no resuelve el problema del hambre\u201d<\/a>\t\t\t\t\t\t\t<\/h4>\n\t\t\t\t\t\t\t\t\t<\/div>\n\t\t\t\t<\/div>\n\t\t\t<\/div>\n\t\t<\/div>\n\t\t\t\t<div class=\" swiper-slide swiper-lazy\">\n\t\t\t<div class=\"sp-pcp-post default pcp-item-31418\" data-id=\"31418\">\n\t\t\t\t\t\t\t\t<div class=\"pcp-post-thumb-wrapper\">\n\t\t\t\t\t<div class=\"sp-pcp-post-thumb-area\">\n\t\t\t\t\t\t\t\t\t\t\t\t<a class=\"sp-pcp-thumb\" href=\"https:\/\/agencia.unq.edu.ar\/?p=31418\" target=\"_self\" >\n\t\t\t\t\t\t\t\t\t\t\t\t\t<img loading=\"lazy\" decoding=\"async\" src=\"https:\/\/agencia.unq.edu.ar\/wp-content\/uploads\/2025\/10\/0919Lo-Que-vendra.jpg\" width=\"504\" height=\"204\" alt=\"Ganadores de Lo que vendr\u00e1 2024. Cr\u00e9ditos: LQV.\">\n\t\t\t\t\t\t<\/a>\n\t\t\t\t\t<\/div>\n\t\t\t\t<\/div>\n\t\t\t\t\t\t\t\t<div class=\"sp-pcp-post-details\">\n\t\t\t\t\t<div class=\"sp-pcp-post-details-content\">\n\t\t\t\t\t\t\t\t<h4 class=\"sp-pcp-title\">\n\t\t\t\t\t\t\t\t\t<a href=\"https:\/\/agencia.unq.edu.ar\/?p=31418\"  target=\"_self\">Llega una nueva edici\u00f3n de \u201cLo que vendr\u00e1\u201d, el premio que destaca las obras de los estudiantes<\/a>\t\t\t\t\t\t\t<\/h4>\n\t\t\t\t\t\t\t\t\t<\/div>\n\t\t\t\t<\/div>\n\t\t\t<\/div>\n\t\t<\/div>\n\t\t\t\t<div class=\" swiper-slide swiper-lazy\">\n\t\t\t<div class=\"sp-pcp-post default pcp-item-31406\" data-id=\"31406\">\n\t\t\t\t\t\t\t\t<div class=\"pcp-post-thumb-wrapper\">\n\t\t\t\t\t<div class=\"sp-pcp-post-thumb-area\">\n\t\t\t\t\t\t\t\t\t\t\t\t<a class=\"sp-pcp-thumb\" href=\"https:\/\/agencia.unq.edu.ar\/?p=31406\" target=\"_self\" >\n\t\t\t\t\t\t\t\t\t\t\t\t\t<img loading=\"lazy\" decoding=\"async\" src=\"https:\/\/agencia.unq.edu.ar\/wp-content\/uploads\/2025\/09\/Contar-la-Ciencia.jpg\" width=\"1040\" height=\"420\" alt=\"La Agencia de Noticias Cient\u00edficas de la Universidad Nacional de Quilmes impulsa el proyecto de extensi\u00f3n \u201cContar la Ciencia\u201d (imagen: Agencia de Noticias de la UNQ)\">\n\t\t\t\t\t\t<\/a>\n\t\t\t\t\t<\/div>\n\t\t\t\t<\/div>\n\t\t\t\t\t\t\t\t<div class=\"sp-pcp-post-details\">\n\t\t\t\t\t<div class=\"sp-pcp-post-details-content\">\n\t\t\t\t\t\t\t\t<h4 class=\"sp-pcp-title\">\n\t\t\t\t\t\t\t\t\t<a href=\"https:\/\/agencia.unq.edu.ar\/?p=31406\"  target=\"_self\">El desaf\u00edo de contar la ciencia: j\u00f3venes de Quilmes exploran el periodismo cient\u00edfico<\/a>\t\t\t\t\t\t\t<\/h4>\n\t\t\t\t\t\t\t\t\t<\/div>\n\t\t\t\t<\/div>\n\t\t\t<\/div>\n\t\t<\/div>\n\t\t\t\t<div class=\" swiper-slide swiper-lazy\">\n\t\t\t<div class=\"sp-pcp-post default pcp-item-31286\" data-id=\"31286\">\n\t\t\t\t\t\t\t\t<div class=\"pcp-post-thumb-wrapper\">\n\t\t\t\t\t<div class=\"sp-pcp-post-thumb-area\">\n\t\t\t\t\t\t\t\t\t\t\t\t<a class=\"sp-pcp-thumb\" href=\"https:\/\/agencia.unq.edu.ar\/?p=31286\" target=\"_self\" >\n\t\t\t\t\t\t\t\t\t\t\t\t\t<img loading=\"lazy\" decoding=\"async\" src=\"https:\/\/agencia.unq.edu.ar\/wp-content\/uploads\/2025\/09\/Bolsas-en-un-cesto-de-basura.jpg\" width=\"1040\" height=\"420\" alt=\"Cr\u00e9ditos: C\u00f3rdoba Interior Informa.\">\n\t\t\t\t\t\t<\/a>\n\t\t\t\t\t<\/div>\n\t\t\t\t<\/div>\n\t\t\t\t\t\t\t\t<div class=\"sp-pcp-post-details\">\n\t\t\t\t\t<div class=\"sp-pcp-post-details-content\">\n\t\t\t\t\t\t\t\t<h4 class=\"sp-pcp-title\">\n\t\t\t\t\t\t\t\t\t<a href=\"https:\/\/agencia.unq.edu.ar\/?p=31286\"  target=\"_self\">Investigadores bonaerenses dise\u00f1aron un sistema para optimizar la recolecci\u00f3n de residuos<\/a>\t\t\t\t\t\t\t<\/h4>\n\t\t\t\t\t\t\t\t\t<\/div>\n\t\t\t\t<\/div>\n\t\t\t<\/div>\n\t\t<\/div>\n\t\t\t\t<div class=\" swiper-slide swiper-lazy\">\n\t\t\t<div class=\"sp-pcp-post default pcp-item-29853\" data-id=\"29853\">\n\t\t\t\t\t\t\t\t<div class=\"pcp-post-thumb-wrapper\">\n\t\t\t\t\t<div class=\"sp-pcp-post-thumb-area\">\n\t\t\t\t\t\t\t\t\t\t\t\t<a class=\"sp-pcp-thumb\" href=\"https:\/\/agencia.unq.edu.ar\/?p=29853\" target=\"_self\" >\n\t\t\t\t\t\t\t\t\t\t\t\t\t<img loading=\"lazy\" decoding=\"async\" src=\"https:\/\/agencia.unq.edu.ar\/wp-content\/uploads\/2025\/07\/Estudiantes-UNDAV.jpg\" width=\"1040\" height=\"420\" alt=\"Estudiantes de la Universidad Nacional de Avellaneda. Cr\u00e9ditos: UNDAV.\">\n\t\t\t\t\t\t<\/a>\n\t\t\t\t\t<\/div>\n\t\t\t\t<\/div>\n\t\t\t\t\t\t\t\t<div class=\"sp-pcp-post-details\">\n\t\t\t\t\t<div class=\"sp-pcp-post-details-content\">\n\t\t\t\t\t\t\t\t<h4 class=\"sp-pcp-title\">\n\t\t\t\t\t\t\t\t\t<a href=\"https:\/\/agencia.unq.edu.ar\/?p=29853\"  target=\"_self\">&#8220;Presentes&#8221;: la iniciativa para acompa\u00f1ar a los estudiantes y evitar la deserci\u00f3n universitaria<\/a>\t\t\t\t\t\t\t<\/h4>\n\t\t\t\t\t\t\t\t\t<\/div>\n\t\t\t\t<\/div>\n\t\t\t<\/div>\n\t\t<\/div>\n\t\t\t\t<div class=\" swiper-slide swiper-lazy\">\n\t\t\t<div class=\"sp-pcp-post default pcp-item-28667\" data-id=\"28667\">\n\t\t\t\t\t\t\t\t<div class=\"pcp-post-thumb-wrapper\">\n\t\t\t\t\t<div class=\"sp-pcp-post-thumb-area\">\n\t\t\t\t\t\t\t\t\t\t\t\t<a class=\"sp-pcp-thumb\" href=\"https:\/\/agencia.unq.edu.ar\/?p=28667\" target=\"_self\" >\n\t\t\t\t\t\t\t\t\t\t\t\t\t<img loading=\"lazy\" decoding=\"async\" src=\"https:\/\/agencia.unq.edu.ar\/wp-content\/uploads\/2025\/05\/Arroyo-Las-Conchitas.jpg\" width=\"1040\" height=\"420\" alt=\"Arroyo Las Conchitas. Cr\u00e9ditos: Universidad Nacional Arturo Jauretche.\">\n\t\t\t\t\t\t<\/a>\n\t\t\t\t\t<\/div>\n\t\t\t\t<\/div>\n\t\t\t\t\t\t\t\t<div class=\"sp-pcp-post-details\">\n\t\t\t\t\t<div class=\"sp-pcp-post-details-content\">\n\t\t\t\t\t\t\t\t<h4 class=\"sp-pcp-title\">\n\t\t\t\t\t\t\t\t\t<a href=\"https:\/\/agencia.unq.edu.ar\/?p=28667\"  target=\"_self\">Especialistas de la UNAJ crearon un sistema para medir la cantidad y la calidad de los arroyos<\/a>\t\t\t\t\t\t\t<\/h4>\n\t\t\t\t\t\t\t\t\t<\/div>\n\t\t\t\t<\/div>\n\t\t\t<\/div>\n\t\t<\/div>\n\t\t\t\t<div class=\" swiper-slide swiper-lazy\">\n\t\t\t<div class=\"sp-pcp-post default pcp-item-28282\" data-id=\"28282\">\n\t\t\t\t\t\t\t\t<div class=\"pcp-post-thumb-wrapper\">\n\t\t\t\t\t<div class=\"sp-pcp-post-thumb-area\">\n\t\t\t\t\t\t\t\t\t\t\t\t<a class=\"sp-pcp-thumb\" href=\"https:\/\/agencia.unq.edu.ar\/?p=28282\" target=\"_self\" >\n\t\t\t\t\t\t\t\t\t\t\t\t\t<img loading=\"lazy\" decoding=\"async\" src=\"https:\/\/agencia.unq.edu.ar\/wp-content\/uploads\/2025\/05\/UNaB-Club-Robotica.jpg\" width=\"1040\" height=\"420\" alt=\"M\u00e1s de 300 estudiantes participaron de la apertura. Cr\u00e9ditos: @CienciaPBA.\">\n\t\t\t\t\t\t<\/a>\n\t\t\t\t\t<\/div>\n\t\t\t\t<\/div>\n\t\t\t\t\t\t\t\t<div class=\"sp-pcp-post-details\">\n\t\t\t\t\t<div class=\"sp-pcp-post-details-content\">\n\t\t\t\t\t\t\t\t<h4 class=\"sp-pcp-title\">\n\t\t\t\t\t\t\t\t\t<a href=\"https:\/\/agencia.unq.edu.ar\/?p=28282\"  target=\"_self\">Una universidad del conurbano lanz\u00f3 su Club de Rob\u00f3tica para adolescentes<\/a>\t\t\t\t\t\t\t<\/h4>\n\t\t\t\t\t\t\t\t\t<\/div>\n\t\t\t\t<\/div>\n\t\t\t<\/div>\n\t\t<\/div>\n\t\t\t\t<div class=\" swiper-slide swiper-lazy\">\n\t\t\t<div class=\"sp-pcp-post default pcp-item-27501\" data-id=\"27501\">\n\t\t\t\t\t\t\t\t<div class=\"pcp-post-thumb-wrapper\">\n\t\t\t\t\t<div class=\"sp-pcp-post-thumb-area\">\n\t\t\t\t\t\t\t\t\t\t\t\t<a class=\"sp-pcp-thumb\" href=\"https:\/\/agencia.unq.edu.ar\/?p=27501\" target=\"_self\" >\n\t\t\t\t\t\t\t\t\t\t\t\t\t<img loading=\"lazy\" decoding=\"async\" src=\"https:\/\/agencia.unq.edu.ar\/wp-content\/uploads\/2025\/04\/fotos-Hasemberg-12.jpg\" width=\"1040\" height=\"420\" alt=\"Esta foto, tomada por Monica Hasenberg e intervenida por Paula Doberti, retrata la lucha de las Abuelas y Madres de Plaza de Mayo. Cr\u00e9ditos: Mujeres en lucha.\">\n\t\t\t\t\t\t<\/a>\n\t\t\t\t\t<\/div>\n\t\t\t\t<\/div>\n\t\t\t\t\t\t\t\t<div class=\"sp-pcp-post-details\">\n\t\t\t\t\t<div class=\"sp-pcp-post-details-content\">\n\t\t\t\t\t\t\t\t<h4 class=\"sp-pcp-title\">\n\t\t\t\t\t\t\t\t\t<a href=\"https:\/\/agencia.unq.edu.ar\/?p=27501\"  target=\"_self\">La UNQ presenta \u201cMujeres en lucha\u201d, una serie de fotograf\u00edas art\u00edsticas sobre Madres, Abuelas y feminismos<\/a>\t\t\t\t\t\t\t<\/h4>\n\t\t\t\t\t\t\t\t\t<\/div>\n\t\t\t\t<\/div>\n\t\t\t<\/div>\n\t\t<\/div>\n\t\t\t\t<div class=\" swiper-slide swiper-lazy\">\n\t\t\t<div class=\"sp-pcp-post default pcp-item-27328\" data-id=\"27328\">\n\t\t\t\t\t\t\t\t<div class=\"pcp-post-thumb-wrapper\">\n\t\t\t\t\t<div class=\"sp-pcp-post-thumb-area\">\n\t\t\t\t\t\t\t\t\t\t\t\t<a class=\"sp-pcp-thumb\" href=\"https:\/\/agencia.unq.edu.ar\/?p=27328\" target=\"_self\" >\n\t\t\t\t\t\t\t\t\t\t\t\t\t<img loading=\"lazy\" decoding=\"async\" src=\"https:\/\/agencia.unq.edu.ar\/wp-content\/uploads\/2025\/04\/53239456544_c4cbd1c7f1_o-1.jpg\" width=\"1040\" height=\"420\" alt=\"En la edici\u00f3n pasada, investigadoras del equipo &quot;\u00bfDe qu\u00e9 hablamos cuando hablamos de Chagas?&quot;, el cineasta Juan Bautista Stagnaro y la Agencia de Noticias Cient\u00edficas se unieron para visibilizar la enfermedad. Cr\u00e9ditos: Prensa UNQ.\">\n\t\t\t\t\t\t<\/a>\n\t\t\t\t\t<\/div>\n\t\t\t\t<\/div>\n\t\t\t\t\t\t\t\t<div class=\"sp-pcp-post-details\">\n\t\t\t\t\t<div class=\"sp-pcp-post-details-content\">\n\t\t\t\t\t\t\t\t<h4 class=\"sp-pcp-title\">\n\t\t\t\t\t\t\t\t\t<a href=\"https:\/\/agencia.unq.edu.ar\/?p=27328\"  target=\"_self\">La UNQ inicia la Semana Nacional de la Ciencia a plena divulgaci\u00f3n<\/a>\t\t\t\t\t\t\t<\/h4>\n\t\t\t\t\t\t\t\t\t<\/div>\n\t\t\t\t<\/div>\n\t\t\t<\/div>\n\t\t<\/div>\n\t\t\t\t<div class=\" swiper-slide swiper-lazy\">\n\t\t\t<div class=\"sp-pcp-post default pcp-item-27217\" data-id=\"27217\">\n\t\t\t\t\t\t\t\t<div class=\"pcp-post-thumb-wrapper\">\n\t\t\t\t\t<div class=\"sp-pcp-post-thumb-area\">\n\t\t\t\t\t\t\t\t\t\t\t\t<a class=\"sp-pcp-thumb\" href=\"https:\/\/agencia.unq.edu.ar\/?p=27217\" target=\"_self\" >\n\t\t\t\t\t\t\t\t\t\t\t\t\t<img loading=\"lazy\" decoding=\"async\" src=\"https:\/\/agencia.unq.edu.ar\/wp-content\/uploads\/2025\/04\/vlcsnap-2025-03-07-11h27m40s238.jpg\" width=\"1040\" height=\"420\" alt=\"Cr\u00e9ditos: UNQtv.\">\n\t\t\t\t\t\t<\/a>\n\t\t\t\t\t<\/div>\n\t\t\t\t<\/div>\n\t\t\t\t\t\t\t\t<div class=\"sp-pcp-post-details\">\n\t\t\t\t\t<div class=\"sp-pcp-post-details-content\">\n\t\t\t\t\t\t\t\t<h4 class=\"sp-pcp-title\">\n\t\t\t\t\t\t\t\t\t<a href=\"https:\/\/agencia.unq.edu.ar\/?p=27217\"  target=\"_self\">La UNQ lanza una serie sobre el espionaje a j\u00f3venes y bandas de rock durante los 80 y 90<\/a>\t\t\t\t\t\t\t<\/h4>\n\t\t\t\t\t\t\t\t\t<\/div>\n\t\t\t\t<\/div>\n\t\t\t<\/div>\n\t\t<\/div>\n\t\t\t\t<div class=\" swiper-slide swiper-lazy\">\n\t\t\t<div class=\"sp-pcp-post default pcp-item-26819\" data-id=\"26819\">\n\t\t\t\t\t\t\t\t<div class=\"pcp-post-thumb-wrapper\">\n\t\t\t\t\t<div class=\"sp-pcp-post-thumb-area\">\n\t\t\t\t\t\t\t\t\t\t\t\t<a class=\"sp-pcp-thumb\" href=\"https:\/\/agencia.unq.edu.ar\/?p=26819\" target=\"_self\" >\n\t\t\t\t\t\t\t\t\t\t\t\t\t<img loading=\"lazy\" decoding=\"async\" src=\"https:\/\/agencia.unq.edu.ar\/wp-content\/uploads\/2025\/03\/Super-mil-mama-destacada.jpg\" width=\"1040\" height=\"420\" alt=\"Super mil mam\u00e1 viene en dos presentaciones: l\u00edquida y en polvo. Cr\u00e9ditos: Comisi\u00f3n de Investigaciones Cient\u00edficas.\">\n\t\t\t\t\t\t<\/a>\n\t\t\t\t\t<\/div>\n\t\t\t\t<\/div>\n\t\t\t\t\t\t\t\t<div class=\"sp-pcp-post-details\">\n\t\t\t\t\t<div class=\"sp-pcp-post-details-content\">\n\t\t\t\t\t\t\t\t<h4 class=\"sp-pcp-title\">\n\t\t\t\t\t\t\t\t\t<a href=\"https:\/\/agencia.unq.edu.ar\/?p=26819\"  target=\"_self\">Cient\u00edficas bonaerenses crearon una leche super nutritiva para embarazadas y mujeres lactantes<\/a>\t\t\t\t\t\t\t<\/h4>\n\t\t\t\t\t\t\t\t\t<\/div>\n\t\t\t\t<\/div>\n\t\t\t<\/div>\n\t\t<\/div>\n\t\t\t\t<div class=\" swiper-slide swiper-lazy\">\n\t\t\t<div class=\"sp-pcp-post default pcp-item-26616\" data-id=\"26616\">\n\t\t\t\t\t\t\t\t<div class=\"pcp-post-thumb-wrapper\">\n\t\t\t\t\t<div class=\"sp-pcp-post-thumb-area\">\n\t\t\t\t\t\t\t\t\t\t\t\t<a class=\"sp-pcp-thumb\" href=\"https:\/\/agencia.unq.edu.ar\/?p=26616\" target=\"_self\" >\n\t\t\t\t\t\t\t\t\t\t\t\t\t<img loading=\"lazy\" decoding=\"async\" src=\"https:\/\/agencia.unq.edu.ar\/wp-content\/uploads\/2023\/07\/super-sopa.jpg\" width=\"1040\" height=\"420\" alt=\"El Programa Supersopa funciona en la Universidad Nacional de Quilmes desde 2002. Cr\u00e9ditos: Supersopa.\">\n\t\t\t\t\t\t<\/a>\n\t\t\t\t\t<\/div>\n\t\t\t\t<\/div>\n\t\t\t\t\t\t\t\t<div class=\"sp-pcp-post-details\">\n\t\t\t\t\t<div class=\"sp-pcp-post-details-content\">\n\t\t\t\t\t\t\t\t<h4 class=\"sp-pcp-title\">\n\t\t\t\t\t\t\t\t\t<a href=\"https:\/\/agencia.unq.edu.ar\/?p=26616\"  target=\"_self\">Bah\u00eda Blanca: la UNQ y la provincia de Buenos Aires donan m\u00e1s de una tonelada de Supersopa<\/a>\t\t\t\t\t\t\t<\/h4>\n\t\t\t\t\t\t\t\t\t<\/div>\n\t\t\t\t<\/div>\n\t\t\t<\/div>\n\t\t<\/div>\n\t\t\t\t<div class=\" swiper-slide swiper-lazy\">\n\t\t\t<div class=\"sp-pcp-post default pcp-item-26515\" data-id=\"26515\">\n\t\t\t\t\t\t\t\t<div class=\"pcp-post-thumb-wrapper\">\n\t\t\t\t\t<div class=\"sp-pcp-post-thumb-area\">\n\t\t\t\t\t\t\t\t\t\t\t\t<a class=\"sp-pcp-thumb\" href=\"https:\/\/agencia.unq.edu.ar\/?p=26515\" target=\"_self\" >\n\t\t\t\t\t\t\t\t\t\t\t\t\t<img loading=\"lazy\" decoding=\"async\" src=\"https:\/\/agencia.unq.edu.ar\/wp-content\/uploads\/2025\/03\/ciencia-unq.jpg\" width=\"1040\" height=\"420\" alt=\"Cr\u00e9ditos: Universidad Nacional de Quilmes.\">\n\t\t\t\t\t\t<\/a>\n\t\t\t\t\t<\/div>\n\t\t\t\t<\/div>\n\t\t\t\t\t\t\t\t<div class=\"sp-pcp-post-details\">\n\t\t\t\t\t<div class=\"sp-pcp-post-details-content\">\n\t\t\t\t\t\t\t\t<h4 class=\"sp-pcp-title\">\n\t\t\t\t\t\t\t\t\t<a href=\"https:\/\/agencia.unq.edu.ar\/?p=26515\"  target=\"_self\">Gracias al aporte bonaerense, la UNQ desarrollar\u00e1 proyectos en salud y agricultura<\/a>\t\t\t\t\t\t\t<\/h4>\n\t\t\t\t\t\t\t\t\t<\/div>\n\t\t\t\t<\/div>\n\t\t\t<\/div>\n\t\t<\/div>\n\t\t\t\t<div class=\" swiper-slide swiper-lazy\">\n\t\t\t<div class=\"sp-pcp-post default pcp-item-26374\" data-id=\"26374\">\n\t\t\t\t\t\t\t\t<div class=\"pcp-post-thumb-wrapper\">\n\t\t\t\t\t<div class=\"sp-pcp-post-thumb-area\">\n\t\t\t\t\t\t\t\t\t\t\t\t<a class=\"sp-pcp-thumb\" href=\"https:\/\/agencia.unq.edu.ar\/?p=26374\" target=\"_self\" >\n\t\t\t\t\t\t\t\t\t\t\t\t\t<img loading=\"lazy\" decoding=\"async\" src=\"https:\/\/agencia.unq.edu.ar\/wp-content\/uploads\/2025\/02\/Cruce-Cadena-Conurbana.jpg\" width=\"1040\" height=\"420\" alt=\"Pablo Mart\u00ednez ser\u00e1 el encargado de abrir la programaci\u00f3n a partir de las 8 de la ma\u00f1ana desde Radio Ahijuna. Cr\u00e9ditos: Cruce.\">\n\t\t\t\t\t\t<\/a>\n\t\t\t\t\t<\/div>\n\t\t\t\t<\/div>\n\t\t\t\t\t\t\t\t<div class=\"sp-pcp-post-details\">\n\t\t\t\t\t<div class=\"sp-pcp-post-details-content\">\n\t\t\t\t\t\t\t\t<h4 class=\"sp-pcp-title\">\n\t\t\t\t\t\t\t\t\t<a href=\"https:\/\/agencia.unq.edu.ar\/?p=26374\"  target=\"_self\">Las radios universitarias y comunitarias del conurbano regresan juntas en 2025<\/a>\t\t\t\t\t\t\t<\/h4>\n\t\t\t\t\t\t\t\t\t<\/div>\n\t\t\t\t<\/div>\n\t\t\t<\/div>\n\t\t<\/div>\n\t\t\t\t\t<\/div>\n\t\t\t\t\t\t<div class=\"pcp-pagination swiper-pagination dots\"><\/div>\n\t\t\t\t\t\t\t\t\t\t<div class=\"pcp-button-next swiper-button-next top_right\"><i class=\"fa fa-angle-right\"><\/i><\/div>\n\t\t\t\t<div class=\"pcp-button-prev swiper-button-prev top_right\"><i class=\"fa fa-angle-left\"><\/i><\/div>\t<\/div>\n<\/div>\n\n\n\n\n<hr class=\"wp-block-separator has-text-color has-css-opacity has-background is-style-wide\" style=\"background-color:#fea50e;color:#fea50e\"\/>\n","protected":false},"excerpt":{"rendered":"<p>En este lapso, la UNQ se convirti\u00f3 en referencia nacional e internacional. La investigaci\u00f3n, el desarrollo y la transferencia son algunos de sus pilares.<\/p>\n","protected":false},"author":6,"featured_media":7662,"comment_status":"closed","ping_status":"closed","sticky":false,"template":"","format":"standard","meta":{"_uag_custom_page_level_css":"","_monsterinsights_skip_tracking":false,"_monsterinsights_sitenote_active":false,"_monsterinsights_sitenote_note":"","_monsterinsights_sitenote_category":0,"site-sidebar-layout":"default","site-content-layout":"","ast-site-content-layout":"default","site-content-style":"default","site-sidebar-style":"default","ast-global-header-display":"","ast-banner-title-visibility":"","ast-main-header-display":"","ast-hfb-above-header-display":"","ast-hfb-below-header-display":"","ast-hfb-mobile-header-display":"","site-post-title":"","ast-breadcrumbs-content":"","ast-featured-img":"","footer-sml-layout":"","ast-disable-related-posts":"","theme-transparent-header-meta":"","adv-header-id-meta":"","stick-header-meta":"","header-above-stick-meta":"","header-main-stick-meta":"","header-below-stick-meta":"","astra-migrate-meta-layouts":"default","ast-page-background-enabled":"default","ast-page-background-meta":{"desktop":{"background-color":"var(--ast-global-color-4)","background-image":"","background-repeat":"repeat","background-position":"center center","background-size":"auto","background-attachment":"scroll","background-type":"","background-media":"","overlay-type":"","overlay-color":"","overlay-opacity":"","overlay-gradient":""},"tablet":{"background-color":"","background-image":"","background-repeat":"repeat","background-position":"center center","background-size":"auto","background-attachment":"scroll","background-type":"","background-media":"","overlay-type":"","overlay-color":"","overlay-opacity":"","overlay-gradient":""},"mobile":{"background-color":"","background-image":"","background-repeat":"repeat","background-position":"center center","background-size":"auto","background-attachment":"scroll","background-type":"","background-media":"","overlay-type":"","overlay-color":"","overlay-opacity":"","overlay-gradient":""}},"ast-content-background-meta":{"desktop":{"background-color":"var(--ast-global-color-5)","background-image":"","background-repeat":"repeat","background-position":"center center","background-size":"auto","background-attachment":"scroll","background-type":"","background-media":"","overlay-type":"","overlay-color":"","overlay-opacity":"","overlay-gradient":""},"tablet":{"background-color":"var(--ast-global-color-5)","background-image":"","background-repeat":"repeat","background-position":"center center","background-size":"auto","background-attachment":"scroll","background-type":"","background-media":"","overlay-type":"","overlay-color":"","overlay-opacity":"","overlay-gradient":""},"mobile":{"background-color":"var(--ast-global-color-5)","background-image":"","background-repeat":"repeat","background-position":"center center","background-size":"auto","background-attachment":"scroll","background-type":"","background-media":"","overlay-type":"","overlay-color":"","overlay-opacity":"","overlay-gradient":""}},"footnotes":""},"categories":[16,10],"tags":[166],"class_list":["post-7658","post","type-post","status-publish","format-standard","has-post-thumbnail","hentry","category-noticia-destacada","category-territorio","tag-universidad-nacional-de-quilmes"],"aioseo_notices":[],"uagb_featured_image_src":{"full":["https:\/\/agencia.unq.edu.ar\/wp-content\/uploads\/2022\/09\/Rectorado-UNQ.jpg",1040,420,false],"thumbnail":["https:\/\/agencia.unq.edu.ar\/wp-content\/uploads\/2022\/09\/Rectorado-UNQ.jpg",150,61,false],"medium":["https:\/\/agencia.unq.edu.ar\/wp-content\/uploads\/2022\/09\/Rectorado-UNQ.jpg",960,388,false],"medium_large":["https:\/\/agencia.unq.edu.ar\/wp-content\/uploads\/2022\/09\/Rectorado-UNQ.jpg",768,310,false],"large":["https:\/\/agencia.unq.edu.ar\/wp-content\/uploads\/2022\/09\/Rectorado-UNQ.jpg",1040,420,false],"1536x1536":["https:\/\/agencia.unq.edu.ar\/wp-content\/uploads\/2022\/09\/Rectorado-UNQ.jpg",1040,420,false],"2048x2048":["https:\/\/agencia.unq.edu.ar\/wp-content\/uploads\/2022\/09\/Rectorado-UNQ.jpg",1040,420,false]},"uagb_author_info":{"display_name":"Nicol\u00e1s Retamar","author_link":"https:\/\/agencia.unq.edu.ar\/?author=6"},"uagb_comment_info":0,"uagb_excerpt":"En este lapso, la UNQ se convirti\u00f3 en referencia nacional e internacional. La investigaci\u00f3n, el desarrollo y la transferencia son algunos de sus pilares.","blog_post_layout_featured_media_urls":{"thumbnail":["https:\/\/agencia.unq.edu.ar\/wp-content\/uploads\/2022\/09\/Rectorado-UNQ.jpg",150,61,false],"full":["https:\/\/agencia.unq.edu.ar\/wp-content\/uploads\/2022\/09\/Rectorado-UNQ.jpg",1040,420,false]},"categories_names":{"16":{"name":"Noticia destacada","link":"https:\/\/agencia.unq.edu.ar\/?cat=16"},"10":{"name":"Territorio","link":"https:\/\/agencia.unq.edu.ar\/?cat=10"}},"tags_names":{"166":{"name":"Universidad Nacional de Quilmes","link":"https:\/\/agencia.unq.edu.ar\/?tag=universidad-nacional-de-quilmes"}},"comments_number":"0","_links":{"self":[{"href":"https:\/\/agencia.unq.edu.ar\/index.php?rest_route=\/wp\/v2\/posts\/7658","targetHints":{"allow":["GET"]}}],"collection":[{"href":"https:\/\/agencia.unq.edu.ar\/index.php?rest_route=\/wp\/v2\/posts"}],"about":[{"href":"https:\/\/agencia.unq.edu.ar\/index.php?rest_route=\/wp\/v2\/types\/post"}],"author":[{"embeddable":true,"href":"https:\/\/agencia.unq.edu.ar\/index.php?rest_route=\/wp\/v2\/users\/6"}],"replies":[{"embeddable":true,"href":"https:\/\/agencia.unq.edu.ar\/index.php?rest_route=%2Fwp%2Fv2%2Fcomments&post=7658"}],"version-history":[{"count":11,"href":"https:\/\/agencia.unq.edu.ar\/index.php?rest_route=\/wp\/v2\/posts\/7658\/revisions"}],"predecessor-version":[{"id":7672,"href":"https:\/\/agencia.unq.edu.ar\/index.php?rest_route=\/wp\/v2\/posts\/7658\/revisions\/7672"}],"wp:featuredmedia":[{"embeddable":true,"href":"https:\/\/agencia.unq.edu.ar\/index.php?rest_route=\/wp\/v2\/media\/7662"}],"wp:attachment":[{"href":"https:\/\/agencia.unq.edu.ar\/index.php?rest_route=%2Fwp%2Fv2%2Fmedia&parent=7658"}],"wp:term":[{"taxonomy":"category","embeddable":true,"href":"https:\/\/agencia.unq.edu.ar\/index.php?rest_route=%2Fwp%2Fv2%2Fcategories&post=7658"},{"taxonomy":"post_tag","embeddable":true,"href":"https:\/\/agencia.unq.edu.ar\/index.php?rest_route=%2Fwp%2Fv2%2Ftags&post=7658"}],"curies":[{"name":"wp","href":"https:\/\/api.w.org\/{rel}","templated":true}]}}