{"id":8091,"date":"2022-10-19T09:31:40","date_gmt":"2022-10-19T12:31:40","guid":{"rendered":"https:\/\/agencia.unq.edu.ar\/?p=8091"},"modified":"2022-10-19T09:36:40","modified_gmt":"2022-10-19T12:36:40","slug":"rafael-correa-y-axel-kicillof-presentaron-un-libro-sobre-economia-en-la-unq","status":"publish","type":"post","link":"https:\/\/agencia.unq.edu.ar\/?p=8091","title":{"rendered":"Rafael Correa y Axel Kicillof presentaron un libro sobre econom\u00eda en la UNQ"},"content":{"rendered":"\n<p class=\"has-medium-font-size\">El expresidente ecuatoriano y el gobernador bonaerense disertaron en la Universidad. El rector Alfredo Alfonso fue el anfitri\u00f3n del encuentro.<\/p>\n\n\n\n<figure class=\"wp-block-image size-full\"><img loading=\"lazy\" decoding=\"async\" width=\"1040\" height=\"420\" src=\"https:\/\/agencia.unq.edu.ar\/wp-content\/uploads\/2022\/10\/Correa-A.jpg\" alt=\"Alfredo Alfonso, Axel Kicillof, Rafael Correa y Gabriela Rivadeneira en el escenario del Aula Magna de la UNQ. Cr\u00e9ditos: Magal\u00ed S\u00e1nchez\" class=\"wp-image-8092\"\/><figcaption>Alfredo Alfonso, Axel Kicillof, Rafael Correa y Gabriela Rivadeneira en el escenario del Aula Magna de la UNQ. Cr\u00e9ditos: Magal\u00ed S\u00e1nchez<\/figcaption><\/figure>\n\n\n\n<p>Este martes se realiz\u00f3 la presentaci\u00f3n del libro \u201cEconom\u00eda como ideolog\u00eda disfrazada de ciencia\u201d en el Aula Magna de la Universidad Nacional de Quilmes. Con la presencia del rector Alfredo Alfonso, el evento cont\u00f3 con las exposiciones de Rafael Correa y Axel Kicillof. La intendenta Mayra Mendoza y distintos funcionarios del gobierno municipal y provincial se hicieron presentes entre las m\u00e1s de 200 personas que asistieron al Aula. El encuentro estuvo moderado por Gabriela Rivadeneira, exasambleista ecuatoriana y directora ejecutiva del Instituto para la Democracia Eloy Alfaro (IDEAL), centro de pensamiento y acci\u00f3n para el desarrollo de Am\u00e9rica Latina que estuvo a cargo de la publicaci\u00f3n del texto.<\/p>\n\n\n\n<p>Fue el rector de la UNQ quien dio la bienvenida al encuentro, agradeci\u00f3 la presencia de la intendenta de Quilmes y resalt\u00f3 que \u201c<strong>tanto Axel como Rafael son dos cuadros pol\u00edticos fundamentales de la heterodoxia econ\u00f3mica<\/strong>, que no solamente entienden de la teor\u00eda econ\u00f3mica sino tambi\u00e9n de la pr\u00e1ctica y llevan mandatos fundamentales en este proceso\u201d.<\/p>\n\n\n\n<p>Luego de la introducci\u00f3n realizada por Rivadeneira, donde realiz\u00f3 una breve revisi\u00f3n de los ciclos progresistas y sostuvo que \u201c<strong>la econom\u00eda es la principal decisi\u00f3n pol\u00edtica\u201d de los gobiernos<\/strong>, fue el turno del expresidente ecuatoriano. Acompa\u00f1ado de una computadora y un proyector, Correa realiz\u00f3 una clase magistral sobre econom\u00eda con un repaso acerca de su historia y record\u00f3 que la UNQ fue la \u00faltima universidad en darle un Honoris Causa como presidente de Ecuador.<\/p>\n\n\n\n<p>\u201cEl mayor da\u00f1o que se le ha hecho a la econom\u00eda es precisamente haberla desvinculado de su naturaleza original de econom\u00eda pol\u00edtica. <strong>Nos han hecho creer que todo es un tema t\u00e9cnico sin considerar relaciones de poder dentro de las sociedades<\/strong>\u201d, destac\u00f3 el exmandatario, quien adem\u00e1s es Presidente Honorario de IDEAL.<\/p>\n\n\n\n<figure class=\"wp-block-image size-full\"><img loading=\"lazy\" decoding=\"async\" width=\"1040\" height=\"420\" src=\"https:\/\/agencia.unq.edu.ar\/wp-content\/uploads\/2022\/10\/correa-mil.jpg\" alt=\"El rector Alfredo Alfonso recibi\u00f3 al exmandatario ecuatoriano en la entrada a la Universidad. Cr\u00e9ditos: Magal\u00ed S\u00e1nchez. \" class=\"wp-image-8093\"\/><figcaption>El rector Alfredo Alfonso recibi\u00f3 al exmandatario ecuatoriano en la entrada a la Universidad. Cr\u00e9ditos: Magal\u00ed S\u00e1nchez. <\/figcaption><\/figure>\n\n\n\n<p>Para terminar su exposici\u00f3n, Correa hizo hincapi\u00e9 en que la econom\u00eda es un argumento pol\u00edtico y \u201cjam\u00e1s podr\u00e1 ser una ciencia\u201d. \u201cComo dijo Joseph Stiglitz, premio Nobel de econom\u00eda en 2001, <strong>la mano invisible es tan invisible que nadie la ha visto<\/strong>\u201d, cerr\u00f3 ante el aplauso de los presentes.<\/p>\n\n\n\n<p><\/p>\n\n\n\n<div class=\"wp-block-columns alignwide is-layout-flex wp-container-core-columns-is-layout-28f84493 wp-block-columns-is-layout-flex\">\n<div class=\"wp-block-column has-white-color has-text-color has-background has-link-color wp-elements-580406fd1660a78fbc98abf2a6b81645 is-layout-flow wp-block-column-is-layout-flow\" style=\"background-color:#ac162c;padding-top:2em;padding-right:2em;padding-bottom:2em;padding-left:2em\">\n<h3 class=\"has-white-color has-text-color wp-block-heading\" id=\"single\" style=\"font-size:18px\">El Instituto<\/h3>\n\n\n\n<p class=\"has-white-color has-text-color\" style=\"font-size:14px;font-style:normal;font-weight:600;line-height:1.5\"><strong>El Instituto para la Democracia Eloy Alfaro es un centro de pensamiento dedicado a la investigaci\u00f3n y generaci\u00f3n de conocimiento e intercambio de pr\u00e1cticas exitosas de gobernanza para la capacitaci\u00f3n y formaci\u00f3n de nuevos liderazgos pol\u00edticos en Am\u00e9rica Latina. El libro Econom\u00eda como ideolog\u00eda disfrazada de ciencia naci\u00f3 como un curso online realizado desde IDEAL entre septiembre y noviembre de 2021. Adem\u00e1s de Correa y Kicillof que participaron como docentes, los encuentros estuvieron a cargo Alfredo Serrano Mansilla (economista fundador del Centro Estrat\u00e9gico Latinoamericano de Geopol\u00edtica), Elvira Concheiro (Tesorera de la Federaci\u00f3n del Gobierno de M\u00e9xico) y Mar\u00eda Nela Prada (Ministra de la Presidencia del Estado Plurinacional de Bolivia). Adem\u00e1s de su formato impreso, el material se puede descargar de forma gratuita desde la web del Instituto https:\/\/institutoideal.la\/ <\/strong><\/p>\n<\/div>\n<\/div>\n\n\n\n<p><\/p>\n\n\n\n<p>Por su parte, Kicillof empez\u00f3 su alocuci\u00f3n agradeciendo al rector Alfonso y recordando su paso como docente de la Universidad a cargo de la materia Principales Escuelas del Pensamiento Econ\u00f3mico. \u201cCada vez que entro a la UNQ me vienen lindos recuerdos. <strong>Hay quienes cuestionaban para qu\u00e9 se abr\u00edan tantas universidades en el conurbano, pero a m\u00ed me parecen demasiado pocas<\/strong>\u201d, sostuvo el gobernador.<\/p>\n\n\n\n<figure class=\"wp-block-image size-full\"><img loading=\"lazy\" decoding=\"async\" width=\"1040\" height=\"510\" src=\"https:\/\/agencia.unq.edu.ar\/wp-content\/uploads\/2022\/10\/Alfonso-Mendoza-y-Kicillof.jpg\" alt=\"Alfredo Alfonso, Mayra Mendoza y Axel Kicillof dialogan tras la presentaci\u00f3n del libro. Cr\u00e9ditos: Mayra Mendoza\" class=\"wp-image-8094\"\/><figcaption>Alfredo Alfonso, Mayra Mendoza y Axel Kicillof dialogan tras la presentaci\u00f3n del libro. Cr\u00e9ditos: Mayra Mendoza<\/figcaption><\/figure>\n\n\n\n<p>Para complementar la clase de Correa, el exministro de Econom\u00eda argentino realiz\u00f3 una autocr\u00edtica sobre la falta de elaboraci\u00f3n de teor\u00edas econ\u00f3micas durante el primer ciclo progresista de la regi\u00f3n: \u201c<strong>El tal\u00f3n de Aquiles de esas experiencias fue no darnos el espacio ni tomarnos el trabajo de desarrollar los instrumentos te\u00f3ricos para explicar lo que est\u00e1bamos haciendo<\/strong> y los resultados que tuvimos. Como siempre ocurre, la narrativa sobre esos tramos de la historia la escribieron otros\u201d.<\/p>\n\n\n\n<p>Como sostuvo Kicillof, se transformaron en sentido com\u00fan las teor\u00edas econ\u00f3micas que promueven las ideas y defienden los intereses de las clases dominantes. <strong>Ser\u00e1 tarea de muchos actores sacarle el disfraz de ciencia a esa doctrina y exponerla como lo que es, una ideolog\u00eda<\/strong>. Para ello, m\u00e1s all\u00e1 de las universidades, los medios de comunicaci\u00f3n y las redes sociales, habr\u00e1 que recorrer y discutir en calles, plazas, barrios, escuelas y clubes.<\/p>\n\n\n\n<div style=\"height:40px\" aria-hidden=\"true\" class=\"wp-block-spacer\"><\/div>\n\n\n\n<hr class=\"wp-block-separator has-text-color has-css-opacity has-background is-style-wide\" style=\"background-color:#fea50e;color:#fea50e\"\/>\n\n\n\n<h4 class=\"wp-block-heading\" id=\"publicaciones-relacionadas\">\u00daltimas noticias de la secci\u00f3n Pol\u00edtica:<\/h4>\n\n\n<style id=\"sp_pcp_dynamic_style3318\">#pcp_wrapper-3318:not(.sps-glossary-layout) .sp-pcp-row,#pcp_wrapper-3318 .sps-glossary-items-group .sps-glossary-items-content {margin-right: -10px;margin-left: -10px;}#pcp_wrapper-3318 .sp-pcp-row [class*='sp-pcp-col-']{padding-right: 10px;padding-left: 10px; padding-bottom:20px;}.pcp-wrapper-3318 .sp-pcp-title a {color: #ac162c;display: inherit;} .pcp-wrapper-3318 .sp-pcp-title a:hover {color: #fea50e;}#pcp_wrapper-3318 .dots .swiper-pagination-bullet{ background: #ac162c; } #pcp_wrapper-3318 .dots .swiper-pagination-bullet-active { background: #fea50e; }#pcp_wrapper-3318 .pcp-button-prev,#pcp_wrapper-3318 .pcp-button-next{ background-image: none; background-size: auto; background-color: #fff; height: 33px; width: 33px; margin-top: 8px; border: 1px solid #aaa; text-align: center; line-height: 30px; -webkit-transition: 0.3s; border-radius: 3px; }#pcp_wrapper-3318 .pcp-button-prev:hover, #pcp_wrapper-3318 .pcp-button-next:hover{ background-color: #fea50e; border-color: #ac162c; } #pcp_wrapper-3318 .pcp-button-prev .fa, #pcp_wrapper-3318 .pcp-button-next .fa { color: #000000; } #pcp_wrapper-3318 .pcp-button-prev:hover .fa, #pcp_wrapper-3318 .pcp-button-next:hover .fa { color: #fff; } #pcp_wrapper-3318.pcp-carousel-wrapper .sp-pcp-post{ margin-top: 0; }#pcp_wrapper-3318 .sp-pcp-post {padding: 0 0 0 0;}#pcp_wrapper-3318.sp-slider_layout .sp-pcp-post .sp-pcp-post-details {top: 0; right:0; bottom:0; left:0;}#pcp_wrapper-3318 .sp-pcp-post {border: 0px solid #e2e2e2; border-radius: 0px }#pcp_wrapper-3318 .sp-pcp-post{background-color: transparent;}#pcp_wrapper-3318 .pcp-post-thumb-wrapper{border: 0px solid #dddddd;border-radius:0px;}.pcp-wrapper-3318 .sp-pcp-post-meta li,.pcp-wrapper-3318 .sp-pcp-post-meta ul,.pcp-wrapper-3318 .sp-pcp-post-meta li a{color: #888;}.pcp-wrapper-3318 .sp-pcp-post-meta li a:hover{color: #e1624b;}#pcp_wrapper-3318 .pcp-post-pagination .page-numbers.current, #pcp_wrapper-3318 .pcp-post-pagination a.active , #pcp_wrapper-3318 .pcp-post-pagination a:hover{ color: #ffffff; background: #e1624b; border-color: #e1624b; }#pcp_wrapper-3318 .pcp-post-pagination .page-numbers, .pcp-post-pagination a{ background: #ffffff; color:#5e5e5e; border: 2px solid #bbbbbb;border-radius: 2px; }#pcp_wrapper-3318 .pcp-post-pagination{text-align: left;}@media (min-width: 1200px) {.sp-pcp-row .sp-pcp-col-xl-1 {flex: 0 0 100%;}.sp-pcp-row .sp-pcp-col-xl-2 {flex: 1 1 calc( 50% - 20px);}.sp-pcp-row .sp-pcp-col-xl-3 {flex: 1 1 calc( 33.333% - 20px);}.sp-pcp-row .sp-pcp-col-xl-4 {flex: 1 1 calc( 25% - 20px);}.sp-pcp-row .sp-pcp-col-xl-5 { flex: 1 1 calc( 20% - 20px);}.sp-pcp-row .sp-pcp-col-xl-6 {flex: 1 1 calc( 16.66666666666667% - 20px);}.sp-pcp-row .sp-pcp-col-xl-7 {flex: 1 1 calc( 14.28571428% - 20px);}.sp-pcp-row .sp-pcp-col-xl-8 {flex: 1 1 calc( 12.5% - 20px);}}@media (max-width: 1200px) {.sp-pcp-row .sp-pcp-col-lg-1 {flex: 0 0 100%;}.sp-pcp-row .sp-pcp-col-lg-2 {flex: 1 1 calc( 50% - 20px);}.sp-pcp-row .sp-pcp-col-lg-3 {flex: 1 1 calc( 33.333% - 20px);}.sp-pcp-row .sp-pcp-col-lg-4 {flex: 1 1 calc( 25% - 20px);}.sp-pcp-row .sp-pcp-col-lg-5 { flex: 1 1 calc( 20% - 20px);}.sp-pcp-row .sp-pcp-col-lg-6 {flex: 1 1 calc( 16.66666666666667% - 20px);}.sp-pcp-row .sp-pcp-col-lg-7 {flex: 1 1 calc( 14.28571428% - 20px);}.sp-pcp-row .sp-pcp-col-lg-8 {flex: 1 1 calc( 12.5% - 20px);}}@media (max-width: 992px) {.sp-pcp-row .sp-pcp-col-md-1 {flex: 0 0 100%;}.sp-pcp-row .sp-pcp-col-md-2 {flex: 1 1 calc( 50% - 20px);}.sp-pcp-row .sp-pcp-col-md-2-5 {flex: 0 0 75%;}.sp-pcp-row .sp-pcp-col-md-3 {flex: 1 1 calc( 33.333% - 20px);}.sp-pcp-row .sp-pcp-col-md-4 {flex: 1 1 calc( 25% - 20px);}.sp-pcp-row .sp-pcp-col-md-5 { flex: 1 1 calc( 20% - 20px);}.sp-pcp-row .sp-pcp-col-md-6 {flex: 1 1 calc( 16.66666666666667% - 20px);}.sp-pcp-row .sp-pcp-col-md-7 {flex: 1 1 calc( 14.28571428% - 20px);}.sp-pcp-row .sp-pcp-col-md-8 {flex: 1 1 calc( 12.5% - 20px);}}@media (max-width: 768px) {.sp-pcp-row .sp-pcp-col-sm-1 {flex: 0 0 100%;}.sp-pcp-row .sp-pcp-col-sm-2 {flex: 1 1 calc( 50% - 20px);}.sp-pcp-row .sp-pcp-col-sm-2-5 {flex: 0 0 75%;}.sp-pcp-row .sp-pcp-col-sm-3 {flex: 1 1 calc( 33.333% - 20px);}.sp-pcp-row .sp-pcp-col-sm-4 {flex: 1 1 calc( 25% - 20px);}.sp-pcp-row .sp-pcp-col-sm-5 { flex: 1 1 calc( 20% - 20px);}.sp-pcp-row .sp-pcp-col-sm-6 {flex: 1 1 calc( 16.66666666666667% - 20px);}.sp-pcp-row .sp-pcp-col-sm-7 {flex: 1 1 calc( 14.28571428% - 20px);}.sp-pcp-row .sp-pcp-col-sm-8 {flex: 1 1 calc( 12.5% - 20px);}}@media (max-width: 420px) {.sp-pcp-row .sp-pcp-col-xs-1 {flex: 0 0 100%;}.sp-pcp-row .sp-pcp-col-xs-2 {flex: 1 1 calc( 50% - 20px);}.sp-pcp-row .sp-pcp-col-xs-3 {flex: 1 1 calc( 33.333% - 20px);}.sp-pcp-row .sp-pcp-col-xs-4 {flex: 1 1 calc( 25% - 20px);}.sp-pcp-row .sp-pcp-col-xs-5 { flex: 1 1 calc( 20% - 20px);}.sp-pcp-row .sp-pcp-col-xs-6 {flex: 1 1 calc( 16.66666666666667% - 20px);}.sp-pcp-row .sp-pcp-col-xs-7 {flex: 1 1 calc( 14.28571428% - 20px);}.sp-pcp-row .sp-pcp-col-xs-8 {flex: 1 1 calc( 12.5% - 20px);}}<\/style><!-- Markup Starts -->\n<div id=\"pcp_wrapper-3318\" class=\"sp-pcp-section sp-pcp-container pcp-wrapper-3318 pcp-carousel-wrapper standard sp-carousel_layout\" data-sid=\"3318\">\n\t<div id=\"sp-pcp-id-3318\" class=\"swiper-container sp-pcp-carousel top_right\" dir=\"ltr\" data-carousel='{ \"speed\":600, \"items\":3, \"spaceBetween\":20, \"dynamicBullets\": false, \"navigation\":true, \"pagination\": true, \"autoplay\": true, \"autoplay_speed\": 2000, \"loop\": true, \"autoHeight\": false, \"lazy\":  true, \"simulateTouch\": true, \"freeMode\": false, \"slider_mouse_wheel\": false,\"allowTouchMove\": true, \"slidesPerView\": {\"lg_desktop\": 3, \"desktop\": 3, \"tablet\": 2, \"mobile_landscape\": 1, \"mobile\": 1}, \"navigation_mobile\": true, \"pagination_mobile\": true, \"stop_onHover\": true, \"enabled\": true, \"prevSlideMessage\": \"Previous slide\", \"nextSlideMessage\": \"Next slide\", \"firstSlideMessage\": \"This is the first slide\", \"lastSlideMessage\": \"This is the last slide\", \"keyboard\": \"true\", \"paginationBulletMessage\": \"Go to slide {{index}}\" }'>\n\t\t\t<div class=\"swiper-wrapper\">\n\t\t\t\t\t\t<div class=\" swiper-slide swiper-lazy\">\n\t\t\t<div class=\"sp-pcp-post default pcp-item-36015\" data-id=\"36015\">\n\t\t\t\t\t\t\t\t<div class=\"pcp-post-thumb-wrapper\">\n\t\t\t\t\t<div class=\"sp-pcp-post-thumb-area\">\n\t\t\t\t\t\t\t\t\t\t\t\t<a class=\"sp-pcp-thumb\" href=\"https:\/\/agencia.unq.edu.ar\/?p=36015\" target=\"_self\" >\n\t\t\t\t\t\t\t\t\t\t\t\t\t<img loading=\"lazy\" decoding=\"async\" src=\"https:\/\/agencia.unq.edu.ar\/wp-content\/uploads\/2026\/04\/adorni.jpg\" width=\"1040\" height=\"420\" alt=\"Manuel Adorni durante la presentaci\u00f3n del informe de gesti\u00f3n en el Congreso de la Naci\u00f3n\">\n\t\t\t\t\t\t<\/a>\n\t\t\t\t\t<\/div>\n\t\t\t\t<\/div>\n\t\t\t\t\t\t\t\t<div class=\"sp-pcp-post-details\">\n\t\t\t\t\t<div class=\"sp-pcp-post-details-content\">\n\t\t\t\t\t\t\t\t<h4 class=\"sp-pcp-title\">\n\t\t\t\t\t\t\t\t\t<a href=\"https:\/\/agencia.unq.edu.ar\/?p=36015\"  target=\"_self\">\u00bfD\u00f3nde est\u00e1 la plata de la ciencia? Lo que Adorni no respondi\u00f3 sobre el paradero de los fondos del sector<\/a>\t\t\t\t\t\t\t<\/h4>\n\t\t\t\t\t\t\t\t\t<\/div>\n\t\t\t\t<\/div>\n\t\t\t<\/div>\n\t\t<\/div>\n\t\t\t\t<div class=\" swiper-slide swiper-lazy\">\n\t\t\t<div class=\"sp-pcp-post default pcp-item-35969\" data-id=\"35969\">\n\t\t\t\t\t\t\t\t<div class=\"pcp-post-thumb-wrapper\">\n\t\t\t\t\t<div class=\"sp-pcp-post-thumb-area\">\n\t\t\t\t\t\t\t\t\t\t\t\t<a class=\"sp-pcp-thumb\" href=\"https:\/\/agencia.unq.edu.ar\/?p=35969\" target=\"_self\" >\n\t\t\t\t\t\t\t\t\t\t\t\t\t<img loading=\"lazy\" decoding=\"async\" src=\"https:\/\/agencia.unq.edu.ar\/wp-content\/uploads\/2026\/04\/resistencia-antimicrobianos-espana.jpg\" width=\"1040\" height=\"420\" alt=\"El f\u00e1rmaco Concerta es uno de los tantos en Espa\u00f1a cuya presentaci\u00f3n trae 30 dosis. Cr\u00e9ditos: LUDA.\">\n\t\t\t\t\t\t<\/a>\n\t\t\t\t\t<\/div>\n\t\t\t\t<\/div>\n\t\t\t\t\t\t\t\t<div class=\"sp-pcp-post-details\">\n\t\t\t\t\t<div class=\"sp-pcp-post-details-content\">\n\t\t\t\t\t\t\t\t<h4 class=\"sp-pcp-title\">\n\t\t\t\t\t\t\t\t\t<a href=\"https:\/\/agencia.unq.edu.ar\/?p=35969\"  target=\"_self\">Espa\u00f1a elimina las cajas de antibi\u00f3ticos grandes para luchar contra las superbacterias<\/a>\t\t\t\t\t\t\t<\/h4>\n\t\t\t\t\t\t\t\t\t<\/div>\n\t\t\t\t<\/div>\n\t\t\t<\/div>\n\t\t<\/div>\n\t\t\t\t<div class=\" swiper-slide swiper-lazy\">\n\t\t\t<div class=\"sp-pcp-post default pcp-item-35850\" data-id=\"35850\">\n\t\t\t\t\t\t\t\t<div class=\"pcp-post-thumb-wrapper\">\n\t\t\t\t\t<div class=\"sp-pcp-post-thumb-area\">\n\t\t\t\t\t\t\t\t\t\t\t\t<a class=\"sp-pcp-thumb\" href=\"https:\/\/agencia.unq.edu.ar\/?p=35850\" target=\"_self\" >\n\t\t\t\t\t\t\t\t\t\t\t\t\t<img loading=\"lazy\" decoding=\"async\" src=\"https:\/\/agencia.unq.edu.ar\/wp-content\/uploads\/2026\/04\/carta-abierta-clarin.jpg\" width=\"1040\" height=\"420\" alt=\"Horacio Gonz\u00e1lez en una charla de Carta Abierta, en la Facultad de filosof\u00eda y letras.\">\n\t\t\t\t\t\t<\/a>\n\t\t\t\t\t<\/div>\n\t\t\t\t<\/div>\n\t\t\t\t\t\t\t\t<div class=\"sp-pcp-post-details\">\n\t\t\t\t\t<div class=\"sp-pcp-post-details-content\">\n\t\t\t\t\t\t\t\t<h4 class=\"sp-pcp-title\">\n\t\t\t\t\t\t\t\t\t<a href=\"https:\/\/agencia.unq.edu.ar\/?p=35850\"  target=\"_self\">\u201cDebate p\u00fablico en Argentina\u201d: el libro que recupera la experiencia de Carta Abierta<\/a>\t\t\t\t\t\t\t<\/h4>\n\t\t\t\t\t\t\t\t\t<\/div>\n\t\t\t\t<\/div>\n\t\t\t<\/div>\n\t\t<\/div>\n\t\t\t\t<div class=\" swiper-slide swiper-lazy\">\n\t\t\t<div class=\"sp-pcp-post default pcp-item-35830\" data-id=\"35830\">\n\t\t\t\t\t\t\t\t<div class=\"pcp-post-thumb-wrapper\">\n\t\t\t\t\t<div class=\"sp-pcp-post-thumb-area\">\n\t\t\t\t\t\t\t\t\t\t\t\t<a class=\"sp-pcp-thumb\" href=\"https:\/\/agencia.unq.edu.ar\/?p=35830\" target=\"_self\" >\n\t\t\t\t\t\t\t\t\t\t\t\t\t<img loading=\"lazy\" decoding=\"async\" src=\"https:\/\/agencia.unq.edu.ar\/wp-content\/uploads\/2026\/04\/Javier-Milei-Peter-Thiel.jpg\" width=\"1040\" height=\"420\" alt=\"Javier Milei junto a Peter Lamelas, embajador de EE.UU. en Argentina y Peter Thiel, fundador de Palantir. Cr\u00e9ditos: @OPRArgentina.\">\n\t\t\t\t\t\t<\/a>\n\t\t\t\t\t<\/div>\n\t\t\t\t<\/div>\n\t\t\t\t\t\t\t\t<div class=\"sp-pcp-post-details\">\n\t\t\t\t\t<div class=\"sp-pcp-post-details-content\">\n\t\t\t\t\t\t\t\t<h4 class=\"sp-pcp-title\">\n\t\t\t\t\t\t\t\t\t<a href=\"https:\/\/agencia.unq.edu.ar\/?p=35830\"  target=\"_self\">Palantir y Peter Thiel: \u00bfse acerca el tecnofascismo a la Argentina?<\/a>\t\t\t\t\t\t\t<\/h4>\n\t\t\t\t\t\t\t\t\t<\/div>\n\t\t\t\t<\/div>\n\t\t\t<\/div>\n\t\t<\/div>\n\t\t\t\t<div class=\" swiper-slide swiper-lazy\">\n\t\t\t<div class=\"sp-pcp-post default pcp-item-35757\" data-id=\"35757\">\n\t\t\t\t\t\t\t\t<div class=\"pcp-post-thumb-wrapper\">\n\t\t\t\t\t<div class=\"sp-pcp-post-thumb-area\">\n\t\t\t\t\t\t\t\t\t\t\t\t<a class=\"sp-pcp-thumb\" href=\"https:\/\/agencia.unq.edu.ar\/?p=35757\" target=\"_self\" >\n\t\t\t\t\t\t\t\t\t\t\t\t\t<img loading=\"lazy\" decoding=\"async\" src=\"https:\/\/agencia.unq.edu.ar\/wp-content\/uploads\/2026\/04\/Marcha-universitaria-vista-general.jpg\" width=\"1040\" height=\"420\" alt=\"Imagen panor\u00e1mica de la \u00faltima Marcha Federal. Cr\u00e9ditos: @vyp.drone.\">\n\t\t\t\t\t\t<\/a>\n\t\t\t\t\t<\/div>\n\t\t\t\t<\/div>\n\t\t\t\t\t\t\t\t<div class=\"sp-pcp-post-details\">\n\t\t\t\t\t<div class=\"sp-pcp-post-details-content\">\n\t\t\t\t\t\t\t\t<h4 class=\"sp-pcp-title\">\n\t\t\t\t\t\t\t\t\t<a href=\"https:\/\/agencia.unq.edu.ar\/?p=35757\"  target=\"_self\">Hasta que se cumpla: la comunidad universitaria realizar\u00e1 una nueva Marcha Federal<\/a>\t\t\t\t\t\t\t<\/h4>\n\t\t\t\t\t\t\t\t\t<\/div>\n\t\t\t\t<\/div>\n\t\t\t<\/div>\n\t\t<\/div>\n\t\t\t\t<div class=\" swiper-slide swiper-lazy\">\n\t\t\t<div class=\"sp-pcp-post default pcp-item-35638\" data-id=\"35638\">\n\t\t\t\t\t\t\t\t<div class=\"pcp-post-thumb-wrapper\">\n\t\t\t\t\t<div class=\"sp-pcp-post-thumb-area\">\n\t\t\t\t\t\t\t\t\t\t\t\t<a class=\"sp-pcp-thumb\" href=\"https:\/\/agencia.unq.edu.ar\/?p=35638\" target=\"_self\" >\n\t\t\t\t\t\t\t\t\t\t\t\t\t<img loading=\"lazy\" decoding=\"async\" src=\"https:\/\/agencia.unq.edu.ar\/wp-content\/uploads\/2026\/04\/Roberto-Abdala-Al-borde-del-precipicio.jpg\" width=\"1040\" height=\"420\" alt=\"Roberto Abdala en Al borde del precicipcio. Cr\u00e9ditos: Captura UNQ TV.\">\n\t\t\t\t\t\t<\/a>\n\t\t\t\t\t<\/div>\n\t\t\t\t<\/div>\n\t\t\t\t\t\t\t\t<div class=\"sp-pcp-post-details\">\n\t\t\t\t\t<div class=\"sp-pcp-post-details-content\">\n\t\t\t\t\t\t\t\t<h4 class=\"sp-pcp-title\">\n\t\t\t\t\t\t\t\t\t<a href=\"https:\/\/agencia.unq.edu.ar\/?p=35638\"  target=\"_self\">Roberto Abdala: \u201cSin presupuesto es muy dif\u00edcil pensar y so\u00f1ar una escuela distinta\u201d<\/a>\t\t\t\t\t\t\t<\/h4>\n\t\t\t\t\t\t\t\t\t<\/div>\n\t\t\t\t<\/div>\n\t\t\t<\/div>\n\t\t<\/div>\n\t\t\t\t<div class=\" swiper-slide swiper-lazy\">\n\t\t\t<div class=\"sp-pcp-post default pcp-item-35583\" data-id=\"35583\">\n\t\t\t\t\t\t\t\t<div class=\"pcp-post-thumb-wrapper\">\n\t\t\t\t\t<div class=\"sp-pcp-post-thumb-area\">\n\t\t\t\t\t\t\t\t\t\t\t\t<a class=\"sp-pcp-thumb\" href=\"https:\/\/agencia.unq.edu.ar\/?p=35583\" target=\"_self\" >\n\t\t\t\t\t\t\t\t\t\t\t\t\t<img loading=\"lazy\" decoding=\"async\" src=\"https:\/\/agencia.unq.edu.ar\/wp-content\/uploads\/2024\/06\/INTI-despidos.jpg\" width=\"1040\" height=\"420\" alt=\"Protesta realizada por los trabajadores del INTI contra los despidos. Cr\u00e9ditos: ATE-INTI.\">\n\t\t\t\t\t\t<\/a>\n\t\t\t\t\t<\/div>\n\t\t\t\t<\/div>\n\t\t\t\t\t\t\t\t<div class=\"sp-pcp-post-details\">\n\t\t\t\t\t<div class=\"sp-pcp-post-details-content\">\n\t\t\t\t\t\t\t\t<h4 class=\"sp-pcp-title\">\n\t\t\t\t\t\t\t\t\t<a href=\"https:\/\/agencia.unq.edu.ar\/?p=35583\"  target=\"_self\">El gobierno quiere quitarle m\u00e1s funciones al INTI y despedir 700 trabajadores<\/a>\t\t\t\t\t\t\t<\/h4>\n\t\t\t\t\t\t\t\t\t<\/div>\n\t\t\t\t<\/div>\n\t\t\t<\/div>\n\t\t<\/div>\n\t\t\t\t<div class=\" swiper-slide swiper-lazy\">\n\t\t\t<div class=\"sp-pcp-post default pcp-item-35568\" data-id=\"35568\">\n\t\t\t\t\t\t\t\t<div class=\"pcp-post-thumb-wrapper\">\n\t\t\t\t\t<div class=\"sp-pcp-post-thumb-area\">\n\t\t\t\t\t\t\t\t\t\t\t\t<a class=\"sp-pcp-thumb\" href=\"https:\/\/agencia.unq.edu.ar\/?p=35568\" target=\"_self\" >\n\t\t\t\t\t\t\t\t\t\t\t\t\t<img loading=\"lazy\" decoding=\"async\" src=\"https:\/\/agencia.unq.edu.ar\/wp-content\/uploads\/2026\/04\/unsplash.jpg\" width=\"1040\" height=\"420\" alt=\"Sin botiquines completos, crecen las dificultades para sostener controles, prevenir cuadros graves y evitar derivaciones. Cr\u00e9ditos: Unplash.\">\n\t\t\t\t\t\t<\/a>\n\t\t\t\t\t<\/div>\n\t\t\t\t<\/div>\n\t\t\t\t\t\t\t\t<div class=\"sp-pcp-post-details\">\n\t\t\t\t\t<div class=\"sp-pcp-post-details-content\">\n\t\t\t\t\t\t\t\t<h4 class=\"sp-pcp-title\">\n\t\t\t\t\t\t\t\t\t<a href=\"https:\/\/agencia.unq.edu.ar\/?p=35568\"  target=\"_self\">Golpe a la salud p\u00fablica: \u00bfc\u00f3mo impacta la baja del Programa Remediar que dispuso el gobierno?<\/a>\t\t\t\t\t\t\t<\/h4>\n\t\t\t\t\t\t\t\t\t<\/div>\n\t\t\t\t<\/div>\n\t\t\t<\/div>\n\t\t<\/div>\n\t\t\t\t<div class=\" swiper-slide swiper-lazy\">\n\t\t\t<div class=\"sp-pcp-post default pcp-item-35529\" data-id=\"35529\">\n\t\t\t\t\t\t\t\t<div class=\"pcp-post-thumb-wrapper\">\n\t\t\t\t\t<div class=\"sp-pcp-post-thumb-area\">\n\t\t\t\t\t\t\t\t\t\t\t\t<a class=\"sp-pcp-thumb\" href=\"https:\/\/agencia.unq.edu.ar\/?p=35529\" target=\"_self\" >\n\t\t\t\t\t\t\t\t\t\t\t\t\t<img loading=\"lazy\" decoding=\"async\" src=\"https:\/\/agencia.unq.edu.ar\/wp-content\/uploads\/2026\/04\/educacion-IA.jpg\" width=\"1040\" height=\"420\" alt=\"El nuevo Observatorio regional apunta a transformar sistemas educativos con evidencia y escala. Cr\u00e9dito: Istock.\">\n\t\t\t\t\t\t<\/a>\n\t\t\t\t\t<\/div>\n\t\t\t\t<\/div>\n\t\t\t\t\t\t\t\t<div class=\"sp-pcp-post-details\">\n\t\t\t\t\t<div class=\"sp-pcp-post-details-content\">\n\t\t\t\t\t\t\t\t<h4 class=\"sp-pcp-title\">\n\t\t\t\t\t\t\t\t\t<a href=\"https:\/\/agencia.unq.edu.ar\/?p=35529\"  target=\"_self\">La UNESCO lanz\u00f3 un Observatorio regional para integrar la IA en la educaci\u00f3n<\/a>\t\t\t\t\t\t\t<\/h4>\n\t\t\t\t\t\t\t\t\t<\/div>\n\t\t\t\t<\/div>\n\t\t\t<\/div>\n\t\t<\/div>\n\t\t\t\t<div class=\" swiper-slide swiper-lazy\">\n\t\t\t<div class=\"sp-pcp-post default pcp-item-35512\" data-id=\"35512\">\n\t\t\t\t\t\t\t\t<div class=\"pcp-post-thumb-wrapper\">\n\t\t\t\t\t<div class=\"sp-pcp-post-thumb-area\">\n\t\t\t\t\t\t\t\t\t\t\t\t<a class=\"sp-pcp-thumb\" href=\"https:\/\/agencia.unq.edu.ar\/?p=35512\" target=\"_self\" >\n\t\t\t\t\t\t\t\t\t\t\t\t\t<img loading=\"lazy\" decoding=\"async\" src=\"https:\/\/agencia.unq.edu.ar\/wp-content\/uploads\/2026\/04\/Emmanuel-Macron.jpg\" width=\"1040\" height=\"420\" alt=\"Emmanuel Macron, presidente de Francia. Cr\u00e9ditos: Britannica.\">\n\t\t\t\t\t\t<\/a>\n\t\t\t\t\t<\/div>\n\t\t\t\t<\/div>\n\t\t\t\t\t\t\t\t<div class=\"sp-pcp-post-details\">\n\t\t\t\t\t<div class=\"sp-pcp-post-details-content\">\n\t\t\t\t\t\t\t\t<h4 class=\"sp-pcp-title\">\n\t\t\t\t\t\t\t\t\t<a href=\"https:\/\/agencia.unq.edu.ar\/?p=35512\"  target=\"_self\">Francia avanza hacia la soberan\u00eda digital y abandona Windows: \u00bfcu\u00e1l es la situaci\u00f3n de Argentina?<\/a>\t\t\t\t\t\t\t<\/h4>\n\t\t\t\t\t\t\t\t\t<\/div>\n\t\t\t\t<\/div>\n\t\t\t<\/div>\n\t\t<\/div>\n\t\t\t\t<div class=\" swiper-slide swiper-lazy\">\n\t\t\t<div class=\"sp-pcp-post default pcp-item-35480\" data-id=\"35480\">\n\t\t\t\t\t\t\t\t<div class=\"pcp-post-thumb-wrapper\">\n\t\t\t\t\t<div class=\"sp-pcp-post-thumb-area\">\n\t\t\t\t\t\t\t\t\t\t\t\t<a class=\"sp-pcp-thumb\" href=\"https:\/\/agencia.unq.edu.ar\/?p=35480\" target=\"_self\" >\n\t\t\t\t\t\t\t\t\t\t\t\t\t<img loading=\"lazy\" decoding=\"async\" src=\"https:\/\/agencia.unq.edu.ar\/wp-content\/uploads\/2026\/04\/DSC9028-1.jpg\" width=\"1040\" height=\"420\" alt=\"Estudiantes y docentes marchan hacia el centro de Quilmes, tras una semana de toma de la universidad. Cr\u00e9ditos: Sergio D&#039;Addona.\">\n\t\t\t\t\t\t<\/a>\n\t\t\t\t\t<\/div>\n\t\t\t\t<\/div>\n\t\t\t\t\t\t\t\t<div class=\"sp-pcp-post-details\">\n\t\t\t\t\t<div class=\"sp-pcp-post-details-content\">\n\t\t\t\t\t\t\t\t<h4 class=\"sp-pcp-title\">\n\t\t\t\t\t\t\t\t\t<a href=\"https:\/\/agencia.unq.edu.ar\/?p=35480\"  target=\"_self\">La universidad no se apaga: la UNQ abre sus puertas con propuestas cient\u00edficas y culturales<\/a>\t\t\t\t\t\t\t<\/h4>\n\t\t\t\t\t\t\t\t\t<\/div>\n\t\t\t\t<\/div>\n\t\t\t<\/div>\n\t\t<\/div>\n\t\t\t\t<div class=\" swiper-slide swiper-lazy\">\n\t\t\t<div class=\"sp-pcp-post default pcp-item-35471\" data-id=\"35471\">\n\t\t\t\t\t\t\t\t<div class=\"pcp-post-thumb-wrapper\">\n\t\t\t\t\t<div class=\"sp-pcp-post-thumb-area\">\n\t\t\t\t\t\t\t\t\t\t\t\t<a class=\"sp-pcp-thumb\" href=\"https:\/\/agencia.unq.edu.ar\/?p=35471\" target=\"_self\" >\n\t\t\t\t\t\t\t\t\t\t\t\t\t<img loading=\"lazy\" decoding=\"async\" src=\"https:\/\/agencia.unq.edu.ar\/wp-content\/uploads\/2026\/04\/Abuelas-de-Plaza-de-Mayo.jpg\" width=\"1040\" height=\"420\" alt=\"Cr\u00e9ditos: cultura.gob.ar\">\n\t\t\t\t\t\t<\/a>\n\t\t\t\t\t<\/div>\n\t\t\t\t<\/div>\n\t\t\t\t\t\t\t\t<div class=\"sp-pcp-post-details\">\n\t\t\t\t\t<div class=\"sp-pcp-post-details-content\">\n\t\t\t\t\t\t\t\t<h4 class=\"sp-pcp-title\">\n\t\t\t\t\t\t\t\t\t<a href=\"https:\/\/agencia.unq.edu.ar\/?p=35471\"  target=\"_self\">&#8220;Que el gobierno deje de enviar los kits de ADN a los consulados es perpetuar los cr\u00edmenes de lesa humanidad&#8221;<\/a>\t\t\t\t\t\t\t<\/h4>\n\t\t\t\t\t\t\t\t\t<\/div>\n\t\t\t\t<\/div>\n\t\t\t<\/div>\n\t\t<\/div>\n\t\t\t\t<div class=\" swiper-slide swiper-lazy\">\n\t\t\t<div class=\"sp-pcp-post default pcp-item-35463\" data-id=\"35463\">\n\t\t\t\t\t\t\t\t<div class=\"pcp-post-thumb-wrapper\">\n\t\t\t\t\t<div class=\"sp-pcp-post-thumb-area\">\n\t\t\t\t\t\t\t\t\t\t\t\t<a class=\"sp-pcp-thumb\" href=\"https:\/\/agencia.unq.edu.ar\/?p=35463\" target=\"_self\" >\n\t\t\t\t\t\t\t\t\t\t\t\t\t<img loading=\"lazy\" decoding=\"async\" src=\"https:\/\/agencia.unq.edu.ar\/wp-content\/uploads\/2026\/04\/Luis-Robles.jpg\" width=\"1040\" height=\"420\" alt=\"Luis Robles, el abuelo de Sonia Gar\u00f3falo, es el segundo de derecha a izquierda. Cr\u00e9ditos: Gentileza Sonia Gar\u00f3falo.\">\n\t\t\t\t\t\t<\/a>\n\t\t\t\t\t<\/div>\n\t\t\t\t<\/div>\n\t\t\t\t\t\t\t\t<div class=\"sp-pcp-post-details\">\n\t\t\t\t\t<div class=\"sp-pcp-post-details-content\">\n\t\t\t\t\t\t\t\t<h4 class=\"sp-pcp-title\">\n\t\t\t\t\t\t\t\t\t<a href=\"https:\/\/agencia.unq.edu.ar\/?p=35463\"  target=\"_self\">Graduada de la UNQ presentar\u00e1 una querella al Estado espa\u00f1ol por el exilio de su familia durante el franquismo<\/a>\t\t\t\t\t\t\t<\/h4>\n\t\t\t\t\t\t\t\t\t<\/div>\n\t\t\t\t<\/div>\n\t\t\t<\/div>\n\t\t<\/div>\n\t\t\t\t<div class=\" swiper-slide swiper-lazy\">\n\t\t\t<div class=\"sp-pcp-post default pcp-item-35428\" data-id=\"35428\">\n\t\t\t\t\t\t\t\t<div class=\"pcp-post-thumb-wrapper\">\n\t\t\t\t\t<div class=\"sp-pcp-post-thumb-area\">\n\t\t\t\t\t\t\t\t\t\t\t\t<a class=\"sp-pcp-thumb\" href=\"https:\/\/agencia.unq.edu.ar\/?p=35428\" target=\"_self\" >\n\t\t\t\t\t\t\t\t\t\t\t\t\t<img loading=\"lazy\" decoding=\"async\" src=\"https:\/\/agencia.unq.edu.ar\/wp-content\/uploads\/2024\/05\/Laboratorio-Universidad-Nacional-de-Villa-Maria.jpg\" width=\"1040\" height=\"420\" alt=\"Con el recorte presupuestario peligran las investigaciones que se est\u00e1n llevando a cabo. Cr\u00e9ditos: La Vanguardia.\">\n\t\t\t\t\t\t<\/a>\n\t\t\t\t\t<\/div>\n\t\t\t\t<\/div>\n\t\t\t\t\t\t\t\t<div class=\"sp-pcp-post-details\">\n\t\t\t\t\t<div class=\"sp-pcp-post-details-content\">\n\t\t\t\t\t\t\t\t<h4 class=\"sp-pcp-title\">\n\t\t\t\t\t\t\t\t\t<a href=\"https:\/\/agencia.unq.edu.ar\/?p=35428\"  target=\"_self\">Argentina celebra el D\u00eda del Investigador con el presupuesto m\u00e1s bajo desde el retorno democr\u00e1tico<\/a>\t\t\t\t\t\t\t<\/h4>\n\t\t\t\t\t\t\t\t\t<\/div>\n\t\t\t\t<\/div>\n\t\t\t<\/div>\n\t\t<\/div>\n\t\t\t\t<div class=\" swiper-slide swiper-lazy\">\n\t\t\t<div class=\"sp-pcp-post default pcp-item-35418\" data-id=\"35418\">\n\t\t\t\t\t\t\t\t<div class=\"pcp-post-thumb-wrapper\">\n\t\t\t\t\t<div class=\"sp-pcp-post-thumb-area\">\n\t\t\t\t\t\t\t\t\t\t\t\t<a class=\"sp-pcp-thumb\" href=\"https:\/\/agencia.unq.edu.ar\/?p=35418\" target=\"_self\" >\n\t\t\t\t\t\t\t\t\t\t\t\t\t<img loading=\"lazy\" decoding=\"async\" src=\"https:\/\/agencia.unq.edu.ar\/wp-content\/uploads\/2026\/04\/Industria-del-software.jpg\" width=\"1040\" height=\"420\" alt=\"La industria del software forma parte de la Econom\u00eda del Conocimiento, uno de los sectores m\u00e1s pujantes del pa\u00eds. Cr\u00e9ditos: 123RF.\">\n\t\t\t\t\t\t<\/a>\n\t\t\t\t\t<\/div>\n\t\t\t\t<\/div>\n\t\t\t\t\t\t\t\t<div class=\"sp-pcp-post-details\">\n\t\t\t\t\t<div class=\"sp-pcp-post-details-content\">\n\t\t\t\t\t\t\t\t<h4 class=\"sp-pcp-title\">\n\t\t\t\t\t\t\t\t\t<a href=\"https:\/\/agencia.unq.edu.ar\/?p=35418\"  target=\"_self\">Industria del software: el valor que aportan las universidades y el gobierno no ve<\/a>\t\t\t\t\t\t\t<\/h4>\n\t\t\t\t\t\t\t\t\t<\/div>\n\t\t\t\t<\/div>\n\t\t\t<\/div>\n\t\t<\/div>\n\t\t\t\t<div class=\" swiper-slide swiper-lazy\">\n\t\t\t<div class=\"sp-pcp-post default pcp-item-35308\" data-id=\"35308\">\n\t\t\t\t\t\t\t\t<div class=\"pcp-post-thumb-wrapper\">\n\t\t\t\t\t<div class=\"sp-pcp-post-thumb-area\">\n\t\t\t\t\t\t\t\t\t\t\t\t<a class=\"sp-pcp-thumb\" href=\"https:\/\/agencia.unq.edu.ar\/?p=35308\" target=\"_self\" >\n\t\t\t\t\t\t\t\t\t\t\t\t\t<img loading=\"lazy\" decoding=\"async\" src=\"https:\/\/agencia.unq.edu.ar\/wp-content\/uploads\/2026\/04\/Pancarta-ley-de-financiamiento-universitario.jpg\" width=\"1040\" height=\"420\" alt=\"Cr\u00e9ditos: PuroChamuyo.\">\n\t\t\t\t\t\t<\/a>\n\t\t\t\t\t<\/div>\n\t\t\t\t<\/div>\n\t\t\t\t\t\t\t\t<div class=\"sp-pcp-post-details\">\n\t\t\t\t\t<div class=\"sp-pcp-post-details-content\">\n\t\t\t\t\t\t\t\t<h4 class=\"sp-pcp-title\">\n\t\t\t\t\t\t\t\t\t<a href=\"https:\/\/agencia.unq.edu.ar\/?p=35308\"  target=\"_self\">La Justicia obliga al gobierno a cumplir la Ley de Financiamiento Universitario: \u00bfQu\u00e9 pasar\u00e1 ahora?<\/a>\t\t\t\t\t\t\t<\/h4>\n\t\t\t\t\t\t\t\t\t<\/div>\n\t\t\t\t<\/div>\n\t\t\t<\/div>\n\t\t<\/div>\n\t\t\t\t\t<\/div>\n\t\t\t\t\t\t<div class=\"pcp-pagination swiper-pagination dots\"><\/div>\n\t\t\t\t\t\t\t\t\t\t<div class=\"pcp-button-next swiper-button-next top_right\"><i class=\"fa fa-angle-right\"><\/i><\/div>\n\t\t\t\t<div class=\"pcp-button-prev swiper-button-prev top_right\"><i class=\"fa fa-angle-left\"><\/i><\/div>\t<\/div>\n<\/div>\n\n\n\n\n<hr class=\"wp-block-separator has-text-color has-css-opacity has-background is-style-wide\" style=\"background-color:#fea50e;color:#fea50e\"\/>\n","protected":false},"excerpt":{"rendered":"<p>El expresidente ecuatoriano y el gobernador bonaerense disertaron en la Universidad. La presentaci\u00f3n estuvo a cargo del rector Alfredo Alfonso.<\/p>\n","protected":false},"author":6,"featured_media":8092,"comment_status":"closed","ping_status":"closed","sticky":false,"template":"","format":"standard","meta":{"_uag_custom_page_level_css":"","_monsterinsights_skip_tracking":false,"_monsterinsights_sitenote_active":false,"_monsterinsights_sitenote_note":"","_monsterinsights_sitenote_category":0,"site-sidebar-layout":"default","site-content-layout":"","ast-site-content-layout":"default","site-content-style":"default","site-sidebar-style":"default","ast-global-header-display":"","ast-banner-title-visibility":"","ast-main-header-display":"","ast-hfb-above-header-display":"","ast-hfb-below-header-display":"","ast-hfb-mobile-header-display":"","site-post-title":"","ast-breadcrumbs-content":"","ast-featured-img":"","footer-sml-layout":"","ast-disable-related-posts":"","theme-transparent-header-meta":"","adv-header-id-meta":"","stick-header-meta":"","header-above-stick-meta":"","header-main-stick-meta":"","header-below-stick-meta":"","astra-migrate-meta-layouts":"default","ast-page-background-enabled":"default","ast-page-background-meta":{"desktop":{"background-color":"var(--ast-global-color-4)","background-image":"","background-repeat":"repeat","background-position":"center center","background-size":"auto","background-attachment":"scroll","background-type":"","background-media":"","overlay-type":"","overlay-color":"","overlay-opacity":"","overlay-gradient":""},"tablet":{"background-color":"","background-image":"","background-repeat":"repeat","background-position":"center center","background-size":"auto","background-attachment":"scroll","background-type":"","background-media":"","overlay-type":"","overlay-color":"","overlay-opacity":"","overlay-gradient":""},"mobile":{"background-color":"","background-image":"","background-repeat":"repeat","background-position":"center center","background-size":"auto","background-attachment":"scroll","background-type":"","background-media":"","overlay-type":"","overlay-color":"","overlay-opacity":"","overlay-gradient":""}},"ast-content-background-meta":{"desktop":{"background-color":"var(--ast-global-color-5)","background-image":"","background-repeat":"repeat","background-position":"center center","background-size":"auto","background-attachment":"scroll","background-type":"","background-media":"","overlay-type":"","overlay-color":"","overlay-opacity":"","overlay-gradient":""},"tablet":{"background-color":"var(--ast-global-color-5)","background-image":"","background-repeat":"repeat","background-position":"center center","background-size":"auto","background-attachment":"scroll","background-type":"","background-media":"","overlay-type":"","overlay-color":"","overlay-opacity":"","overlay-gradient":""},"mobile":{"background-color":"var(--ast-global-color-5)","background-image":"","background-repeat":"repeat","background-position":"center center","background-size":"auto","background-attachment":"scroll","background-type":"","background-media":"","overlay-type":"","overlay-color":"","overlay-opacity":"","overlay-gradient":""}},"footnotes":""},"categories":[16,92],"tags":[166],"class_list":["post-8091","post","type-post","status-publish","format-standard","has-post-thumbnail","hentry","category-noticia-destacada","category-politica","tag-universidad-nacional-de-quilmes"],"aioseo_notices":[],"uagb_featured_image_src":{"full":["https:\/\/agencia.unq.edu.ar\/wp-content\/uploads\/2022\/10\/Correa-A.jpg",1040,420,false],"thumbnail":["https:\/\/agencia.unq.edu.ar\/wp-content\/uploads\/2022\/10\/Correa-A.jpg",150,61,false],"medium":["https:\/\/agencia.unq.edu.ar\/wp-content\/uploads\/2022\/10\/Correa-A.jpg",960,388,false],"medium_large":["https:\/\/agencia.unq.edu.ar\/wp-content\/uploads\/2022\/10\/Correa-A.jpg",768,310,false],"large":["https:\/\/agencia.unq.edu.ar\/wp-content\/uploads\/2022\/10\/Correa-A.jpg",1040,420,false],"1536x1536":["https:\/\/agencia.unq.edu.ar\/wp-content\/uploads\/2022\/10\/Correa-A.jpg",1040,420,false],"2048x2048":["https:\/\/agencia.unq.edu.ar\/wp-content\/uploads\/2022\/10\/Correa-A.jpg",1040,420,false]},"uagb_author_info":{"display_name":"Nicol\u00e1s Retamar","author_link":"https:\/\/agencia.unq.edu.ar\/?author=6"},"uagb_comment_info":0,"uagb_excerpt":"El expresidente ecuatoriano y el gobernador bonaerense disertaron en la Universidad. La presentaci\u00f3n estuvo a cargo del rector Alfredo Alfonso.","blog_post_layout_featured_media_urls":{"thumbnail":["https:\/\/agencia.unq.edu.ar\/wp-content\/uploads\/2022\/10\/Correa-A.jpg",150,61,false],"full":["https:\/\/agencia.unq.edu.ar\/wp-content\/uploads\/2022\/10\/Correa-A.jpg",1040,420,false]},"categories_names":{"16":{"name":"Noticia destacada","link":"https:\/\/agencia.unq.edu.ar\/?cat=16"},"92":{"name":"Pol\u00edtica","link":"https:\/\/agencia.unq.edu.ar\/?cat=92"}},"tags_names":{"166":{"name":"Universidad Nacional de Quilmes","link":"https:\/\/agencia.unq.edu.ar\/?tag=universidad-nacional-de-quilmes"}},"comments_number":"0","_links":{"self":[{"href":"https:\/\/agencia.unq.edu.ar\/index.php?rest_route=\/wp\/v2\/posts\/8091","targetHints":{"allow":["GET"]}}],"collection":[{"href":"https:\/\/agencia.unq.edu.ar\/index.php?rest_route=\/wp\/v2\/posts"}],"about":[{"href":"https:\/\/agencia.unq.edu.ar\/index.php?rest_route=\/wp\/v2\/types\/post"}],"author":[{"embeddable":true,"href":"https:\/\/agencia.unq.edu.ar\/index.php?rest_route=\/wp\/v2\/users\/6"}],"replies":[{"embeddable":true,"href":"https:\/\/agencia.unq.edu.ar\/index.php?rest_route=%2Fwp%2Fv2%2Fcomments&post=8091"}],"version-history":[{"count":3,"href":"https:\/\/agencia.unq.edu.ar\/index.php?rest_route=\/wp\/v2\/posts\/8091\/revisions"}],"predecessor-version":[{"id":8097,"href":"https:\/\/agencia.unq.edu.ar\/index.php?rest_route=\/wp\/v2\/posts\/8091\/revisions\/8097"}],"wp:featuredmedia":[{"embeddable":true,"href":"https:\/\/agencia.unq.edu.ar\/index.php?rest_route=\/wp\/v2\/media\/8092"}],"wp:attachment":[{"href":"https:\/\/agencia.unq.edu.ar\/index.php?rest_route=%2Fwp%2Fv2%2Fmedia&parent=8091"}],"wp:term":[{"taxonomy":"category","embeddable":true,"href":"https:\/\/agencia.unq.edu.ar\/index.php?rest_route=%2Fwp%2Fv2%2Fcategories&post=8091"},{"taxonomy":"post_tag","embeddable":true,"href":"https:\/\/agencia.unq.edu.ar\/index.php?rest_route=%2Fwp%2Fv2%2Ftags&post=8091"}],"curies":[{"name":"wp","href":"https:\/\/api.w.org\/{rel}","templated":true}]}}