{"id":8608,"date":"2022-11-02T14:42:00","date_gmt":"2022-11-02T17:42:00","guid":{"rendered":"https:\/\/agencia.unq.edu.ar\/?p=8608"},"modified":"2023-07-25T11:26:09","modified_gmt":"2023-07-25T14:26:09","slug":"veganismo-como-es-esta-forma-de-alimentarse-y-entender-el-mundo","status":"publish","type":"post","link":"https:\/\/agencia.unq.edu.ar\/?p=8608","title":{"rendered":"Veganismo: \u00bfC\u00f3mo es esta forma de alimentarse y entender el mundo? \u00a0\u00a0"},"content":{"rendered":"\n<p class=\"has-medium-font-size\">Un repaso por sus aspectos m\u00e1s relevantes. Alimentaci\u00f3n, salud, medio ambiente, defensa de los animales e industria son algunos de sus t\u00f3picos.<\/p>\n\n\n\n<figure class=\"wp-block-image size-full\"><img loading=\"lazy\" decoding=\"async\" width=\"1040\" height=\"420\" src=\"https:\/\/agencia.unq.edu.ar\/wp-content\/uploads\/2022\/11\/destacada-veganismo.jpg\" alt=\"Cada 1 de septiembre se conmemora con marchas el d\u00eda mundial del veganismo. Cr\u00e9ditos: diariopopular.com.ar\" class=\"wp-image-8619\"\/><figcaption class=\"wp-element-caption\">Cada 1 de septiembre se conmemora con marchas el d\u00eda mundial del veganismo. Cr\u00e9ditos: diariopopular.com.ar<\/figcaption><\/figure>\n\n\n\n<p>Cada 1\u00b0 de noviembre se celebra el D\u00eda mundial del veganismo. <strong>En Argentina, el fen\u00f3meno crece a pasos agigantados. Seg\u00fan un estudio realizado en 2020, el 12 por ciento de la poblaci\u00f3n es vegana\/vegetariana<\/strong>.&nbsp;Adem\u00e1s de consistir en una alimentaci\u00f3n a base de plantas, las personas veganas cuestionan normas culturales, sentidos comunes y formas de desarrollo. No solo se trata de qu\u00e9 comer, sino que constituye un planteo \u00e9tico y militante. Adem\u00e1s de tener una dieta sin productos ni derivados de animales, no usan vestimenta o accesorios que tengan cuero o plumas. No compran animales como mascotas o \u2018perros de guardia\u2019, no van a espect\u00e1culos que exhiben y explotan animales \u2013como podr\u00eda ser el caso de Mundo Marino o circos con elefantes y tigres\u2013, y no usan cosm\u00e9ticos que hayan sido probados en animales. En este trayecto, la comunidad vegana enfrenta cuestionamientos de propios y extra\u00f1os que van desde la supuesta ausencia de nutrientes y la falta de energ\u00eda diaria hasta la pregunta sobre si las plantas sienten. A continuaci\u00f3n, un informe especial de la <a href=\"http:\/\/agencia.unq.edu.ar\" target=\"_blank\" rel=\"noreferrer noopener\" title=\"Cansat Argentina: ya se lanzaron los picosat\u00e9lites dise\u00f1ados por estudiantes de secundaria\">Agencia de noticias cient\u00edficas de la UNQ<\/a>. <\/p>\n\n\n\n<h2 class=\"wp-block-heading\">Veganismo y antiespecismo<\/h2>\n\n\n\n<p><strong>El t\u00e9rmino&nbsp;<em>vegan<\/em>&nbsp;fue acu\u00f1ado en 1944<\/strong> por Donald Watson y Elsie Shrigley, quienes luego fundar\u00edan la Sociedad Vegana de Inglaterra. Aunque ya ven\u00edan del mundo del vegetarianismo (que en sus inicios formales a mediados del siglo XIX consist\u00eda en una alimentaci\u00f3n solo a base de plantas) con asociaciones y comunidades ligadas al tema, sent\u00edan que le faltaba un componente \u00e9tico de defensa de los animales.<\/p>\n\n\n\n<p>Aunque no se conoce por parte de ellos una definici\u00f3n te\u00f3rica, s\u00ed lo hace Ana Mar\u00eda Aboglio, autora del libro \u2018Veganismo. Pr\u00e1ctica de justicia e igualdad\u2019. Para ella, el veganismo es \u201c<strong>una actitud de respeto hacia toda la vida animal no humana sintiente que implica un modo de vida donde se evita voluntariamente su uso, su consumo o la participaci\u00f3n en actividades derivadas de su esclavitud, explotaci\u00f3n y muerte<\/strong>\u201d.<\/p>\n\n\n\n<p>Aunque muchas veces es tomado como sin\u00f3nimo o se da por supuesto, las personas veganas no necesariamente son antiespecistas. En este sentido, la organizaci\u00f3n \u00c9tica Animal sostiene que, mientras los veganos no participan en la explotaci\u00f3n, <strong>los antiespecistas se oponen a todas las formas de discriminaci\u00f3n de los animales no humanos<\/strong>.<\/p>\n\n\n\n<p>Desde esta perspectiva, la fil\u00f3sofa feminista especialista en \u00e9tica animal Ang\u00e9lica Velasco, afirma en El Salto Diario que \u201cel ser humano, y especialmente el hombre, ejerce y oprime a los individuos que considera inferiores. Y esto es lo que ocurre con los animales. <strong>La especie humana se ha cre\u00eddo superior y, por tanto, con el derecho a denigrar, explotar y hacer con los animales lo que queramos<\/strong>\u201d.&nbsp;&nbsp;<\/p>\n\n\n\n<h2 class=\"wp-block-heading\">Una dieta posible<\/h2>\n\n\n\n<p>En di\u00e1logo con la <a href=\"https:\/\/agencia.unq.edu.ar\/\" target=\"_blank\" rel=\"noreferrer noopener\">Agencia de Noticias Cient\u00edficas de la Universidad Nacional de Quilmes<\/a>, la nutricionista vegana <strong>Valentina Bello<\/strong> sostiene que&nbsp;es posible tener una dieta basada en plantas sin tener una carencia nutricional o problemas de salud. \u201c<strong>Los alimentos vegetales nos pueden brindar todos los nutrientes que necesitamos. El \u00fanico micronutriente que no est\u00e1 presente es la vitamina B12<\/strong>, por lo tanto es imprescindible la suplementaci\u00f3n en personas veganas, vegetarianas e incluso en aquellas que comen carne\u201d, resalta.<\/p>\n\n\n\n<p><strong>La vitamina B12 no se encuentra de forma natural en ning\u00fan alimento, ni siquiera en la carne<\/strong>. El ganado es suplementado y es por eso que sus tejidos y \u00f3rganos tienen este nutriente. Su origen es intestinal y todos los animales (humanos o no) generan B12 y lo eliminan a trav\u00e9s de las heces. Sin embargo, como en la actualidad el agua y los alimentos son sanitizados, la B12 no se encuentra sino de forma artificial.<\/p>\n\n\n\n<figure class=\"wp-block-image aligncenter size-full\"><img loading=\"lazy\" decoding=\"async\" width=\"700\" height=\"500\" src=\"https:\/\/agencia.unq.edu.ar\/wp-content\/uploads\/2022\/11\/2o-veganismo.jpg\" alt=\"Cada vez son m\u00e1s los afiches con inscripciones veganas y antiespecistas. Cr\u00e9ditos: https:\/\/www1.folha.uol.com.br\/\" class=\"wp-image-8620\"\/><figcaption class=\"wp-element-caption\">Cada vez son m\u00e1s los afiches con inscripciones veganas y antiespecistas. Cr\u00e9ditos: https:\/\/www1.folha.uol.com.br\/<\/figcaption><\/figure>\n\n\n\n<p>\u201cHay desconocimiento tambi\u00e9n en cuanto a la suplementaci\u00f3n con vitamina B12. Los colegas no conocen cu\u00e1l es el origen, dosificaci\u00f3n y marcas. Esto les impide realizar una buena asesor\u00eda nutricional a un paciente vegetariano y por eso <strong>prefieren desaconsejarlo en vez de derivar a especialista<\/strong>\u201d, plantea Bello.<\/p>\n\n\n\n<p>Hoy en d\u00eda, el consenso es que<strong> la dieta vegana es posible durante todo el ciclo vital, incluso en deportistas, y es muy \u00fatil para prevenir y tratar ciertas enfermedades, especialmente las cardiovasculares<\/strong>. Tambi\u00e9n es amigable con el ambiente por el bajo impacto que tiene.<\/p>\n\n\n\n<h2 class=\"wp-block-heading\">Salud y ambiente<\/h2>\n\n\n\n<p>En 2015, <strong>expertos de la OMS clasificaron el consumo de carne roja (todos los tipos de carne muscular de mam\u00edferos) como probablemente cancer\u00edgeno para los humanos y la carne procesada (como el jam\u00f3n, el chorizo y la salchicha) como cancer\u00edgena<\/strong>. Entre sus efectos principales se vinculan con el c\u00e1ncer colorrectal, pero tambi\u00e9n se asocia el consumo de carne con el c\u00e1ncer de p\u00e1ncreas y con el de pr\u00f3stata. Seg\u00fan los cient\u00edficos especialistas en la materia, cada porci\u00f3n de 50 gramos de carne procesada consumida diariamente aumenta el riesgo de c\u00e1ncer colorrectal en un 18 por ciento.<\/p>\n\n\n\n<p>Las emisiones del ganado, provenientes del esti\u00e9rcol y de liberaciones gastroent\u00e9ricas, producen aproximadamente 32 por ciento de las emisiones de metano (un potente gas de efecto invernadero cuyo poder de calentamiento es m\u00e1s de 80 veces mayor que el di\u00f3xido de carbono) causadas por el hombre. En 2018, <strong>un estudio de la ONU advert\u00eda que, si las vacas formaran un pa\u00eds, ser\u00eda el tercero en emisiones de gases de efecto invernadero<\/strong>.<\/p>\n\n\n\n<p>Adem\u00e1s de aumentar los gases contaminantes que influyen en el cambio clim\u00e1tico, <strong>la cr\u00eda de vacas contribuye a la deforestaci\u00f3n y al desplazamiento de comunidades rurales e ind\u00edgenas para plantar la soja<\/strong> (gen\u00e9ticamente modificada y cuidada con agroqu\u00edmicos que impactan sobre los campos, r\u00edos, mares y comunidades enteras) <strong>que alimentar\u00e1 al ganado<\/strong>.<\/p>\n\n\n\n<p>En cuanto a la utilizaci\u00f3n del agua, un recurso cada vez m\u00e1s escaso, <strong>para producir una hamburguesa de carne<\/strong>, dependiendo del lugar donde se fabrica,<strong> se necesitan casi 1700 litros<\/strong>.<\/p>\n\n\n\n<h2 class=\"wp-block-heading\">\u00bfY la formaci\u00f3n profesional?<\/h2>\n\n\n\n<p>Los planes de estudio de los nutricionistas est\u00e1n basados en una dieta mediterr\u00e1nea que incluye carnes rojas, pollos, pescados y l\u00e1cteos. <strong>Producto del desconocimiento, muchos profesionales desaconsejan el veganismo<\/strong>.<\/p>\n\n\n\n<p>Para <strong>Valentina Bello<\/strong>, \u201cesto tiene mucho sentido porque la econom\u00eda se mueve mucho con la industria ganadera y l\u00e1ctea. <strong>Est\u00e1n todos metidos en la formaci\u00f3n de los profesionales de la salud y los estudios que se hacen tambi\u00e9n est\u00e1n financiados por estas industrias<\/strong>, entonces hay mucha informaci\u00f3n sesgada\u201d. Sin embargo, cada vez hay m\u00e1s especializaciones sobre dietas basadas en plantas.<\/p>\n\n\n\n<p><\/p>\n\n\n\n<figure class=\"wp-block-image aligncenter size-full\"><img loading=\"lazy\" decoding=\"async\" width=\"700\" height=\"500\" src=\"https:\/\/agencia.unq.edu.ar\/wp-content\/uploads\/2022\/11\/secundaria-veganismo.jpg\" alt=\"De 2020 a 2021, la poblaci\u00f3n vegetariana\/vegana en Argentina creci\u00f3 un tres por ciento. Cr\u00e9ditos: https:\/\/verne.elpais.com\/\" class=\"wp-image-8618\"\/><figcaption class=\"wp-element-caption\">De 2020 a 2021, la poblaci\u00f3n vegetariana\/vegana en Argentina creci\u00f3 un tres por ciento. Cr\u00e9ditos: https:\/\/verne.elpais.com\/<\/figcaption><\/figure>\n\n\n\n<h2 class=\"wp-block-heading\">Una industria que crece<\/h2>\n\n\n\n<p>Seg\u00fan la Asociaci\u00f3n de Productores de Alimentos a Base Plantas en Argentina, entidad de la que forman parte m\u00e1s de 130 empresas, <strong>en el pa\u00eds hay alrededor de 1200 empresas que solo producen alimentos a base de plantas<\/strong>. De forma sostenida, en las calles se observan cada vez m\u00e1s diet\u00e9ticas (y g\u00f3ndolas exclusivas en el caso de los supermercados) con productos veganos que van desde peque\u00f1os emprendimientos con elaboraciones artesanales hasta empresas internacionales con productos ultraprocesados.<\/p>\n\n\n\n<p><strong>Las empresas nucleadas en la Asociaci\u00f3n crecieron al menos un 35 por ciento durante 2021 y el volumen de mercado de productos veganos fue superior a los 110 mil millones de pesos<\/strong>. En la actualidad, <strong>estas empresas generan alrededor de 12 mil empleos directos y otros 18 mil indirectos<\/strong>. No solo abastecen al mercado interno sino que muchas empresas exportan sus productos a lugares de Am\u00e9rica Latina, Europa y Medio Oriente.<\/p>\n\n\n\n<p>Sin embargo, muchas personas cuestionan por qu\u00e9 los veganos comen formas, texturas y sabores que imitan a los tradicionales provenientes de carnes rojas, blancas o productos l\u00e1cteos como dulce de leche, quesos y yogures.<\/p>\n\n\n\n<p>Al respecto, Bello destaca que <strong>estos productos son muy favorables porque les permiten a las personas no veganas atreverse a tener una dieta vegetariana o hacer una transici\u00f3n al veganismo<\/strong>. No obstante, destaca que esta dieta no necesariamente es sin\u00f3nimo de salud: \u201cNutricionalmente no tenemos que vernos como la opci\u00f3n m\u00e1s nutritiva o m\u00e1s sana porque hay muchos alimentos ultraprocesados que tienen como objetivo ser alimentos muy ricos, muy sabrosos y que se asimilan al producto original derivado de animal\u201d.<\/p>\n\n\n\n<p>\u201c<strong>Los veganos no renunciamos a la carne porque no nos guste<\/strong>. Es rico sentir ese sabor que nos acompa\u00f1\u00f3 en la infancia, que tenemos marcado en nuestra memoria emotiva y deseamos volver a saborear\u201d, cierra la nutricionista vegana y especialista en alimentaci\u00f3n basada en plantas.<\/p>\n\n\n\n<div style=\"height:40px\" aria-hidden=\"true\" class=\"wp-block-spacer\"><\/div>\n\n\n\n<hr class=\"wp-block-separator has-text-color has-css-opacity has-background is-style-wide\" style=\"background-color:#fea50e;color:#fea50e\"\/>\n\n\n\n<h4 class=\"wp-block-heading\" id=\"publicaciones-relacionadas\">\u00daltimas noticias de la secci\u00f3n Sociedad:<\/h4>\n\n\n<style id=\"sp_pcp_dynamic_style7310\">#pcp_wrapper-7310:not(.sps-glossary-layout) .sp-pcp-row,#pcp_wrapper-7310 .sps-glossary-items-group .sps-glossary-items-content {margin-right: -10px;margin-left: -10px;}#pcp_wrapper-7310 .sp-pcp-row [class*='sp-pcp-col-']{padding-right: 10px;padding-left: 10px; padding-bottom:20px;}.pcp-wrapper-7310 .sp-pcp-title a {color: #ac162c;display: inherit;} .pcp-wrapper-7310 .sp-pcp-title a:hover {color: #fea50e;}#pcp_wrapper-7310 .dots .swiper-pagination-bullet{ background: #ac162c; } #pcp_wrapper-7310 .dots .swiper-pagination-bullet-active { background: #fea50e; }#pcp_wrapper-7310 .pcp-button-prev,#pcp_wrapper-7310 .pcp-button-next{ background-image: none; background-size: auto; background-color: #fff; height: 33px; width: 33px; margin-top: 8px; border: 1px solid #aaa; text-align: center; line-height: 30px; -webkit-transition: 0.3s; border-radius: 3px; }#pcp_wrapper-7310 .pcp-button-prev:hover, #pcp_wrapper-7310 .pcp-button-next:hover{ background-color: #fea50e; border-color: #ac162c; } #pcp_wrapper-7310 .pcp-button-prev .fa, #pcp_wrapper-7310 .pcp-button-next .fa { color: #000000; } #pcp_wrapper-7310 .pcp-button-prev:hover .fa, #pcp_wrapper-7310 .pcp-button-next:hover .fa { color: #fff; } #pcp_wrapper-7310.pcp-carousel-wrapper .sp-pcp-post{ margin-top: 0; }#pcp_wrapper-7310 .sp-pcp-post {padding: 0 0 0 0;}#pcp_wrapper-7310.sp-slider_layout .sp-pcp-post .sp-pcp-post-details {top: 0; right:0; bottom:0; left:0;}#pcp_wrapper-7310 .sp-pcp-post {border: 0px solid #e2e2e2; border-radius: 0px }#pcp_wrapper-7310 .sp-pcp-post{background-color: transparent;}#pcp_wrapper-7310 .pcp-post-thumb-wrapper{border: 0px solid #dddddd;border-radius:0px;}.pcp-wrapper-7310 .sp-pcp-post-meta li,.pcp-wrapper-7310 .sp-pcp-post-meta ul,.pcp-wrapper-7310 .sp-pcp-post-meta li a{color: #888;}.pcp-wrapper-7310 .sp-pcp-post-meta li a:hover{color: #e1624b;}#pcp_wrapper-7310 .pcp-post-pagination .page-numbers.current, #pcp_wrapper-7310 .pcp-post-pagination a.active , #pcp_wrapper-7310 .pcp-post-pagination a:hover{ color: #ffffff; background: #e1624b; border-color: #e1624b; }#pcp_wrapper-7310 .pcp-post-pagination .page-numbers, .pcp-post-pagination a{ background: #ffffff; color:#5e5e5e; border: 2px solid #bbbbbb;border-radius: 2px; }#pcp_wrapper-7310 .pcp-post-pagination{text-align: left;}@media (min-width: 1200px) {.sp-pcp-row .sp-pcp-col-xl-1 {flex: 0 0 100%;}.sp-pcp-row .sp-pcp-col-xl-2 {flex: 1 1 calc( 50% - 20px);}.sp-pcp-row .sp-pcp-col-xl-3 {flex: 1 1 calc( 33.333% - 20px);}.sp-pcp-row .sp-pcp-col-xl-4 {flex: 1 1 calc( 25% - 20px);}.sp-pcp-row .sp-pcp-col-xl-5 { flex: 1 1 calc( 20% - 20px);}.sp-pcp-row .sp-pcp-col-xl-6 {flex: 1 1 calc( 16.66666666666667% - 20px);}.sp-pcp-row .sp-pcp-col-xl-7 {flex: 1 1 calc( 14.28571428% - 20px);}.sp-pcp-row .sp-pcp-col-xl-8 {flex: 1 1 calc( 12.5% - 20px);}}@media (max-width: 1200px) {.sp-pcp-row .sp-pcp-col-lg-1 {flex: 0 0 100%;}.sp-pcp-row .sp-pcp-col-lg-2 {flex: 1 1 calc( 50% - 20px);}.sp-pcp-row .sp-pcp-col-lg-3 {flex: 1 1 calc( 33.333% - 20px);}.sp-pcp-row .sp-pcp-col-lg-4 {flex: 1 1 calc( 25% - 20px);}.sp-pcp-row .sp-pcp-col-lg-5 { flex: 1 1 calc( 20% - 20px);}.sp-pcp-row .sp-pcp-col-lg-6 {flex: 1 1 calc( 16.66666666666667% - 20px);}.sp-pcp-row .sp-pcp-col-lg-7 {flex: 1 1 calc( 14.28571428% - 20px);}.sp-pcp-row .sp-pcp-col-lg-8 {flex: 1 1 calc( 12.5% - 20px);}}@media (max-width: 992px) {.sp-pcp-row .sp-pcp-col-md-1 {flex: 0 0 100%;}.sp-pcp-row .sp-pcp-col-md-2 {flex: 1 1 calc( 50% - 20px);}.sp-pcp-row .sp-pcp-col-md-2-5 {flex: 0 0 75%;}.sp-pcp-row .sp-pcp-col-md-3 {flex: 1 1 calc( 33.333% - 20px);}.sp-pcp-row .sp-pcp-col-md-4 {flex: 1 1 calc( 25% - 20px);}.sp-pcp-row .sp-pcp-col-md-5 { flex: 1 1 calc( 20% - 20px);}.sp-pcp-row .sp-pcp-col-md-6 {flex: 1 1 calc( 16.66666666666667% - 20px);}.sp-pcp-row .sp-pcp-col-md-7 {flex: 1 1 calc( 14.28571428% - 20px);}.sp-pcp-row .sp-pcp-col-md-8 {flex: 1 1 calc( 12.5% - 20px);}}@media (max-width: 768px) {.sp-pcp-row .sp-pcp-col-sm-1 {flex: 0 0 100%;}.sp-pcp-row .sp-pcp-col-sm-2 {flex: 1 1 calc( 50% - 20px);}.sp-pcp-row .sp-pcp-col-sm-2-5 {flex: 0 0 75%;}.sp-pcp-row .sp-pcp-col-sm-3 {flex: 1 1 calc( 33.333% - 20px);}.sp-pcp-row .sp-pcp-col-sm-4 {flex: 1 1 calc( 25% - 20px);}.sp-pcp-row .sp-pcp-col-sm-5 { flex: 1 1 calc( 20% - 20px);}.sp-pcp-row .sp-pcp-col-sm-6 {flex: 1 1 calc( 16.66666666666667% - 20px);}.sp-pcp-row .sp-pcp-col-sm-7 {flex: 1 1 calc( 14.28571428% - 20px);}.sp-pcp-row .sp-pcp-col-sm-8 {flex: 1 1 calc( 12.5% - 20px);}}@media (max-width: 420px) {.sp-pcp-row .sp-pcp-col-xs-1 {flex: 0 0 100%;}.sp-pcp-row .sp-pcp-col-xs-2 {flex: 1 1 calc( 50% - 20px);}.sp-pcp-row .sp-pcp-col-xs-3 {flex: 1 1 calc( 33.333% - 20px);}.sp-pcp-row .sp-pcp-col-xs-4 {flex: 1 1 calc( 25% - 20px);}.sp-pcp-row .sp-pcp-col-xs-5 { flex: 1 1 calc( 20% - 20px);}.sp-pcp-row .sp-pcp-col-xs-6 {flex: 1 1 calc( 16.66666666666667% - 20px);}.sp-pcp-row .sp-pcp-col-xs-7 {flex: 1 1 calc( 14.28571428% - 20px);}.sp-pcp-row .sp-pcp-col-xs-8 {flex: 1 1 calc( 12.5% - 20px);}}<\/style><!-- Markup Starts -->\n<div id=\"pcp_wrapper-7310\" class=\"sp-pcp-section sp-pcp-container pcp-wrapper-7310 pcp-carousel-wrapper standard sp-carousel_layout\" data-sid=\"7310\">\n\t<div id=\"sp-pcp-id-7310\" class=\"swiper-container sp-pcp-carousel top_right\" dir=\"ltr\" data-carousel='{ \"speed\":600, \"items\":3, \"spaceBetween\":20, \"dynamicBullets\": false, \"navigation\":true, \"pagination\": true, \"autoplay\": true, \"autoplay_speed\": 2000, \"loop\": true, \"autoHeight\": false, \"lazy\":  true, \"simulateTouch\": true, \"freeMode\": false, \"slider_mouse_wheel\": false,\"allowTouchMove\": true, \"slidesPerView\": {\"lg_desktop\": 3, \"desktop\": 3, \"tablet\": 2, \"mobile_landscape\": 1, \"mobile\": 1}, \"navigation_mobile\": true, \"pagination_mobile\": true, \"stop_onHover\": true, \"enabled\": true, \"prevSlideMessage\": \"Previous slide\", \"nextSlideMessage\": \"Next slide\", \"firstSlideMessage\": \"This is the first slide\", \"lastSlideMessage\": \"This is the last slide\", \"keyboard\": \"true\", \"paginationBulletMessage\": \"Go to slide {{index}}\" }'>\n\t\t\t<div class=\"swiper-wrapper\">\n\t\t\t\t\t\t<div class=\" swiper-slide swiper-lazy\">\n\t\t\t<div class=\"sp-pcp-post default pcp-item-35695\" data-id=\"35695\">\n\t\t\t\t\t\t\t\t<div class=\"pcp-post-thumb-wrapper\">\n\t\t\t\t\t<div class=\"sp-pcp-post-thumb-area\">\n\t\t\t\t\t\t\t\t\t\t\t\t<a class=\"sp-pcp-thumb\" href=\"https:\/\/agencia.unq.edu.ar\/?p=35695\" target=\"_self\" >\n\t\t\t\t\t\t\t\t\t\t\t\t\t<img loading=\"lazy\" decoding=\"async\" src=\"https:\/\/agencia.unq.edu.ar\/wp-content\/uploads\/2026\/04\/teletrabajo12.jpg\" width=\"1040\" height=\"420\" alt=\"El trabajo remoto empieza a mover la aguja de la natalidad. Cr\u00e9ditos: TN online.\">\n\t\t\t\t\t\t<\/a>\n\t\t\t\t\t<\/div>\n\t\t\t\t<\/div>\n\t\t\t\t\t\t\t\t<div class=\"sp-pcp-post-details\">\n\t\t\t\t\t<div class=\"sp-pcp-post-details-content\">\n\t\t\t\t\t\t\t\t<h4 class=\"sp-pcp-title\">\n\t\t\t\t\t\t\t\t\t<a href=\"https:\/\/agencia.unq.edu.ar\/?p=35695\"  target=\"_self\">Home office y beb\u00e9s: por qu\u00e9 la fecundidad sube 14 por ciento en algunas parejas<\/a>\t\t\t\t\t\t\t<\/h4>\n\t\t\t\t\t\t\t\t\t<\/div>\n\t\t\t\t<\/div>\n\t\t\t<\/div>\n\t\t<\/div>\n\t\t\t\t<div class=\" swiper-slide swiper-lazy\">\n\t\t\t<div class=\"sp-pcp-post default pcp-item-35672\" data-id=\"35672\">\n\t\t\t\t\t\t\t\t<div class=\"pcp-post-thumb-wrapper\">\n\t\t\t\t\t<div class=\"sp-pcp-post-thumb-area\">\n\t\t\t\t\t\t\t\t\t\t\t\t<a class=\"sp-pcp-thumb\" href=\"https:\/\/agencia.unq.edu.ar\/?p=35672\" target=\"_self\" >\n\t\t\t\t\t\t\t\t\t\t\t\t\t<img loading=\"lazy\" decoding=\"async\" src=\"https:\/\/agencia.unq.edu.ar\/wp-content\/uploads\/2026\/04\/Guia-amenazas-escuelas.jpg\" width=\"1040\" height=\"420\" alt=\"Una docente frente a sus estudiantes. Cr\u00e9ditos: abc.gob.ar\">\n\t\t\t\t\t\t<\/a>\n\t\t\t\t\t<\/div>\n\t\t\t\t<\/div>\n\t\t\t\t\t\t\t\t<div class=\"sp-pcp-post-details\">\n\t\t\t\t\t<div class=\"sp-pcp-post-details-content\">\n\t\t\t\t\t\t\t\t<h4 class=\"sp-pcp-title\">\n\t\t\t\t\t\t\t\t\t<a href=\"https:\/\/agencia.unq.edu.ar\/?p=35672\"  target=\"_self\">Lanzan una gu\u00eda para actuar ante las amenazas de tiroteos en las escuelas<\/a>\t\t\t\t\t\t\t<\/h4>\n\t\t\t\t\t\t\t\t\t<\/div>\n\t\t\t\t<\/div>\n\t\t\t<\/div>\n\t\t<\/div>\n\t\t\t\t<div class=\" swiper-slide swiper-lazy\">\n\t\t\t<div class=\"sp-pcp-post default pcp-item-35292\" data-id=\"35292\">\n\t\t\t\t\t\t\t\t<div class=\"pcp-post-thumb-wrapper\">\n\t\t\t\t\t<div class=\"sp-pcp-post-thumb-area\">\n\t\t\t\t\t\t\t\t\t\t\t\t<a class=\"sp-pcp-thumb\" href=\"https:\/\/agencia.unq.edu.ar\/?p=35292\" target=\"_self\" >\n\t\t\t\t\t\t\t\t\t\t\t\t\t<img loading=\"lazy\" decoding=\"async\" src=\"https:\/\/agencia.unq.edu.ar\/wp-content\/uploads\/2026\/04\/David-Foodphototasty-pescado.jpg\" width=\"1040\" height=\"420\" alt=\"Las elecciones alimentarias comunican pertenencia, valores y fronteras culturales. Cr\u00e9dito: David Foodphototasty.\">\n\t\t\t\t\t\t<\/a>\n\t\t\t\t\t<\/div>\n\t\t\t\t<\/div>\n\t\t\t\t\t\t\t\t<div class=\"sp-pcp-post-details\">\n\t\t\t\t\t<div class=\"sp-pcp-post-details-content\">\n\t\t\t\t\t\t\t\t<h4 class=\"sp-pcp-title\">\n\t\t\t\t\t\t\t\t\t<a href=\"https:\/\/agencia.unq.edu.ar\/?p=35292\"  target=\"_self\">Dietas religiosas: \u00bfqu\u00e9 revela la ciencia sobre la comida en fechas sagradas?<\/a>\t\t\t\t\t\t\t<\/h4>\n\t\t\t\t\t\t\t\t\t<\/div>\n\t\t\t\t<\/div>\n\t\t\t<\/div>\n\t\t<\/div>\n\t\t\t\t<div class=\" swiper-slide swiper-lazy\">\n\t\t\t<div class=\"sp-pcp-post default pcp-item-35298\" data-id=\"35298\">\n\t\t\t\t\t\t\t\t<div class=\"pcp-post-thumb-wrapper\">\n\t\t\t\t\t<div class=\"sp-pcp-post-thumb-area\">\n\t\t\t\t\t\t\t\t\t\t\t\t<a class=\"sp-pcp-thumb\" href=\"https:\/\/agencia.unq.edu.ar\/?p=35298\" target=\"_self\" >\n\t\t\t\t\t\t\t\t\t\t\t\t\t<img loading=\"lazy\" decoding=\"async\" src=\"https:\/\/agencia.unq.edu.ar\/wp-content\/uploads\/2026\/04\/Cementerio-de-Darwin-Malvinas.jpg\" width=\"1040\" height=\"420\" alt=\"Hasta la fecha se identificaron 121 soldados inhumados en el Cementerio de Darwin. Cr\u00e9ditos: Aviaci\u00f3n Argentina.\">\n\t\t\t\t\t\t<\/a>\n\t\t\t\t\t<\/div>\n\t\t\t\t<\/div>\n\t\t\t\t\t\t\t\t<div class=\"sp-pcp-post-details\">\n\t\t\t\t\t<div class=\"sp-pcp-post-details-content\">\n\t\t\t\t\t\t\t\t<h4 class=\"sp-pcp-title\">\n\t\t\t\t\t\t\t\t\t<a href=\"https:\/\/agencia.unq.edu.ar\/?p=35298\"  target=\"_self\">\u201cGracias a la identificaci\u00f3n de los ca\u00eddos en Malvinas, cambi\u00f3 la forma en que los familiares miraron la muerte\u201d<\/a>\t\t\t\t\t\t\t<\/h4>\n\t\t\t\t\t\t\t\t\t<\/div>\n\t\t\t\t<\/div>\n\t\t\t<\/div>\n\t\t<\/div>\n\t\t\t\t<div class=\" swiper-slide swiper-lazy\">\n\t\t\t<div class=\"sp-pcp-post default pcp-item-35201\" data-id=\"35201\">\n\t\t\t\t\t\t\t\t<div class=\"pcp-post-thumb-wrapper\">\n\t\t\t\t\t<div class=\"sp-pcp-post-thumb-area\">\n\t\t\t\t\t\t\t\t\t\t\t\t<a class=\"sp-pcp-thumb\" href=\"https:\/\/agencia.unq.edu.ar\/?p=35201\" target=\"_self\" >\n\t\t\t\t\t\t\t\t\t\t\t\t\t<img loading=\"lazy\" decoding=\"async\" src=\"https:\/\/agencia.unq.edu.ar\/wp-content\/uploads\/2026\/03\/pexels-adultos-mayores.jpg\" width=\"1040\" height=\"420\" alt=\"La evidencia indica que sensores, apps y recordatorios sirven de apoyo diario, aunque la presencia, la empat\u00eda y la vida en comunidad siguen siendo clave. Cr\u00e9ditos: Pexels.\">\n\t\t\t\t\t\t<\/a>\n\t\t\t\t\t<\/div>\n\t\t\t\t<\/div>\n\t\t\t\t\t\t\t\t<div class=\"sp-pcp-post-details\">\n\t\t\t\t\t<div class=\"sp-pcp-post-details-content\">\n\t\t\t\t\t\t\t\t<h4 class=\"sp-pcp-title\">\n\t\t\t\t\t\t\t\t\t<a href=\"https:\/\/agencia.unq.edu.ar\/?p=35201\"  target=\"_self\">\u00bfPor qu\u00e9 la IA no reemplaza a los cuidadores de adultos mayores?<\/a>\t\t\t\t\t\t\t<\/h4>\n\t\t\t\t\t\t\t\t\t<\/div>\n\t\t\t\t<\/div>\n\t\t\t<\/div>\n\t\t<\/div>\n\t\t\t\t<div class=\" swiper-slide swiper-lazy\">\n\t\t\t<div class=\"sp-pcp-post default pcp-item-35101\" data-id=\"35101\">\n\t\t\t\t\t\t\t\t<div class=\"pcp-post-thumb-wrapper\">\n\t\t\t\t\t<div class=\"sp-pcp-post-thumb-area\">\n\t\t\t\t\t\t\t\t\t\t\t\t<a class=\"sp-pcp-thumb\" href=\"https:\/\/agencia.unq.edu.ar\/?p=35101\" target=\"_self\" >\n\t\t\t\t\t\t\t\t\t\t\t\t\t<img loading=\"lazy\" decoding=\"async\" src=\"https:\/\/agencia.unq.edu.ar\/wp-content\/uploads\/2026\/03\/2026-03-26-Martin-Proscia-Manuel-Eguia-Antonio-Ortega-y-Dario-Ruiz.jpg\" width=\"504\" height=\"204\" alt=\"Mart\u00edn Proscia, Manuel Egu\u00eda, Antonio Ortega y Dar\u00edo Ruiz, integrantes del LAPSo\">\n\t\t\t\t\t\t<\/a>\n\t\t\t\t\t<\/div>\n\t\t\t\t<\/div>\n\t\t\t\t\t\t\t\t<div class=\"sp-pcp-post-details\">\n\t\t\t\t\t<div class=\"sp-pcp-post-details-content\">\n\t\t\t\t\t\t\t\t<h4 class=\"sp-pcp-title\">\n\t\t\t\t\t\t\t\t\t<a href=\"https:\/\/agencia.unq.edu.ar\/?p=35101\"  target=\"_self\">Investigadores de la UNQ desarrollaron una nueva t\u00e9cnica para crear sonidos<\/a>\t\t\t\t\t\t\t<\/h4>\n\t\t\t\t\t\t\t\t\t<\/div>\n\t\t\t\t<\/div>\n\t\t\t<\/div>\n\t\t<\/div>\n\t\t\t\t<div class=\" swiper-slide swiper-lazy\">\n\t\t\t<div class=\"sp-pcp-post default pcp-item-35088\" data-id=\"35088\">\n\t\t\t\t\t\t\t\t<div class=\"pcp-post-thumb-wrapper\">\n\t\t\t\t\t<div class=\"sp-pcp-post-thumb-area\">\n\t\t\t\t\t\t\t\t\t\t\t\t<a class=\"sp-pcp-thumb\" href=\"https:\/\/agencia.unq.edu.ar\/?p=35088\" target=\"_self\" >\n\t\t\t\t\t\t\t\t\t\t\t\t\t<img loading=\"lazy\" decoding=\"async\" src=\"https:\/\/agencia.unq.edu.ar\/wp-content\/uploads\/2026\/03\/porno-1.jpg\" width=\"1040\" height=\"420\" alt=\"La discusi\u00f3n ya no pasa solo por el contenido, sino por la facilidad con la que los menores pueden acceder a \u00e9l en plataformas digitales. Cr\u00e9ditos: El Pa\u00eds.\">\n\t\t\t\t\t\t<\/a>\n\t\t\t\t\t<\/div>\n\t\t\t\t<\/div>\n\t\t\t\t\t\t\t\t<div class=\"sp-pcp-post-details\">\n\t\t\t\t\t<div class=\"sp-pcp-post-details-content\">\n\t\t\t\t\t\t\t\t<h4 class=\"sp-pcp-title\">\n\t\t\t\t\t\t\t\t\t<a href=\"https:\/\/agencia.unq.edu.ar\/?p=35088\"  target=\"_self\">Porno online: Europa apunta a las plataformas por no proteger a los menores<\/a>\t\t\t\t\t\t\t<\/h4>\n\t\t\t\t\t\t\t\t\t<\/div>\n\t\t\t\t<\/div>\n\t\t\t<\/div>\n\t\t<\/div>\n\t\t\t\t<div class=\" swiper-slide swiper-lazy\">\n\t\t\t<div class=\"sp-pcp-post default pcp-item-35015\" data-id=\"35015\">\n\t\t\t\t\t\t\t\t<div class=\"pcp-post-thumb-wrapper\">\n\t\t\t\t\t<div class=\"sp-pcp-post-thumb-area\">\n\t\t\t\t\t\t\t\t\t\t\t\t<a class=\"sp-pcp-thumb\" href=\"https:\/\/agencia.unq.edu.ar\/?p=35015\" target=\"_self\" >\n\t\t\t\t\t\t\t\t\t\t\t\t\t<img loading=\"lazy\" decoding=\"async\" src=\"https:\/\/agencia.unq.edu.ar\/wp-content\/uploads\/2026\/03\/contextos-de-encierro.jpg\" width=\"1040\" height=\"420\" alt=\"Nicol\u00e1s Rizzo presentando la muestra &quot;Derribando muros: cuando el arte borra fronteras&quot;, en la Ruta del Arte del congreso\">\n\t\t\t\t\t\t<\/a>\n\t\t\t\t\t<\/div>\n\t\t\t\t<\/div>\n\t\t\t\t\t\t\t\t<div class=\"sp-pcp-post-details\">\n\t\t\t\t\t<div class=\"sp-pcp-post-details-content\">\n\t\t\t\t\t\t\t\t<h4 class=\"sp-pcp-title\">\n\t\t\t\t\t\t\t\t\t<a href=\"https:\/\/agencia.unq.edu.ar\/?p=35015\"  target=\"_self\">La UNQ se sienta al debate: c\u00f3mo las universidades ayudan a pensar los contextos de encierro<\/a>\t\t\t\t\t\t\t<\/h4>\n\t\t\t\t\t\t\t\t\t<\/div>\n\t\t\t\t<\/div>\n\t\t\t<\/div>\n\t\t<\/div>\n\t\t\t\t<div class=\" swiper-slide swiper-lazy\">\n\t\t\t<div class=\"sp-pcp-post default pcp-item-34934\" data-id=\"34934\">\n\t\t\t\t\t\t\t\t<div class=\"pcp-post-thumb-wrapper\">\n\t\t\t\t\t<div class=\"sp-pcp-post-thumb-area\">\n\t\t\t\t\t\t\t\t\t\t\t\t<a class=\"sp-pcp-thumb\" href=\"https:\/\/agencia.unq.edu.ar\/?p=34934\" target=\"_self\" >\n\t\t\t\t\t\t\t\t\t\t\t\t\t<img loading=\"lazy\" decoding=\"async\" src=\"https:\/\/agencia.unq.edu.ar\/wp-content\/uploads\/2026\/03\/Gustavo-Demartin-opinion.jpg\" width=\"504\" height=\"204\" alt=\"Gustavo Demart\u00edn. Cr\u00e9ditos: Diagonales\">\n\t\t\t\t\t\t<\/a>\n\t\t\t\t\t<\/div>\n\t\t\t\t<\/div>\n\t\t\t\t\t\t\t\t<div class=\"sp-pcp-post-details\">\n\t\t\t\t\t<div class=\"sp-pcp-post-details-content\">\n\t\t\t\t\t\t\t\t<h4 class=\"sp-pcp-title\">\n\t\t\t\t\t\t\t\t\t<a href=\"https:\/\/agencia.unq.edu.ar\/?p=34934\"  target=\"_self\">Energ\u00eda, guerra y colapso: anatom\u00eda cr\u00edtica del nuevo (des)orden global<\/a>\t\t\t\t\t\t\t<\/h4>\n\t\t\t\t\t\t\t\t\t<\/div>\n\t\t\t\t<\/div>\n\t\t\t<\/div>\n\t\t<\/div>\n\t\t\t\t<div class=\" swiper-slide swiper-lazy\">\n\t\t\t<div class=\"sp-pcp-post default pcp-item-10941\" data-id=\"10941\">\n\t\t\t\t\t\t\t\t<div class=\"pcp-post-thumb-wrapper\">\n\t\t\t\t\t<div class=\"sp-pcp-post-thumb-area\">\n\t\t\t\t\t\t\t\t\t\t\t\t<a class=\"sp-pcp-thumb\" href=\"https:\/\/agencia.unq.edu.ar\/?p=10941\" target=\"_self\" >\n\t\t\t\t\t\t\t\t\t\t\t\t\t<img loading=\"lazy\" decoding=\"async\" src=\"https:\/\/agencia.unq.edu.ar\/wp-content\/uploads\/2023\/03\/home.jpg\" width=\"1040\" height=\"420\" alt=\"Estela de Carlotto se acerc\u00f3 a Abuelas de Plaza de Mayo tras el secuestro y la liberaci\u00f3n de su marido y el posterior secuestro de su hija Laura. Cr\u00e9ditos: Infobae\">\n\t\t\t\t\t\t<\/a>\n\t\t\t\t\t<\/div>\n\t\t\t\t<\/div>\n\t\t\t\t\t\t\t\t<div class=\"sp-pcp-post-details\">\n\t\t\t\t\t<div class=\"sp-pcp-post-details-content\">\n\t\t\t\t\t\t\t\t<h4 class=\"sp-pcp-title\">\n\t\t\t\t\t\t\t\t\t<a href=\"https:\/\/agencia.unq.edu.ar\/?p=10941\"  target=\"_self\">Estela de Carlotto: &#8220;Todav\u00eda tenemos que encontrar 300 nietos&#8221;<\/a>\t\t\t\t\t\t\t<\/h4>\n\t\t\t\t\t\t\t\t\t<\/div>\n\t\t\t\t<\/div>\n\t\t\t<\/div>\n\t\t<\/div>\n\t\t\t\t<div class=\" swiper-slide swiper-lazy\">\n\t\t\t<div class=\"sp-pcp-post default pcp-item-34862\" data-id=\"34862\">\n\t\t\t\t\t\t\t\t<div class=\"pcp-post-thumb-wrapper\">\n\t\t\t\t\t<div class=\"sp-pcp-post-thumb-area\">\n\t\t\t\t\t\t\t\t\t\t\t\t<a class=\"sp-pcp-thumb\" href=\"https:\/\/agencia.unq.edu.ar\/?p=34862\" target=\"_self\" >\n\t\t\t\t\t\t\t\t\t\t\t\t\t<img loading=\"lazy\" decoding=\"async\" src=\"https:\/\/agencia.unq.edu.ar\/wp-content\/uploads\/2026\/03\/Fragmento-de-la-pelicula-basada-en-el-libro-de-Maggie-O-Farrell.-Creditos-El-mundo.jpg\" width=\"1040\" height=\"420\" alt=\"Fragmento de la pel\u00edcula basada en el libro de Maggie O Farrell. Cr\u00e9ditos: El mundo.\">\n\t\t\t\t\t\t<\/a>\n\t\t\t\t\t<\/div>\n\t\t\t\t<\/div>\n\t\t\t\t\t\t\t\t<div class=\"sp-pcp-post-details\">\n\t\t\t\t\t<div class=\"sp-pcp-post-details-content\">\n\t\t\t\t\t\t\t\t<h4 class=\"sp-pcp-title\">\n\t\t\t\t\t\t\t\t\t<a href=\"https:\/\/agencia.unq.edu.ar\/?p=34862\"  target=\"_self\">Hamnet: una historia de fantasmas, poetas exquisitos y muertes tr\u00e1gicas<\/a>\t\t\t\t\t\t\t<\/h4>\n\t\t\t\t\t\t\t\t\t<\/div>\n\t\t\t\t<\/div>\n\t\t\t<\/div>\n\t\t<\/div>\n\t\t\t\t<div class=\" swiper-slide swiper-lazy\">\n\t\t\t<div class=\"sp-pcp-post default pcp-item-34852\" data-id=\"34852\">\n\t\t\t\t\t\t\t\t<div class=\"pcp-post-thumb-wrapper\">\n\t\t\t\t\t<div class=\"sp-pcp-post-thumb-area\">\n\t\t\t\t\t\t\t\t\t\t\t\t<a class=\"sp-pcp-thumb\" href=\"https:\/\/agencia.unq.edu.ar\/?p=34852\" target=\"_self\" >\n\t\t\t\t\t\t\t\t\t\t\t\t\t<img loading=\"lazy\" decoding=\"async\" src=\"https:\/\/agencia.unq.edu.ar\/wp-content\/uploads\/2026\/03\/Al-Borde-del-Precipicio-2026.jpg\" width=\"1040\" height=\"420\" alt=\"El programa se emitir\u00e1 los jueves a las 16 horas por el canal de UNQ TV.\">\n\t\t\t\t\t\t<\/a>\n\t\t\t\t\t<\/div>\n\t\t\t\t<\/div>\n\t\t\t\t\t\t\t\t<div class=\"sp-pcp-post-details\">\n\t\t\t\t\t<div class=\"sp-pcp-post-details-content\">\n\t\t\t\t\t\t\t\t<h4 class=\"sp-pcp-title\">\n\t\t\t\t\t\t\t\t\t<a href=\"https:\/\/agencia.unq.edu.ar\/?p=34852\"  target=\"_self\">Al borde del precipicio regresa con una apuesta innovadora para 2026<\/a>\t\t\t\t\t\t\t<\/h4>\n\t\t\t\t\t\t\t\t\t<\/div>\n\t\t\t\t<\/div>\n\t\t\t<\/div>\n\t\t<\/div>\n\t\t\t\t<div class=\" swiper-slide swiper-lazy\">\n\t\t\t<div class=\"sp-pcp-post default pcp-item-34788\" data-id=\"34788\">\n\t\t\t\t\t\t\t\t<div class=\"pcp-post-thumb-wrapper\">\n\t\t\t\t\t<div class=\"sp-pcp-post-thumb-area\">\n\t\t\t\t\t\t\t\t\t\t\t\t<a class=\"sp-pcp-thumb\" href=\"https:\/\/agencia.unq.edu.ar\/?p=34788\" target=\"_self\" >\n\t\t\t\t\t\t\t\t\t\t\t\t\t<img loading=\"lazy\" decoding=\"async\" src=\"https:\/\/agencia.unq.edu.ar\/wp-content\/uploads\/2026\/03\/Silvia-Polinelli-opinion.jpg\" width=\"504\" height=\"204\" alt=\"Silvia Polinelli. Cr\u00e9ditos: LinkedIn\">\n\t\t\t\t\t\t<\/a>\n\t\t\t\t\t<\/div>\n\t\t\t\t<\/div>\n\t\t\t\t\t\t\t\t<div class=\"sp-pcp-post-details\">\n\t\t\t\t\t<div class=\"sp-pcp-post-details-content\">\n\t\t\t\t\t\t\t\t<h4 class=\"sp-pcp-title\">\n\t\t\t\t\t\t\t\t\t<a href=\"https:\/\/agencia.unq.edu.ar\/?p=34788\"  target=\"_self\">Habitar las vejeces: una propuesta que respeta la autonom\u00eda, la historia y el deseo de las mujeres<\/a>\t\t\t\t\t\t\t<\/h4>\n\t\t\t\t\t\t\t\t\t<\/div>\n\t\t\t\t<\/div>\n\t\t\t<\/div>\n\t\t<\/div>\n\t\t\t\t<div class=\" swiper-slide swiper-lazy\">\n\t\t\t<div class=\"sp-pcp-post default pcp-item-34684\" data-id=\"34684\">\n\t\t\t\t\t\t\t\t<div class=\"pcp-post-thumb-wrapper\">\n\t\t\t\t\t<div class=\"sp-pcp-post-thumb-area\">\n\t\t\t\t\t\t\t\t\t\t\t\t<a class=\"sp-pcp-thumb\" href=\"https:\/\/agencia.unq.edu.ar\/?p=34684\" target=\"_self\" >\n\t\t\t\t\t\t\t\t\t\t\t\t\t<img loading=\"lazy\" decoding=\"async\" src=\"https:\/\/agencia.unq.edu.ar\/wp-content\/uploads\/2026\/03\/medios.jpg.jpeg\" width=\"1040\" height=\"420\" alt=\"M\u00e1s de 800 medios amplifican la voz cient\u00edfica de la UNQ. Cr\u00e9ditos: Agencia UNQ.\">\n\t\t\t\t\t\t<\/a>\n\t\t\t\t\t<\/div>\n\t\t\t\t<\/div>\n\t\t\t\t\t\t\t\t<div class=\"sp-pcp-post-details\">\n\t\t\t\t\t<div class=\"sp-pcp-post-details-content\">\n\t\t\t\t\t\t\t\t<h4 class=\"sp-pcp-title\">\n\t\t\t\t\t\t\t\t\t<a href=\"https:\/\/agencia.unq.edu.ar\/?p=34684\"  target=\"_self\">Cuatro a\u00f1os de ciencia, periodismo y alcance global desde una universidad p\u00fablica<\/a>\t\t\t\t\t\t\t<\/h4>\n\t\t\t\t\t\t\t\t\t<\/div>\n\t\t\t\t<\/div>\n\t\t\t<\/div>\n\t\t<\/div>\n\t\t\t\t<div class=\" swiper-slide swiper-lazy\">\n\t\t\t<div class=\"sp-pcp-post default pcp-item-34655\" data-id=\"34655\">\n\t\t\t\t\t\t\t\t<div class=\"pcp-post-thumb-wrapper\">\n\t\t\t\t\t<div class=\"sp-pcp-post-thumb-area\">\n\t\t\t\t\t\t\t\t\t\t\t\t<a class=\"sp-pcp-thumb\" href=\"https:\/\/agencia.unq.edu.ar\/?p=34655\" target=\"_self\" >\n\t\t\t\t\t\t\t\t\t\t\t\t\t<img loading=\"lazy\" decoding=\"async\" src=\"https:\/\/agencia.unq.edu.ar\/wp-content\/uploads\/2026\/03\/iPiccy-img.jpg\" width=\"1040\" height=\"420\" alt=\"Seg\u00fan este discurso, la energ\u00eda femenina est\u00e1 asociada a la intuici\u00f3n, la recepci\u00f3n, el cuidado, la empat\u00eda y la sensibilidad, mientras que la masculina est\u00e1 relacionada con el liderazgo, la proveedur\u00eda, la acci\u00f3n y la l\u00f3gica. Cr\u00e9ditos: La Vanguardia.\">\n\t\t\t\t\t\t<\/a>\n\t\t\t\t\t<\/div>\n\t\t\t\t<\/div>\n\t\t\t\t\t\t\t\t<div class=\"sp-pcp-post-details\">\n\t\t\t\t\t<div class=\"sp-pcp-post-details-content\">\n\t\t\t\t\t\t\t\t<h4 class=\"sp-pcp-title\">\n\t\t\t\t\t\t\t\t\t<a href=\"https:\/\/agencia.unq.edu.ar\/?p=34655\"  target=\"_self\">&#8220;Energ\u00eda masculina y femenina&#8221;: los nuevos discursos anticient\u00edficos que disfrazan viejos estereotipos de g\u00e9nero<\/a>\t\t\t\t\t\t\t<\/h4>\n\t\t\t\t\t\t\t\t\t<\/div>\n\t\t\t\t<\/div>\n\t\t\t<\/div>\n\t\t<\/div>\n\t\t\t\t<div class=\" swiper-slide swiper-lazy\">\n\t\t\t<div class=\"sp-pcp-post default pcp-item-34651\" data-id=\"34651\">\n\t\t\t\t\t\t\t\t<div class=\"pcp-post-thumb-wrapper\">\n\t\t\t\t\t<div class=\"sp-pcp-post-thumb-area\">\n\t\t\t\t\t\t\t\t\t\t\t\t<a class=\"sp-pcp-thumb\" href=\"https:\/\/agencia.unq.edu.ar\/?p=34651\" target=\"_self\" >\n\t\t\t\t\t\t\t\t\t\t\t\t\t<img loading=\"lazy\" decoding=\"async\" src=\"https:\/\/agencia.unq.edu.ar\/wp-content\/uploads\/2026\/03\/Celulares-escuelas-CABA-PBA.jpg\" width=\"1040\" height=\"420\" alt=\"Cr\u00e9ditos: 0221.\">\n\t\t\t\t\t\t<\/a>\n\t\t\t\t\t<\/div>\n\t\t\t\t<\/div>\n\t\t\t\t\t\t\t\t<div class=\"sp-pcp-post-details\">\n\t\t\t\t\t<div class=\"sp-pcp-post-details-content\">\n\t\t\t\t\t\t\t\t<h4 class=\"sp-pcp-title\">\n\t\t\t\t\t\t\t\t\t<a href=\"https:\/\/agencia.unq.edu.ar\/?p=34651\"  target=\"_self\">\u00bfQu\u00e9 opinan los docentes sobre la prohibici\u00f3n de los celulares en las escuelas de PBA y CABA?<\/a>\t\t\t\t\t\t\t<\/h4>\n\t\t\t\t\t\t\t\t\t<\/div>\n\t\t\t\t<\/div>\n\t\t\t<\/div>\n\t\t<\/div>\n\t\t\t\t\t<\/div>\n\t\t\t\t\t\t<div class=\"pcp-pagination swiper-pagination dots\"><\/div>\n\t\t\t\t\t\t\t\t\t\t<div class=\"pcp-button-next swiper-button-next top_right\"><i class=\"fa fa-angle-right\"><\/i><\/div>\n\t\t\t\t<div class=\"pcp-button-prev swiper-button-prev top_right\"><i class=\"fa fa-angle-left\"><\/i><\/div>\t<\/div>\n<\/div>\n\n\n\n\n<hr class=\"wp-block-separator has-text-color has-css-opacity has-background is-style-wide\" style=\"background-color:#fea50e;color:#fea50e\"\/>\n","protected":false},"excerpt":{"rendered":"<p>Un repaso por sus aspectos m\u00e1s relevantes. Alimentaci\u00f3n, salud, medio ambiente, defensa de los animales e industria son algunos de sus t\u00f3picos.<\/p>\n","protected":false},"author":6,"featured_media":8619,"comment_status":"closed","ping_status":"closed","sticky":false,"template":"","format":"standard","meta":{"_uag_custom_page_level_css":"","_monsterinsights_skip_tracking":false,"_monsterinsights_sitenote_active":false,"_monsterinsights_sitenote_note":"","_monsterinsights_sitenote_category":0,"site-sidebar-layout":"default","site-content-layout":"","ast-site-content-layout":"default","site-content-style":"default","site-sidebar-style":"default","ast-global-header-display":"","ast-banner-title-visibility":"","ast-main-header-display":"","ast-hfb-above-header-display":"","ast-hfb-below-header-display":"","ast-hfb-mobile-header-display":"","site-post-title":"","ast-breadcrumbs-content":"","ast-featured-img":"","footer-sml-layout":"","ast-disable-related-posts":"","theme-transparent-header-meta":"","adv-header-id-meta":"","stick-header-meta":"","header-above-stick-meta":"","header-main-stick-meta":"","header-below-stick-meta":"","astra-migrate-meta-layouts":"default","ast-page-background-enabled":"default","ast-page-background-meta":{"desktop":{"background-color":"var(--ast-global-color-4)","background-image":"","background-repeat":"repeat","background-position":"center center","background-size":"auto","background-attachment":"scroll","background-type":"","background-media":"","overlay-type":"","overlay-color":"","overlay-opacity":"","overlay-gradient":""},"tablet":{"background-color":"","background-image":"","background-repeat":"repeat","background-position":"center center","background-size":"auto","background-attachment":"scroll","background-type":"","background-media":"","overlay-type":"","overlay-color":"","overlay-opacity":"","overlay-gradient":""},"mobile":{"background-color":"","background-image":"","background-repeat":"repeat","background-position":"center center","background-size":"auto","background-attachment":"scroll","background-type":"","background-media":"","overlay-type":"","overlay-color":"","overlay-opacity":"","overlay-gradient":""}},"ast-content-background-meta":{"desktop":{"background-color":"var(--ast-global-color-5)","background-image":"","background-repeat":"repeat","background-position":"center center","background-size":"auto","background-attachment":"scroll","background-type":"","background-media":"","overlay-type":"","overlay-color":"","overlay-opacity":"","overlay-gradient":""},"tablet":{"background-color":"var(--ast-global-color-5)","background-image":"","background-repeat":"repeat","background-position":"center center","background-size":"auto","background-attachment":"scroll","background-type":"","background-media":"","overlay-type":"","overlay-color":"","overlay-opacity":"","overlay-gradient":""},"mobile":{"background-color":"var(--ast-global-color-5)","background-image":"","background-repeat":"repeat","background-position":"center center","background-size":"auto","background-attachment":"scroll","background-type":"","background-media":"","overlay-type":"","overlay-color":"","overlay-opacity":"","overlay-gradient":""}},"footnotes":""},"categories":[20,363],"tags":[444,411],"class_list":["post-8608","post","type-post","status-publish","format-standard","has-post-thumbnail","hentry","category-especiales","category-sociedad","tag-soberania-alimentaria","tag-veganismo"],"aioseo_notices":[],"uagb_featured_image_src":{"full":["https:\/\/agencia.unq.edu.ar\/wp-content\/uploads\/2022\/11\/destacada-veganismo.jpg",1040,420,false],"thumbnail":["https:\/\/agencia.unq.edu.ar\/wp-content\/uploads\/2022\/11\/destacada-veganismo.jpg",150,61,false],"medium":["https:\/\/agencia.unq.edu.ar\/wp-content\/uploads\/2022\/11\/destacada-veganismo.jpg",960,388,false],"medium_large":["https:\/\/agencia.unq.edu.ar\/wp-content\/uploads\/2022\/11\/destacada-veganismo.jpg",768,310,false],"large":["https:\/\/agencia.unq.edu.ar\/wp-content\/uploads\/2022\/11\/destacada-veganismo.jpg",1040,420,false],"1536x1536":["https:\/\/agencia.unq.edu.ar\/wp-content\/uploads\/2022\/11\/destacada-veganismo.jpg",1040,420,false],"2048x2048":["https:\/\/agencia.unq.edu.ar\/wp-content\/uploads\/2022\/11\/destacada-veganismo.jpg",1040,420,false]},"uagb_author_info":{"display_name":"Nicol\u00e1s Retamar","author_link":"https:\/\/agencia.unq.edu.ar\/?author=6"},"uagb_comment_info":0,"uagb_excerpt":"Un repaso por sus aspectos m\u00e1s relevantes. Alimentaci\u00f3n, salud, medio ambiente, defensa de los animales e industria son algunos de sus t\u00f3picos.","blog_post_layout_featured_media_urls":{"thumbnail":["https:\/\/agencia.unq.edu.ar\/wp-content\/uploads\/2022\/11\/destacada-veganismo.jpg",150,61,false],"full":["https:\/\/agencia.unq.edu.ar\/wp-content\/uploads\/2022\/11\/destacada-veganismo.jpg",1040,420,false]},"categories_names":{"20":{"name":"Especiales","link":"https:\/\/agencia.unq.edu.ar\/?cat=20"},"363":{"name":"Sociedad","link":"https:\/\/agencia.unq.edu.ar\/?cat=363"}},"tags_names":{"444":{"name":"Soberan\u00eda alimentaria","link":"https:\/\/agencia.unq.edu.ar\/?tag=soberania-alimentaria"},"411":{"name":"Veganismo","link":"https:\/\/agencia.unq.edu.ar\/?tag=veganismo"}},"comments_number":"0","_links":{"self":[{"href":"https:\/\/agencia.unq.edu.ar\/index.php?rest_route=\/wp\/v2\/posts\/8608","targetHints":{"allow":["GET"]}}],"collection":[{"href":"https:\/\/agencia.unq.edu.ar\/index.php?rest_route=\/wp\/v2\/posts"}],"about":[{"href":"https:\/\/agencia.unq.edu.ar\/index.php?rest_route=\/wp\/v2\/types\/post"}],"author":[{"embeddable":true,"href":"https:\/\/agencia.unq.edu.ar\/index.php?rest_route=\/wp\/v2\/users\/6"}],"replies":[{"embeddable":true,"href":"https:\/\/agencia.unq.edu.ar\/index.php?rest_route=%2Fwp%2Fv2%2Fcomments&post=8608"}],"version-history":[{"count":7,"href":"https:\/\/agencia.unq.edu.ar\/index.php?rest_route=\/wp\/v2\/posts\/8608\/revisions"}],"predecessor-version":[{"id":13985,"href":"https:\/\/agencia.unq.edu.ar\/index.php?rest_route=\/wp\/v2\/posts\/8608\/revisions\/13985"}],"wp:featuredmedia":[{"embeddable":true,"href":"https:\/\/agencia.unq.edu.ar\/index.php?rest_route=\/wp\/v2\/media\/8619"}],"wp:attachment":[{"href":"https:\/\/agencia.unq.edu.ar\/index.php?rest_route=%2Fwp%2Fv2%2Fmedia&parent=8608"}],"wp:term":[{"taxonomy":"category","embeddable":true,"href":"https:\/\/agencia.unq.edu.ar\/index.php?rest_route=%2Fwp%2Fv2%2Fcategories&post=8608"},{"taxonomy":"post_tag","embeddable":true,"href":"https:\/\/agencia.unq.edu.ar\/index.php?rest_route=%2Fwp%2Fv2%2Ftags&post=8608"}],"curies":[{"name":"wp","href":"https:\/\/api.w.org\/{rel}","templated":true}]}}