{"id":9564,"date":"2022-12-12T13:12:40","date_gmt":"2022-12-12T16:12:40","guid":{"rendered":"https:\/\/agencia.unq.edu.ar\/?p=9564"},"modified":"2022-12-15T12:01:24","modified_gmt":"2022-12-15T15:01:24","slug":"identidad-marron-el-colectivo-que-denuncia-el-racismo-en-argentina","status":"publish","type":"post","link":"https:\/\/agencia.unq.edu.ar\/?p=9564","title":{"rendered":"Identidad Marr\u00f3n: el colectivo que denuncia el racismo en Argentina"},"content":{"rendered":"\n<p class=\"has-medium-font-size\">La organizaci\u00f3n civil busca visibilizar la discriminaci\u00f3n que sufren las poblaciones ind\u00edgenas, migrantes y campesinas en la cotidianeidad.<\/p>\n\n\n\n<figure class=\"wp-block-image aligncenter size-full is-resized\"><img loading=\"lazy\" decoding=\"async\" src=\"https:\/\/agencia.unq.edu.ar\/wp-content\/uploads\/2022\/12\/Identidad-marron.jpg\" alt=\"Identidad Marr\u00f3n genera charlas, encuentros, producciones audiovisuales y escritas, intervenciones en museos. Cr\u00e9ditos: Identidad Marr\u00f3n\" class=\"wp-image-9562\" width=\"1040\" height=\"420\"\/><figcaption class=\"wp-element-caption\">Identidad Marr\u00f3n genera charlas, encuentros, producciones audiovisuales y escritas, intervenciones en museos. Cr\u00e9ditos: Identidad Marr\u00f3n<\/figcaption><\/figure>\n\n\n\n<p>De manera reciente, comenz\u00f3 a instalarse en el discurso p\u00fablico el debate sobre el racismo en Argentina. Sin ir m\u00e1s lejos, la Constituci\u00f3n Nacional plantea que todos los habitantes son \u201ciguales ante la ley\u201d pero, \u00bfesto es tan as\u00ed? \u00bfSe cumple en la pr\u00e1ctica? Algunas de estas preguntas son las que se hace el colectivo <strong>\u201cIdentidad Marr\u00f3n\u201d <\/strong>para desandar una historia marcada por el colonialismo externo e interno en Argentina y en Latinoam\u00e9rica.&nbsp;<\/p>\n\n\n\n<p><strong>Esta organizaci\u00f3n civil conformada por personas marrones de ascendencia ind\u00edgena, migrante y campesina denuncia el racismo estructural que existe en el pa\u00eds y la regi\u00f3n. <\/strong>\u201cHay un discurso de crisol de razas y una idea de que Argentina es blanca y homog\u00e9nea, y <strong>es ah\u00ed cuando se da el racismo: en la negaci\u00f3n de personas ind\u00edgenas, la extranjerizaci\u00f3n de descendientes de pueblos originarios y la racializaci\u00f3n de estas personas<\/strong>\u201d, explica <strong>Chana Mamani<\/strong>, integrante fundadora de Identidad Marr\u00f3n, a la <a href=\"https:\/\/agencia.unq.edu.ar\/\" target=\"_blank\" rel=\"noreferrer noopener\" title=\"Agencia de Noticias Cient\u00edficas de la UNQ.\">Agencia de Noticias Cient\u00edficas de la UNQ.<\/a><\/p>\n\n\n\n<p>Mediante artivismo, producciones audiovisuales, charlas, encuentros o intervenciones en museos, la organizaci\u00f3n \u2013que ya lleva siete a\u00f1os\u2013<strong> demanda el acceso y la igualdad de oportunidades y derechos, a la vez que denuncia la estigmatizaci\u00f3n en torno a las personas marrones.<\/strong> Mamani cuenta: \u201cA la hora de perseguir y sospechar de alguien, la duda va hacia estos cuerpos. \u00bfQui\u00e9nes ocupan las c\u00e1rceles? \u00bfQu\u00e9 color llevan? \u00bfQui\u00e9nes cuidan a las que cuidan?\u201d.<\/p>\n\n\n\n<p>La estigmatizaci\u00f3n va desde d\u00f3nde pone el ojo la polic\u00eda, a qui\u00e9nes apuntan los discursos medi\u00e1ticos, pol\u00edticos y sociales hasta aquello ense\u00f1ado en las escuelas durante la infancia, como por ejemplo que el color \u201cpiel\u201d es \u2013supuestamente\u2013 aquel que va en la gama de rosa claro a beige. <strong>Frente a este sentido com\u00fan formado por estereotipos y prejuicios, Identidad Marr\u00f3n plantea interrogantes que \u201cnos permitan deconstruir el imaginario colectivo\u201d.<\/strong><\/p>\n\n\n\n<p>Adem\u00e1s, en diversas oportunidades, el colectivo ha explicado que <strong>utilizan el concepto de \u201cidentidad marr\u00f3n\u201d en oposici\u00f3n al afrodescendiente<\/strong> y en busca de demostrar la diversidad \u00e9tnica que existe en el pa\u00eds.<\/p>\n\n\n\n<h2 class=\"wp-block-heading\">Hablar de lo que no se habla<\/h2>\n\n\n\n<p>Identidad Marr\u00f3n es un m\u00e9todo de denuncia, pero tambi\u00e9n de visibilizaci\u00f3n. La llamada \u201cCampa\u00f1a al desierto\u201d que abarc\u00f3 el exterminio casi total de los pueblos ind\u00edgenas hizo tambi\u00e9n que quedaran invisibilizados en el discurso quienes fueron los primeros ocupantes del territorio nacional.<\/p>\n\n\n\n<p>En la actualidad, no solo contin\u00faan invisibilizados estos pueblos originarios, sino tambi\u00e9n sufren de discriminaci\u00f3n sus descendientes y toda persona que lleve el marr\u00f3n en su piel. As\u00ed, <strong>los y las integrantes de este colectivo se identifican como \u201chijes y nietes de ind\u00edgenas, originarios, campesinos, migrantes, conurbanas, villeras y trabajadoras dom\u00e9sticas\u201d.<\/strong><\/p>\n\n\n\n<figure class=\"wp-block-image aligncenter size-full is-resized\"><img loading=\"lazy\" decoding=\"async\" src=\"https:\/\/agencia.unq.edu.ar\/wp-content\/uploads\/2022\/12\/ID-Marron.jpg\" alt=\"Cr\u00e9ditos: Identidad Marr\u00f3n\" class=\"wp-image-9561\" width=\"559\" height=\"399\"\/><figcaption class=\"wp-element-caption\">Cr\u00e9ditos: Identidad Marr\u00f3n<\/figcaption><\/figure>\n\n\n\n<p>Para lograr visibilizar estas poblaciones y la discriminaci\u00f3n que sufren, Mamani cuenta que<strong> la identidad marr\u00f3n es pensada como una construcci\u00f3n pol\u00edtica y como una categor\u00eda de an\u00e1lisis.<\/strong> \u201cPara poder denunciar el racismo estructural en el pa\u00eds y la regi\u00f3n, buscamos incluir este tema dentro de la agenda nacional e internacional de los derechos humanos; a la vez que generamos herramientas educativas, culturales y de litigio para revertir las diferentes expresiones racistas\u201d. Adem\u00e1s,Mamani, quien es aymara migrante denuncia que \u201c<strong>no hay pol\u00edticas p\u00fablicas dirigidas a la discriminaci\u00f3n racial en Argentina y en Latinoam\u00e9rica, por lo que aspiramos a generar datos y estad\u00edsticas en pos de alcanzar esta demanda<\/strong>\u201d.<\/p>\n\n\n\n<p>Poco a poco, el cometido de esta organizaci\u00f3n comienza a lograrse; de hecho, que el tema est\u00e9 instal\u00e1ndose en el debate p\u00fablico se debe a su activismo. As\u00ed como con el feminismo o el ambientalismo, el movimiento antirracista en Argentina empieza a tener su espacio y sus demandas se hacen escuchar. <\/p>\n\n\n\n<div style=\"height:40px\" aria-hidden=\"true\" class=\"wp-block-spacer\"><\/div>\n\n\n\n<hr class=\"wp-block-separator has-text-color has-css-opacity has-background is-style-wide\" style=\"background-color:#fea50e;color:#fea50e\"\/>\n\n\n\n<h4 class=\"wp-block-heading\" id=\"publicaciones-relacionadas\">\u00daltimas noticias de la secci\u00f3n Sociedad:<\/h4>\n\n\n<style id=\"sp_pcp_dynamic_style7310\">#pcp_wrapper-7310:not(.sps-glossary-layout) .sp-pcp-row,#pcp_wrapper-7310 .sps-glossary-items-group .sps-glossary-items-content {margin-right: -10px;margin-left: -10px;}#pcp_wrapper-7310 .sp-pcp-row [class*='sp-pcp-col-']{padding-right: 10px;padding-left: 10px; padding-bottom:20px;}.pcp-wrapper-7310 .sp-pcp-title a {color: #ac162c;display: inherit;} .pcp-wrapper-7310 .sp-pcp-title a:hover {color: #fea50e;}#pcp_wrapper-7310 .dots .swiper-pagination-bullet{ background: #ac162c; } #pcp_wrapper-7310 .dots .swiper-pagination-bullet-active { background: #fea50e; }#pcp_wrapper-7310 .pcp-button-prev,#pcp_wrapper-7310 .pcp-button-next{ background-image: none; background-size: auto; background-color: #fff; height: 33px; width: 33px; margin-top: 8px; border: 1px solid #aaa; text-align: center; line-height: 30px; -webkit-transition: 0.3s; border-radius: 3px; }#pcp_wrapper-7310 .pcp-button-prev:hover, #pcp_wrapper-7310 .pcp-button-next:hover{ background-color: #fea50e; border-color: #ac162c; } #pcp_wrapper-7310 .pcp-button-prev .fa, #pcp_wrapper-7310 .pcp-button-next .fa { color: #000000; } #pcp_wrapper-7310 .pcp-button-prev:hover .fa, #pcp_wrapper-7310 .pcp-button-next:hover .fa { color: #fff; } #pcp_wrapper-7310.pcp-carousel-wrapper .sp-pcp-post{ margin-top: 0; }#pcp_wrapper-7310 .sp-pcp-post {padding: 0 0 0 0;}#pcp_wrapper-7310.sp-slider_layout .sp-pcp-post .sp-pcp-post-details {top: 0; right:0; bottom:0; left:0;}#pcp_wrapper-7310 .sp-pcp-post {border: 0px solid #e2e2e2; border-radius: 0px }#pcp_wrapper-7310 .sp-pcp-post{background-color: transparent;}#pcp_wrapper-7310 .pcp-post-thumb-wrapper{border: 0px solid #dddddd;border-radius:0px;}.pcp-wrapper-7310 .sp-pcp-post-meta li,.pcp-wrapper-7310 .sp-pcp-post-meta ul,.pcp-wrapper-7310 .sp-pcp-post-meta li a{color: #888;}.pcp-wrapper-7310 .sp-pcp-post-meta li a:hover{color: #e1624b;}#pcp_wrapper-7310 .pcp-post-pagination .page-numbers.current, #pcp_wrapper-7310 .pcp-post-pagination a.active , #pcp_wrapper-7310 .pcp-post-pagination a:hover{ color: #ffffff; background: #e1624b; border-color: #e1624b; }#pcp_wrapper-7310 .pcp-post-pagination .page-numbers, .pcp-post-pagination a{ background: #ffffff; color:#5e5e5e; border: 2px solid #bbbbbb;border-radius: 2px; }#pcp_wrapper-7310 .pcp-post-pagination{text-align: left;}@media (min-width: 1200px) {.sp-pcp-row .sp-pcp-col-xl-1 {flex: 0 0 100%;}.sp-pcp-row .sp-pcp-col-xl-2 {flex: 1 1 calc( 50% - 20px);}.sp-pcp-row .sp-pcp-col-xl-3 {flex: 1 1 calc( 33.333% - 20px);}.sp-pcp-row .sp-pcp-col-xl-4 {flex: 1 1 calc( 25% - 20px);}.sp-pcp-row .sp-pcp-col-xl-5 { flex: 1 1 calc( 20% - 20px);}.sp-pcp-row .sp-pcp-col-xl-6 {flex: 1 1 calc( 16.66666666666667% - 20px);}.sp-pcp-row .sp-pcp-col-xl-7 {flex: 1 1 calc( 14.28571428% - 20px);}.sp-pcp-row .sp-pcp-col-xl-8 {flex: 1 1 calc( 12.5% - 20px);}}@media (max-width: 1200px) {.sp-pcp-row .sp-pcp-col-lg-1 {flex: 0 0 100%;}.sp-pcp-row .sp-pcp-col-lg-2 {flex: 1 1 calc( 50% - 20px);}.sp-pcp-row .sp-pcp-col-lg-3 {flex: 1 1 calc( 33.333% - 20px);}.sp-pcp-row .sp-pcp-col-lg-4 {flex: 1 1 calc( 25% - 20px);}.sp-pcp-row .sp-pcp-col-lg-5 { flex: 1 1 calc( 20% - 20px);}.sp-pcp-row .sp-pcp-col-lg-6 {flex: 1 1 calc( 16.66666666666667% - 20px);}.sp-pcp-row .sp-pcp-col-lg-7 {flex: 1 1 calc( 14.28571428% - 20px);}.sp-pcp-row .sp-pcp-col-lg-8 {flex: 1 1 calc( 12.5% - 20px);}}@media (max-width: 992px) {.sp-pcp-row .sp-pcp-col-md-1 {flex: 0 0 100%;}.sp-pcp-row .sp-pcp-col-md-2 {flex: 1 1 calc( 50% - 20px);}.sp-pcp-row .sp-pcp-col-md-2-5 {flex: 0 0 75%;}.sp-pcp-row .sp-pcp-col-md-3 {flex: 1 1 calc( 33.333% - 20px);}.sp-pcp-row .sp-pcp-col-md-4 {flex: 1 1 calc( 25% - 20px);}.sp-pcp-row .sp-pcp-col-md-5 { flex: 1 1 calc( 20% - 20px);}.sp-pcp-row .sp-pcp-col-md-6 {flex: 1 1 calc( 16.66666666666667% - 20px);}.sp-pcp-row .sp-pcp-col-md-7 {flex: 1 1 calc( 14.28571428% - 20px);}.sp-pcp-row .sp-pcp-col-md-8 {flex: 1 1 calc( 12.5% - 20px);}}@media (max-width: 768px) {.sp-pcp-row .sp-pcp-col-sm-1 {flex: 0 0 100%;}.sp-pcp-row .sp-pcp-col-sm-2 {flex: 1 1 calc( 50% - 20px);}.sp-pcp-row .sp-pcp-col-sm-2-5 {flex: 0 0 75%;}.sp-pcp-row .sp-pcp-col-sm-3 {flex: 1 1 calc( 33.333% - 20px);}.sp-pcp-row .sp-pcp-col-sm-4 {flex: 1 1 calc( 25% - 20px);}.sp-pcp-row .sp-pcp-col-sm-5 { flex: 1 1 calc( 20% - 20px);}.sp-pcp-row .sp-pcp-col-sm-6 {flex: 1 1 calc( 16.66666666666667% - 20px);}.sp-pcp-row .sp-pcp-col-sm-7 {flex: 1 1 calc( 14.28571428% - 20px);}.sp-pcp-row .sp-pcp-col-sm-8 {flex: 1 1 calc( 12.5% - 20px);}}@media (max-width: 420px) {.sp-pcp-row .sp-pcp-col-xs-1 {flex: 0 0 100%;}.sp-pcp-row .sp-pcp-col-xs-2 {flex: 1 1 calc( 50% - 20px);}.sp-pcp-row .sp-pcp-col-xs-3 {flex: 1 1 calc( 33.333% - 20px);}.sp-pcp-row .sp-pcp-col-xs-4 {flex: 1 1 calc( 25% - 20px);}.sp-pcp-row .sp-pcp-col-xs-5 { flex: 1 1 calc( 20% - 20px);}.sp-pcp-row .sp-pcp-col-xs-6 {flex: 1 1 calc( 16.66666666666667% - 20px);}.sp-pcp-row .sp-pcp-col-xs-7 {flex: 1 1 calc( 14.28571428% - 20px);}.sp-pcp-row .sp-pcp-col-xs-8 {flex: 1 1 calc( 12.5% - 20px);}}<\/style><!-- Markup Starts -->\n<div id=\"pcp_wrapper-7310\" class=\"sp-pcp-section sp-pcp-container pcp-wrapper-7310 pcp-carousel-wrapper standard sp-carousel_layout\" data-sid=\"7310\">\n\t<div id=\"sp-pcp-id-7310\" class=\"swiper-container sp-pcp-carousel top_right\" dir=\"ltr\" data-carousel='{ \"speed\":600, \"items\":3, \"spaceBetween\":20, \"dynamicBullets\": false, \"navigation\":true, \"pagination\": true, \"autoplay\": true, \"autoplay_speed\": 2000, \"loop\": true, \"autoHeight\": false, \"lazy\":  true, \"simulateTouch\": true, \"freeMode\": false, \"slider_mouse_wheel\": false,\"allowTouchMove\": true, \"slidesPerView\": {\"lg_desktop\": 3, \"desktop\": 3, \"tablet\": 2, \"mobile_landscape\": 1, \"mobile\": 1}, \"navigation_mobile\": true, \"pagination_mobile\": true, \"stop_onHover\": true, \"enabled\": true, \"prevSlideMessage\": \"Previous slide\", \"nextSlideMessage\": \"Next slide\", \"firstSlideMessage\": \"This is the first slide\", \"lastSlideMessage\": \"This is the last slide\", \"keyboard\": \"true\", \"paginationBulletMessage\": \"Go to slide {{index}}\" }'>\n\t\t\t<div class=\"swiper-wrapper\">\n\t\t\t\t\t\t<div class=\" swiper-slide swiper-lazy\">\n\t\t\t<div class=\"sp-pcp-post default pcp-item-35937\" data-id=\"35937\">\n\t\t\t\t\t\t\t\t<div class=\"pcp-post-thumb-wrapper\">\n\t\t\t\t\t<div class=\"sp-pcp-post-thumb-area\">\n\t\t\t\t\t\t\t\t\t\t\t\t<a class=\"sp-pcp-thumb\" href=\"https:\/\/agencia.unq.edu.ar\/?p=35937\" target=\"_self\" >\n\t\t\t\t\t\t\t\t\t\t\t\t\t<img loading=\"lazy\" decoding=\"async\" src=\"https:\/\/agencia.unq.edu.ar\/wp-content\/uploads\/2026\/04\/amor-moderno.jpg\" width=\"1040\" height=\"420\" alt=\"El amor cambi\u00f3 de reglas y ahora convive con m\u00e1s libertad, m\u00e1s dudas y m\u00e1s tecnolog\u00eda. Cr\u00e9dito: Unsplash.\">\n\t\t\t\t\t\t<\/a>\n\t\t\t\t\t<\/div>\n\t\t\t\t<\/div>\n\t\t\t\t\t\t\t\t<div class=\"sp-pcp-post-details\">\n\t\t\t\t\t<div class=\"sp-pcp-post-details-content\">\n\t\t\t\t\t\t\t\t<h4 class=\"sp-pcp-title\">\n\t\t\t\t\t\t\t\t\t<a href=\"https:\/\/agencia.unq.edu.ar\/?p=35937\"  target=\"_self\">Sexo y v\u00ednculos: la ciencia explica qu\u00e9 cambi\u00f3 en el \u00faltimo medio siglo<\/a>\t\t\t\t\t\t\t<\/h4>\n\t\t\t\t\t\t\t\t\t<\/div>\n\t\t\t\t<\/div>\n\t\t\t<\/div>\n\t\t<\/div>\n\t\t\t\t<div class=\" swiper-slide swiper-lazy\">\n\t\t\t<div class=\"sp-pcp-post default pcp-item-35915\" data-id=\"35915\">\n\t\t\t\t\t\t\t\t<div class=\"pcp-post-thumb-wrapper\">\n\t\t\t\t\t<div class=\"sp-pcp-post-thumb-area\">\n\t\t\t\t\t\t\t\t\t\t\t\t<a class=\"sp-pcp-thumb\" href=\"https:\/\/agencia.unq.edu.ar\/?p=35915\" target=\"_self\" >\n\t\t\t\t\t\t\t\t\t\t\t\t\t<img loading=\"lazy\" decoding=\"async\" src=\"https:\/\/agencia.unq.edu.ar\/wp-content\/uploads\/2026\/04\/estudiantes-liceo-Uruguay.jpg\" width=\"1040\" height=\"420\" alt=\"3 de 4 estudiantes de nivel secundario en Uruguay tienen ausentismo cr\u00f3nico. Cr\u00e9ditos: portaldeyoung.\">\n\t\t\t\t\t\t<\/a>\n\t\t\t\t\t<\/div>\n\t\t\t\t<\/div>\n\t\t\t\t\t\t\t\t<div class=\"sp-pcp-post-details\">\n\t\t\t\t\t<div class=\"sp-pcp-post-details-content\">\n\t\t\t\t\t\t\t\t<h4 class=\"sp-pcp-title\">\n\t\t\t\t\t\t\t\t\t<a href=\"https:\/\/agencia.unq.edu.ar\/?p=35915\"  target=\"_self\">Un equipo de la UNQ se destaca en el \u00e1mbito internacional y asesorar\u00e1 en educaci\u00f3n al gobierno uruguayo<\/a>\t\t\t\t\t\t\t<\/h4>\n\t\t\t\t\t\t\t\t\t<\/div>\n\t\t\t\t<\/div>\n\t\t\t<\/div>\n\t\t<\/div>\n\t\t\t\t<div class=\" swiper-slide swiper-lazy\">\n\t\t\t<div class=\"sp-pcp-post default pcp-item-35853\" data-id=\"35853\">\n\t\t\t\t\t\t\t\t<div class=\"pcp-post-thumb-wrapper\">\n\t\t\t\t\t<div class=\"sp-pcp-post-thumb-area\">\n\t\t\t\t\t\t\t\t\t\t\t\t<a class=\"sp-pcp-thumb\" href=\"https:\/\/agencia.unq.edu.ar\/?p=35853\" target=\"_self\" >\n\t\t\t\t\t\t\t\t\t\t\t\t\t<img loading=\"lazy\" decoding=\"async\" src=\"https:\/\/agencia.unq.edu.ar\/wp-content\/uploads\/2026\/04\/cosecha-soja-argentina.jpg\" width=\"1040\" height=\"420\" alt=\"Cr\u00e9ditos: InfoCampo.\">\n\t\t\t\t\t\t<\/a>\n\t\t\t\t\t<\/div>\n\t\t\t\t<\/div>\n\t\t\t\t\t\t\t\t<div class=\"sp-pcp-post-details\">\n\t\t\t\t\t<div class=\"sp-pcp-post-details-content\">\n\t\t\t\t\t\t\t\t<h4 class=\"sp-pcp-title\">\n\t\t\t\t\t\t\t\t\t<a href=\"https:\/\/agencia.unq.edu.ar\/?p=35853\"  target=\"_self\">Solo tres cultivos cubren el 76 por ciento de la superficie total cosechada en Argentina<\/a>\t\t\t\t\t\t\t<\/h4>\n\t\t\t\t\t\t\t\t\t<\/div>\n\t\t\t\t<\/div>\n\t\t\t<\/div>\n\t\t<\/div>\n\t\t\t\t<div class=\" swiper-slide swiper-lazy\">\n\t\t\t<div class=\"sp-pcp-post default pcp-item-35695\" data-id=\"35695\">\n\t\t\t\t\t\t\t\t<div class=\"pcp-post-thumb-wrapper\">\n\t\t\t\t\t<div class=\"sp-pcp-post-thumb-area\">\n\t\t\t\t\t\t\t\t\t\t\t\t<a class=\"sp-pcp-thumb\" href=\"https:\/\/agencia.unq.edu.ar\/?p=35695\" target=\"_self\" >\n\t\t\t\t\t\t\t\t\t\t\t\t\t<img loading=\"lazy\" decoding=\"async\" src=\"https:\/\/agencia.unq.edu.ar\/wp-content\/uploads\/2026\/04\/teletrabajo12.jpg\" width=\"1040\" height=\"420\" alt=\"El trabajo remoto empieza a mover la aguja de la natalidad. Cr\u00e9ditos: TN online.\">\n\t\t\t\t\t\t<\/a>\n\t\t\t\t\t<\/div>\n\t\t\t\t<\/div>\n\t\t\t\t\t\t\t\t<div class=\"sp-pcp-post-details\">\n\t\t\t\t\t<div class=\"sp-pcp-post-details-content\">\n\t\t\t\t\t\t\t\t<h4 class=\"sp-pcp-title\">\n\t\t\t\t\t\t\t\t\t<a href=\"https:\/\/agencia.unq.edu.ar\/?p=35695\"  target=\"_self\">Home office y beb\u00e9s: por qu\u00e9 la fecundidad sube 14 por ciento en algunas parejas<\/a>\t\t\t\t\t\t\t<\/h4>\n\t\t\t\t\t\t\t\t\t<\/div>\n\t\t\t\t<\/div>\n\t\t\t<\/div>\n\t\t<\/div>\n\t\t\t\t<div class=\" swiper-slide swiper-lazy\">\n\t\t\t<div class=\"sp-pcp-post default pcp-item-35672\" data-id=\"35672\">\n\t\t\t\t\t\t\t\t<div class=\"pcp-post-thumb-wrapper\">\n\t\t\t\t\t<div class=\"sp-pcp-post-thumb-area\">\n\t\t\t\t\t\t\t\t\t\t\t\t<a class=\"sp-pcp-thumb\" href=\"https:\/\/agencia.unq.edu.ar\/?p=35672\" target=\"_self\" >\n\t\t\t\t\t\t\t\t\t\t\t\t\t<img loading=\"lazy\" decoding=\"async\" src=\"https:\/\/agencia.unq.edu.ar\/wp-content\/uploads\/2026\/04\/Guia-amenazas-escuelas.jpg\" width=\"1040\" height=\"420\" alt=\"Una docente frente a sus estudiantes. Cr\u00e9ditos: abc.gob.ar\">\n\t\t\t\t\t\t<\/a>\n\t\t\t\t\t<\/div>\n\t\t\t\t<\/div>\n\t\t\t\t\t\t\t\t<div class=\"sp-pcp-post-details\">\n\t\t\t\t\t<div class=\"sp-pcp-post-details-content\">\n\t\t\t\t\t\t\t\t<h4 class=\"sp-pcp-title\">\n\t\t\t\t\t\t\t\t\t<a href=\"https:\/\/agencia.unq.edu.ar\/?p=35672\"  target=\"_self\">Lanzan una gu\u00eda para actuar ante las amenazas de tiroteos en las escuelas<\/a>\t\t\t\t\t\t\t<\/h4>\n\t\t\t\t\t\t\t\t\t<\/div>\n\t\t\t\t<\/div>\n\t\t\t<\/div>\n\t\t<\/div>\n\t\t\t\t<div class=\" swiper-slide swiper-lazy\">\n\t\t\t<div class=\"sp-pcp-post default pcp-item-35292\" data-id=\"35292\">\n\t\t\t\t\t\t\t\t<div class=\"pcp-post-thumb-wrapper\">\n\t\t\t\t\t<div class=\"sp-pcp-post-thumb-area\">\n\t\t\t\t\t\t\t\t\t\t\t\t<a class=\"sp-pcp-thumb\" href=\"https:\/\/agencia.unq.edu.ar\/?p=35292\" target=\"_self\" >\n\t\t\t\t\t\t\t\t\t\t\t\t\t<img loading=\"lazy\" decoding=\"async\" src=\"https:\/\/agencia.unq.edu.ar\/wp-content\/uploads\/2026\/04\/David-Foodphototasty-pescado.jpg\" width=\"1040\" height=\"420\" alt=\"Las elecciones alimentarias comunican pertenencia, valores y fronteras culturales. Cr\u00e9dito: David Foodphototasty.\">\n\t\t\t\t\t\t<\/a>\n\t\t\t\t\t<\/div>\n\t\t\t\t<\/div>\n\t\t\t\t\t\t\t\t<div class=\"sp-pcp-post-details\">\n\t\t\t\t\t<div class=\"sp-pcp-post-details-content\">\n\t\t\t\t\t\t\t\t<h4 class=\"sp-pcp-title\">\n\t\t\t\t\t\t\t\t\t<a href=\"https:\/\/agencia.unq.edu.ar\/?p=35292\"  target=\"_self\">Dietas religiosas: \u00bfqu\u00e9 revela la ciencia sobre la comida en fechas sagradas?<\/a>\t\t\t\t\t\t\t<\/h4>\n\t\t\t\t\t\t\t\t\t<\/div>\n\t\t\t\t<\/div>\n\t\t\t<\/div>\n\t\t<\/div>\n\t\t\t\t<div class=\" swiper-slide swiper-lazy\">\n\t\t\t<div class=\"sp-pcp-post default pcp-item-35298\" data-id=\"35298\">\n\t\t\t\t\t\t\t\t<div class=\"pcp-post-thumb-wrapper\">\n\t\t\t\t\t<div class=\"sp-pcp-post-thumb-area\">\n\t\t\t\t\t\t\t\t\t\t\t\t<a class=\"sp-pcp-thumb\" href=\"https:\/\/agencia.unq.edu.ar\/?p=35298\" target=\"_self\" >\n\t\t\t\t\t\t\t\t\t\t\t\t\t<img loading=\"lazy\" decoding=\"async\" src=\"https:\/\/agencia.unq.edu.ar\/wp-content\/uploads\/2026\/04\/Cementerio-de-Darwin-Malvinas.jpg\" width=\"1040\" height=\"420\" alt=\"Hasta la fecha se identificaron 121 soldados inhumados en el Cementerio de Darwin. Cr\u00e9ditos: Aviaci\u00f3n Argentina.\">\n\t\t\t\t\t\t<\/a>\n\t\t\t\t\t<\/div>\n\t\t\t\t<\/div>\n\t\t\t\t\t\t\t\t<div class=\"sp-pcp-post-details\">\n\t\t\t\t\t<div class=\"sp-pcp-post-details-content\">\n\t\t\t\t\t\t\t\t<h4 class=\"sp-pcp-title\">\n\t\t\t\t\t\t\t\t\t<a href=\"https:\/\/agencia.unq.edu.ar\/?p=35298\"  target=\"_self\">\u201cGracias a la identificaci\u00f3n de los ca\u00eddos en Malvinas, cambi\u00f3 la forma en que los familiares miraron la muerte\u201d<\/a>\t\t\t\t\t\t\t<\/h4>\n\t\t\t\t\t\t\t\t\t<\/div>\n\t\t\t\t<\/div>\n\t\t\t<\/div>\n\t\t<\/div>\n\t\t\t\t<div class=\" swiper-slide swiper-lazy\">\n\t\t\t<div class=\"sp-pcp-post default pcp-item-35201\" data-id=\"35201\">\n\t\t\t\t\t\t\t\t<div class=\"pcp-post-thumb-wrapper\">\n\t\t\t\t\t<div class=\"sp-pcp-post-thumb-area\">\n\t\t\t\t\t\t\t\t\t\t\t\t<a class=\"sp-pcp-thumb\" href=\"https:\/\/agencia.unq.edu.ar\/?p=35201\" target=\"_self\" >\n\t\t\t\t\t\t\t\t\t\t\t\t\t<img loading=\"lazy\" decoding=\"async\" src=\"https:\/\/agencia.unq.edu.ar\/wp-content\/uploads\/2026\/03\/pexels-adultos-mayores.jpg\" width=\"1040\" height=\"420\" alt=\"La evidencia indica que sensores, apps y recordatorios sirven de apoyo diario, aunque la presencia, la empat\u00eda y la vida en comunidad siguen siendo clave. Cr\u00e9ditos: Pexels.\">\n\t\t\t\t\t\t<\/a>\n\t\t\t\t\t<\/div>\n\t\t\t\t<\/div>\n\t\t\t\t\t\t\t\t<div class=\"sp-pcp-post-details\">\n\t\t\t\t\t<div class=\"sp-pcp-post-details-content\">\n\t\t\t\t\t\t\t\t<h4 class=\"sp-pcp-title\">\n\t\t\t\t\t\t\t\t\t<a href=\"https:\/\/agencia.unq.edu.ar\/?p=35201\"  target=\"_self\">\u00bfPor qu\u00e9 la IA no reemplaza a los cuidadores de adultos mayores?<\/a>\t\t\t\t\t\t\t<\/h4>\n\t\t\t\t\t\t\t\t\t<\/div>\n\t\t\t\t<\/div>\n\t\t\t<\/div>\n\t\t<\/div>\n\t\t\t\t<div class=\" swiper-slide swiper-lazy\">\n\t\t\t<div class=\"sp-pcp-post default pcp-item-35101\" data-id=\"35101\">\n\t\t\t\t\t\t\t\t<div class=\"pcp-post-thumb-wrapper\">\n\t\t\t\t\t<div class=\"sp-pcp-post-thumb-area\">\n\t\t\t\t\t\t\t\t\t\t\t\t<a class=\"sp-pcp-thumb\" href=\"https:\/\/agencia.unq.edu.ar\/?p=35101\" target=\"_self\" >\n\t\t\t\t\t\t\t\t\t\t\t\t\t<img loading=\"lazy\" decoding=\"async\" src=\"https:\/\/agencia.unq.edu.ar\/wp-content\/uploads\/2026\/03\/2026-03-26-Martin-Proscia-Manuel-Eguia-Antonio-Ortega-y-Dario-Ruiz.jpg\" width=\"504\" height=\"204\" alt=\"Mart\u00edn Proscia, Manuel Egu\u00eda, Antonio Ortega y Dar\u00edo Ruiz, integrantes del LAPSo\">\n\t\t\t\t\t\t<\/a>\n\t\t\t\t\t<\/div>\n\t\t\t\t<\/div>\n\t\t\t\t\t\t\t\t<div class=\"sp-pcp-post-details\">\n\t\t\t\t\t<div class=\"sp-pcp-post-details-content\">\n\t\t\t\t\t\t\t\t<h4 class=\"sp-pcp-title\">\n\t\t\t\t\t\t\t\t\t<a href=\"https:\/\/agencia.unq.edu.ar\/?p=35101\"  target=\"_self\">Investigadores de la UNQ desarrollaron una nueva t\u00e9cnica para crear sonidos<\/a>\t\t\t\t\t\t\t<\/h4>\n\t\t\t\t\t\t\t\t\t<\/div>\n\t\t\t\t<\/div>\n\t\t\t<\/div>\n\t\t<\/div>\n\t\t\t\t<div class=\" swiper-slide swiper-lazy\">\n\t\t\t<div class=\"sp-pcp-post default pcp-item-35088\" data-id=\"35088\">\n\t\t\t\t\t\t\t\t<div class=\"pcp-post-thumb-wrapper\">\n\t\t\t\t\t<div class=\"sp-pcp-post-thumb-area\">\n\t\t\t\t\t\t\t\t\t\t\t\t<a class=\"sp-pcp-thumb\" href=\"https:\/\/agencia.unq.edu.ar\/?p=35088\" target=\"_self\" >\n\t\t\t\t\t\t\t\t\t\t\t\t\t<img loading=\"lazy\" decoding=\"async\" src=\"https:\/\/agencia.unq.edu.ar\/wp-content\/uploads\/2026\/03\/porno-1.jpg\" width=\"1040\" height=\"420\" alt=\"La discusi\u00f3n ya no pasa solo por el contenido, sino por la facilidad con la que los menores pueden acceder a \u00e9l en plataformas digitales. Cr\u00e9ditos: El Pa\u00eds.\">\n\t\t\t\t\t\t<\/a>\n\t\t\t\t\t<\/div>\n\t\t\t\t<\/div>\n\t\t\t\t\t\t\t\t<div class=\"sp-pcp-post-details\">\n\t\t\t\t\t<div class=\"sp-pcp-post-details-content\">\n\t\t\t\t\t\t\t\t<h4 class=\"sp-pcp-title\">\n\t\t\t\t\t\t\t\t\t<a href=\"https:\/\/agencia.unq.edu.ar\/?p=35088\"  target=\"_self\">Porno online: Europa apunta a las plataformas por no proteger a los menores<\/a>\t\t\t\t\t\t\t<\/h4>\n\t\t\t\t\t\t\t\t\t<\/div>\n\t\t\t\t<\/div>\n\t\t\t<\/div>\n\t\t<\/div>\n\t\t\t\t<div class=\" swiper-slide swiper-lazy\">\n\t\t\t<div class=\"sp-pcp-post default pcp-item-35015\" data-id=\"35015\">\n\t\t\t\t\t\t\t\t<div class=\"pcp-post-thumb-wrapper\">\n\t\t\t\t\t<div class=\"sp-pcp-post-thumb-area\">\n\t\t\t\t\t\t\t\t\t\t\t\t<a class=\"sp-pcp-thumb\" href=\"https:\/\/agencia.unq.edu.ar\/?p=35015\" target=\"_self\" >\n\t\t\t\t\t\t\t\t\t\t\t\t\t<img loading=\"lazy\" decoding=\"async\" src=\"https:\/\/agencia.unq.edu.ar\/wp-content\/uploads\/2026\/03\/contextos-de-encierro.jpg\" width=\"1040\" height=\"420\" alt=\"Nicol\u00e1s Rizzo presentando la muestra &quot;Derribando muros: cuando el arte borra fronteras&quot;, en la Ruta del Arte del congreso\">\n\t\t\t\t\t\t<\/a>\n\t\t\t\t\t<\/div>\n\t\t\t\t<\/div>\n\t\t\t\t\t\t\t\t<div class=\"sp-pcp-post-details\">\n\t\t\t\t\t<div class=\"sp-pcp-post-details-content\">\n\t\t\t\t\t\t\t\t<h4 class=\"sp-pcp-title\">\n\t\t\t\t\t\t\t\t\t<a href=\"https:\/\/agencia.unq.edu.ar\/?p=35015\"  target=\"_self\">La UNQ se sienta al debate: c\u00f3mo las universidades ayudan a pensar los contextos de encierro<\/a>\t\t\t\t\t\t\t<\/h4>\n\t\t\t\t\t\t\t\t\t<\/div>\n\t\t\t\t<\/div>\n\t\t\t<\/div>\n\t\t<\/div>\n\t\t\t\t<div class=\" swiper-slide swiper-lazy\">\n\t\t\t<div class=\"sp-pcp-post default pcp-item-34934\" data-id=\"34934\">\n\t\t\t\t\t\t\t\t<div class=\"pcp-post-thumb-wrapper\">\n\t\t\t\t\t<div class=\"sp-pcp-post-thumb-area\">\n\t\t\t\t\t\t\t\t\t\t\t\t<a class=\"sp-pcp-thumb\" href=\"https:\/\/agencia.unq.edu.ar\/?p=34934\" target=\"_self\" >\n\t\t\t\t\t\t\t\t\t\t\t\t\t<img loading=\"lazy\" decoding=\"async\" src=\"https:\/\/agencia.unq.edu.ar\/wp-content\/uploads\/2026\/03\/Gustavo-Demartin-opinion.jpg\" width=\"504\" height=\"204\" alt=\"Gustavo Demart\u00edn. Cr\u00e9ditos: Diagonales\">\n\t\t\t\t\t\t<\/a>\n\t\t\t\t\t<\/div>\n\t\t\t\t<\/div>\n\t\t\t\t\t\t\t\t<div class=\"sp-pcp-post-details\">\n\t\t\t\t\t<div class=\"sp-pcp-post-details-content\">\n\t\t\t\t\t\t\t\t<h4 class=\"sp-pcp-title\">\n\t\t\t\t\t\t\t\t\t<a href=\"https:\/\/agencia.unq.edu.ar\/?p=34934\"  target=\"_self\">Energ\u00eda, guerra y colapso: anatom\u00eda cr\u00edtica del nuevo (des)orden global<\/a>\t\t\t\t\t\t\t<\/h4>\n\t\t\t\t\t\t\t\t\t<\/div>\n\t\t\t\t<\/div>\n\t\t\t<\/div>\n\t\t<\/div>\n\t\t\t\t<div class=\" swiper-slide swiper-lazy\">\n\t\t\t<div class=\"sp-pcp-post default pcp-item-10941\" data-id=\"10941\">\n\t\t\t\t\t\t\t\t<div class=\"pcp-post-thumb-wrapper\">\n\t\t\t\t\t<div class=\"sp-pcp-post-thumb-area\">\n\t\t\t\t\t\t\t\t\t\t\t\t<a class=\"sp-pcp-thumb\" href=\"https:\/\/agencia.unq.edu.ar\/?p=10941\" target=\"_self\" >\n\t\t\t\t\t\t\t\t\t\t\t\t\t<img loading=\"lazy\" decoding=\"async\" src=\"https:\/\/agencia.unq.edu.ar\/wp-content\/uploads\/2023\/03\/home.jpg\" width=\"1040\" height=\"420\" alt=\"Estela de Carlotto se acerc\u00f3 a Abuelas de Plaza de Mayo tras el secuestro y la liberaci\u00f3n de su marido y el posterior secuestro de su hija Laura. Cr\u00e9ditos: Infobae\">\n\t\t\t\t\t\t<\/a>\n\t\t\t\t\t<\/div>\n\t\t\t\t<\/div>\n\t\t\t\t\t\t\t\t<div class=\"sp-pcp-post-details\">\n\t\t\t\t\t<div class=\"sp-pcp-post-details-content\">\n\t\t\t\t\t\t\t\t<h4 class=\"sp-pcp-title\">\n\t\t\t\t\t\t\t\t\t<a href=\"https:\/\/agencia.unq.edu.ar\/?p=10941\"  target=\"_self\">Estela de Carlotto: &#8220;Todav\u00eda tenemos que encontrar 300 nietos&#8221;<\/a>\t\t\t\t\t\t\t<\/h4>\n\t\t\t\t\t\t\t\t\t<\/div>\n\t\t\t\t<\/div>\n\t\t\t<\/div>\n\t\t<\/div>\n\t\t\t\t<div class=\" swiper-slide swiper-lazy\">\n\t\t\t<div class=\"sp-pcp-post default pcp-item-34862\" data-id=\"34862\">\n\t\t\t\t\t\t\t\t<div class=\"pcp-post-thumb-wrapper\">\n\t\t\t\t\t<div class=\"sp-pcp-post-thumb-area\">\n\t\t\t\t\t\t\t\t\t\t\t\t<a class=\"sp-pcp-thumb\" href=\"https:\/\/agencia.unq.edu.ar\/?p=34862\" target=\"_self\" >\n\t\t\t\t\t\t\t\t\t\t\t\t\t<img loading=\"lazy\" decoding=\"async\" src=\"https:\/\/agencia.unq.edu.ar\/wp-content\/uploads\/2026\/03\/Fragmento-de-la-pelicula-basada-en-el-libro-de-Maggie-O-Farrell.-Creditos-El-mundo.jpg\" width=\"1040\" height=\"420\" alt=\"Fragmento de la pel\u00edcula basada en el libro de Maggie O Farrell. Cr\u00e9ditos: El mundo.\">\n\t\t\t\t\t\t<\/a>\n\t\t\t\t\t<\/div>\n\t\t\t\t<\/div>\n\t\t\t\t\t\t\t\t<div class=\"sp-pcp-post-details\">\n\t\t\t\t\t<div class=\"sp-pcp-post-details-content\">\n\t\t\t\t\t\t\t\t<h4 class=\"sp-pcp-title\">\n\t\t\t\t\t\t\t\t\t<a href=\"https:\/\/agencia.unq.edu.ar\/?p=34862\"  target=\"_self\">Hamnet: una historia de fantasmas, poetas exquisitos y muertes tr\u00e1gicas<\/a>\t\t\t\t\t\t\t<\/h4>\n\t\t\t\t\t\t\t\t\t<\/div>\n\t\t\t\t<\/div>\n\t\t\t<\/div>\n\t\t<\/div>\n\t\t\t\t<div class=\" swiper-slide swiper-lazy\">\n\t\t\t<div class=\"sp-pcp-post default pcp-item-34852\" data-id=\"34852\">\n\t\t\t\t\t\t\t\t<div class=\"pcp-post-thumb-wrapper\">\n\t\t\t\t\t<div class=\"sp-pcp-post-thumb-area\">\n\t\t\t\t\t\t\t\t\t\t\t\t<a class=\"sp-pcp-thumb\" href=\"https:\/\/agencia.unq.edu.ar\/?p=34852\" target=\"_self\" >\n\t\t\t\t\t\t\t\t\t\t\t\t\t<img loading=\"lazy\" decoding=\"async\" src=\"https:\/\/agencia.unq.edu.ar\/wp-content\/uploads\/2026\/03\/Al-Borde-del-Precipicio-2026.jpg\" width=\"1040\" height=\"420\" alt=\"El programa se emitir\u00e1 los jueves a las 16 horas por el canal de UNQ TV.\">\n\t\t\t\t\t\t<\/a>\n\t\t\t\t\t<\/div>\n\t\t\t\t<\/div>\n\t\t\t\t\t\t\t\t<div class=\"sp-pcp-post-details\">\n\t\t\t\t\t<div class=\"sp-pcp-post-details-content\">\n\t\t\t\t\t\t\t\t<h4 class=\"sp-pcp-title\">\n\t\t\t\t\t\t\t\t\t<a href=\"https:\/\/agencia.unq.edu.ar\/?p=34852\"  target=\"_self\">Al borde del precipicio regresa con una apuesta innovadora para 2026<\/a>\t\t\t\t\t\t\t<\/h4>\n\t\t\t\t\t\t\t\t\t<\/div>\n\t\t\t\t<\/div>\n\t\t\t<\/div>\n\t\t<\/div>\n\t\t\t\t<div class=\" swiper-slide swiper-lazy\">\n\t\t\t<div class=\"sp-pcp-post default pcp-item-34788\" data-id=\"34788\">\n\t\t\t\t\t\t\t\t<div class=\"pcp-post-thumb-wrapper\">\n\t\t\t\t\t<div class=\"sp-pcp-post-thumb-area\">\n\t\t\t\t\t\t\t\t\t\t\t\t<a class=\"sp-pcp-thumb\" href=\"https:\/\/agencia.unq.edu.ar\/?p=34788\" target=\"_self\" >\n\t\t\t\t\t\t\t\t\t\t\t\t\t<img loading=\"lazy\" decoding=\"async\" src=\"https:\/\/agencia.unq.edu.ar\/wp-content\/uploads\/2026\/03\/Silvia-Polinelli-opinion.jpg\" width=\"504\" height=\"204\" alt=\"Silvia Polinelli. Cr\u00e9ditos: LinkedIn\">\n\t\t\t\t\t\t<\/a>\n\t\t\t\t\t<\/div>\n\t\t\t\t<\/div>\n\t\t\t\t\t\t\t\t<div class=\"sp-pcp-post-details\">\n\t\t\t\t\t<div class=\"sp-pcp-post-details-content\">\n\t\t\t\t\t\t\t\t<h4 class=\"sp-pcp-title\">\n\t\t\t\t\t\t\t\t\t<a href=\"https:\/\/agencia.unq.edu.ar\/?p=34788\"  target=\"_self\">Habitar las vejeces: una propuesta que respeta la autonom\u00eda, la historia y el deseo de las mujeres<\/a>\t\t\t\t\t\t\t<\/h4>\n\t\t\t\t\t\t\t\t\t<\/div>\n\t\t\t\t<\/div>\n\t\t\t<\/div>\n\t\t<\/div>\n\t\t\t\t\t<\/div>\n\t\t\t\t\t\t<div class=\"pcp-pagination swiper-pagination dots\"><\/div>\n\t\t\t\t\t\t\t\t\t\t<div class=\"pcp-button-next swiper-button-next top_right\"><i class=\"fa fa-angle-right\"><\/i><\/div>\n\t\t\t\t<div class=\"pcp-button-prev swiper-button-prev top_right\"><i class=\"fa fa-angle-left\"><\/i><\/div>\t<\/div>\n<\/div>\n\n\n\n\n<hr class=\"wp-block-separator has-text-color has-css-opacity has-background is-style-wide\" style=\"background-color:#fea50e;color:#fea50e\"\/>\n","protected":false},"excerpt":{"rendered":"<p>La organizaci\u00f3n civil busca visibilizar la discriminaci\u00f3n que sufren las poblaciones ind\u00edgenas, migrantes y campesinas en la cotidianeidad.<\/p>\n","protected":false},"author":4,"featured_media":9562,"comment_status":"closed","ping_status":"closed","sticky":false,"template":"","format":"standard","meta":{"_uag_custom_page_level_css":"","_monsterinsights_skip_tracking":false,"_monsterinsights_sitenote_active":false,"_monsterinsights_sitenote_note":"","_monsterinsights_sitenote_category":0,"site-sidebar-layout":"default","site-content-layout":"","ast-site-content-layout":"default","site-content-style":"default","site-sidebar-style":"default","ast-global-header-display":"","ast-banner-title-visibility":"","ast-main-header-display":"","ast-hfb-above-header-display":"","ast-hfb-below-header-display":"","ast-hfb-mobile-header-display":"","site-post-title":"","ast-breadcrumbs-content":"","ast-featured-img":"","footer-sml-layout":"","ast-disable-related-posts":"","theme-transparent-header-meta":"","adv-header-id-meta":"","stick-header-meta":"","header-above-stick-meta":"","header-main-stick-meta":"","header-below-stick-meta":"","astra-migrate-meta-layouts":"default","ast-page-background-enabled":"default","ast-page-background-meta":{"desktop":{"background-color":"var(--ast-global-color-4)","background-image":"","background-repeat":"repeat","background-position":"center center","background-size":"auto","background-attachment":"scroll","background-type":"","background-media":"","overlay-type":"","overlay-color":"","overlay-opacity":"","overlay-gradient":""},"tablet":{"background-color":"","background-image":"","background-repeat":"repeat","background-position":"center center","background-size":"auto","background-attachment":"scroll","background-type":"","background-media":"","overlay-type":"","overlay-color":"","overlay-opacity":"","overlay-gradient":""},"mobile":{"background-color":"","background-image":"","background-repeat":"repeat","background-position":"center center","background-size":"auto","background-attachment":"scroll","background-type":"","background-media":"","overlay-type":"","overlay-color":"","overlay-opacity":"","overlay-gradient":""}},"ast-content-background-meta":{"desktop":{"background-color":"var(--ast-global-color-5)","background-image":"","background-repeat":"repeat","background-position":"center center","background-size":"auto","background-attachment":"scroll","background-type":"","background-media":"","overlay-type":"","overlay-color":"","overlay-opacity":"","overlay-gradient":""},"tablet":{"background-color":"var(--ast-global-color-5)","background-image":"","background-repeat":"repeat","background-position":"center center","background-size":"auto","background-attachment":"scroll","background-type":"","background-media":"","overlay-type":"","overlay-color":"","overlay-opacity":"","overlay-gradient":""},"mobile":{"background-color":"var(--ast-global-color-5)","background-image":"","background-repeat":"repeat","background-position":"center center","background-size":"auto","background-attachment":"scroll","background-type":"","background-media":"","overlay-type":"","overlay-color":"","overlay-opacity":"","overlay-gradient":""}},"footnotes":""},"categories":[16,363],"tags":[458],"class_list":["post-9564","post","type-post","status-publish","format-standard","has-post-thumbnail","hentry","category-noticia-destacada","category-sociedad","tag-identidad-marron"],"aioseo_notices":[],"uagb_featured_image_src":{"full":["https:\/\/agencia.unq.edu.ar\/wp-content\/uploads\/2022\/12\/Identidad-marron.jpg",1040,420,false],"thumbnail":["https:\/\/agencia.unq.edu.ar\/wp-content\/uploads\/2022\/12\/Identidad-marron.jpg",150,61,false],"medium":["https:\/\/agencia.unq.edu.ar\/wp-content\/uploads\/2022\/12\/Identidad-marron.jpg",960,388,false],"medium_large":["https:\/\/agencia.unq.edu.ar\/wp-content\/uploads\/2022\/12\/Identidad-marron.jpg",768,310,false],"large":["https:\/\/agencia.unq.edu.ar\/wp-content\/uploads\/2022\/12\/Identidad-marron.jpg",1040,420,false],"1536x1536":["https:\/\/agencia.unq.edu.ar\/wp-content\/uploads\/2022\/12\/Identidad-marron.jpg",1040,420,false],"2048x2048":["https:\/\/agencia.unq.edu.ar\/wp-content\/uploads\/2022\/12\/Identidad-marron.jpg",1040,420,false]},"uagb_author_info":{"display_name":"Luciana Mazzini Puga","author_link":"https:\/\/agencia.unq.edu.ar\/?author=4"},"uagb_comment_info":0,"uagb_excerpt":"La organizaci\u00f3n civil busca visibilizar la discriminaci\u00f3n que sufren las poblaciones ind\u00edgenas, migrantes y campesinas en la cotidianeidad.","blog_post_layout_featured_media_urls":{"thumbnail":["https:\/\/agencia.unq.edu.ar\/wp-content\/uploads\/2022\/12\/Identidad-marron.jpg",150,61,false],"full":["https:\/\/agencia.unq.edu.ar\/wp-content\/uploads\/2022\/12\/Identidad-marron.jpg",1040,420,false]},"categories_names":{"16":{"name":"Noticia destacada","link":"https:\/\/agencia.unq.edu.ar\/?cat=16"},"363":{"name":"Sociedad","link":"https:\/\/agencia.unq.edu.ar\/?cat=363"}},"tags_names":{"458":{"name":"identidad marron","link":"https:\/\/agencia.unq.edu.ar\/?tag=identidad-marron"}},"comments_number":"0","_links":{"self":[{"href":"https:\/\/agencia.unq.edu.ar\/index.php?rest_route=\/wp\/v2\/posts\/9564","targetHints":{"allow":["GET"]}}],"collection":[{"href":"https:\/\/agencia.unq.edu.ar\/index.php?rest_route=\/wp\/v2\/posts"}],"about":[{"href":"https:\/\/agencia.unq.edu.ar\/index.php?rest_route=\/wp\/v2\/types\/post"}],"author":[{"embeddable":true,"href":"https:\/\/agencia.unq.edu.ar\/index.php?rest_route=\/wp\/v2\/users\/4"}],"replies":[{"embeddable":true,"href":"https:\/\/agencia.unq.edu.ar\/index.php?rest_route=%2Fwp%2Fv2%2Fcomments&post=9564"}],"version-history":[{"count":2,"href":"https:\/\/agencia.unq.edu.ar\/index.php?rest_route=\/wp\/v2\/posts\/9564\/revisions"}],"predecessor-version":[{"id":9644,"href":"https:\/\/agencia.unq.edu.ar\/index.php?rest_route=\/wp\/v2\/posts\/9564\/revisions\/9644"}],"wp:featuredmedia":[{"embeddable":true,"href":"https:\/\/agencia.unq.edu.ar\/index.php?rest_route=\/wp\/v2\/media\/9562"}],"wp:attachment":[{"href":"https:\/\/agencia.unq.edu.ar\/index.php?rest_route=%2Fwp%2Fv2%2Fmedia&parent=9564"}],"wp:term":[{"taxonomy":"category","embeddable":true,"href":"https:\/\/agencia.unq.edu.ar\/index.php?rest_route=%2Fwp%2Fv2%2Fcategories&post=9564"},{"taxonomy":"post_tag","embeddable":true,"href":"https:\/\/agencia.unq.edu.ar\/index.php?rest_route=%2Fwp%2Fv2%2Ftags&post=9564"}],"curies":[{"name":"wp","href":"https:\/\/api.w.org\/{rel}","templated":true}]}}